{"id":27742,"date":"2023-07-19T13:42:57","date_gmt":"2023-07-19T11:42:57","guid":{"rendered":"http:\/\/www.psib-psoe.org\/mallorca\/?p=27742"},"modified":"2023-07-19T13:42:57","modified_gmt":"2023-07-19T11:42:57","slug":"cladera-posa-de-manifest-que-galmes-ha-nomenat-el-mateix-nombre-dalts-carrecs-al-consell-que-ell-va-criticar-al-govern-socialista-a-linici-de-la-passada-legislatura","status":"publish","type":"post","link":"https:\/\/www.psib-psoe.org\/mallorca\/cladera-posa-de-manifest-que-galmes-ha-nomenat-el-mateix-nombre-dalts-carrecs-al-consell-que-ell-va-criticar-al-govern-socialista-a-linici-de-la-passada-legislatura\/","title":{"rendered":"Cladera posa de manifest que Galm\u00e9s ha nomenat \u201cel mateix nombre d\u2019alts c\u00e0rrecs\u201d al Consell que ell va criticar al govern socialista a l\u2019inici de la passada legislatura"},"content":{"rendered":"<div class=\"wpb-content-wrapper\">[vc_row][vc_column][vc_single_image image=&#8221;27743&#8243; img_size=&#8221;full&#8221; alignment=&#8221;center&#8221;][\/vc_column][\/vc_row][vc_row][vc_column][vc_column_text]<em><u>La portaveu del Grup Socialista al Consell ha apuntat que l\u2019actual equip de Govern PP VOX al Consell consta de 51 membres, una xifra similar a la dels alts c\u00e0rrecs del govern entre 2019 i 2023<\/u><\/em>[\/vc_column_text][\/vc_column][\/vc_row][vc_row][vc_column width=&#8221;1\/2&#8243;][vc_column_text]Ple extraordinari d\u2019organitzaci\u00f3 al Consell de Mallorca en qu\u00e8 s\u2019han donat compte dels nomenaments del nou govern que pertanyen a la nova legislatura. En aquest punt la portaveu del Grup de Consellers Socialistes al Consell ha fet veure que els nomenaments de l\u2019actual govern PP VOX sota la presid\u00e8ncia de Lloren\u00e7 Galm\u00e9s: \u201cvost\u00e8 ha nomenat fins ara 51 alts c\u00e0rrecs que \u00e9s gaireb\u00e9 la mateixa quantitat que nosaltres v\u00e0rem nomenar fa quatre anys\u201d ha dit Cladera.<\/p>\n<p>En el recompte d\u2019alts c\u00e0rrecs de l\u2019actual legislatura, el pacte PP VOX ha empleat 51 persones, president, 2 vicepresid\u00e8ncies, 6 consellers, 7 secretaris t\u00e8cnics, 33 directors insulars i una vicepresid\u00e8ncia de l\u2019IMAS, a m\u00e9s de la pla\u00e7a de ger\u00e8ncia d\u2019aquest Institut que divendres passat va ser anunciada de manera extempor\u00e0nia. \u201cFa quatre anys nosaltres \u00e8rem 52, vost\u00e8s ara 51 i segur que anirem veient noves incorporacions\u201d, ha dit Cladera.<\/p>\n<p>L\u2019organigrama de govern del Consell en la present legislatura compta amb un departament menys que en l\u2019anterior, per\u00f2 t\u00e9 la mateixa xifra de direccions insulars que l\u2019administraci\u00f3 sortint: 33, i s\u2019han designat tres places de consellers no electes, persones que no han obtingut acta de conseller, per\u00f2 que ocuparan pla\u00e7a com a consellers executius. La passada legislatura foren dues les actes de consellers no electes que es van habilitar, per la qual cosa \u201cper aqu\u00ed tampoc hi ha cap estalvi\u201d, ha dit Cladera.<\/p>\n<p>La suma de la massa salarial de l\u2019equip directiu de l\u2019actual Consell i dels seus assessors \u00e9s de gaireb\u00e9 3.500.000 euros anuals, 14 milions d\u2019euros per a tota la legislatura, com ha assenyalat Cladera, la mateixa xifra que ha suposat la n\u00f2mina de l\u2019anterior equip.[\/vc_column_text][\/vc_column][vc_column width=&#8221;1\/2&#8243;][vc_column_text]La portaveu socialista ha lamentat el canvi de posici\u00f3 de Galm\u00e9s, de fa quatre anys quan estava a l\u2019oposici\u00f3, a ara que governa, en relaci\u00f3 al nomenament d\u2019alts c\u00e0rrecs: \u201cvost\u00e8 fa ara all\u00f2 que ens criticava fa quatre anys, demostra manca de coher\u00e8ncia\u201d.<\/p>\n<p>Cladera ha recordat que Galm\u00e9s defensava un Consell amb 28 alts c\u00e0rrecs com en l\u2019etapa del govern del PP entre 2011 i 2015. Cladera ha reclamat \u201crespecte i dignitat\u201d a Galm\u00e9s\u00a0 per que \u201cdurant quatre anys ens ha acusat de malbaratar diners p\u00fablics per contractar els nostres amics al Consell, i ara vost\u00e8 fa el mateix. Ens hauria de demanar disculpes\u201d ha dit Cladera en relaci\u00f3 a la desconsideraci\u00f3 de Galm\u00e8s cap a l\u2019equip de govern de Consell en repetides ocasions durant la passada legislatura.<\/p>\n<p>\u201c\u00c9s evident que el Consell de Mallorca necessita gent al pont de comandament per a gestionar totes les seves compet\u00e8ncies i oferir un bon servei a la ciutadania\u201d, ha apuntat Cladera. \u201cNosaltres sempre ho hem cregut aix\u00ed, vost\u00e8 \u00e9s el que ha hagut de canviar de criteri, per que ara governa i s\u2019adona del seu error anterior\u201d.[\/vc_column_text][\/vc_column][\/vc_row]\n<\/div>","protected":false},"excerpt":{"rendered":"<p>[vc_row][vc_column][vc_single_image image=&#8221;27743&#8243; img_size=&#8221;full&#8221; alignment=&#8221;center&#8221;][\/vc_column][\/vc_row][vc_row][vc_column][vc_column_text]La portaveu del Grup Socialista al Consell ha apuntat que l\u2019actual equip de Govern PP VOX al Consell consta de 51 membres, una xifra similar a la dels alts c\u00e0rrecs del govern entre 2019 i 2023[\/vc_column_text][\/vc_column][\/vc_row][vc_row][vc_column width=&#8221;1\/2&#8243;][vc_column_text]Ple extraordinari d\u2019organitzaci\u00f3 al Consell de Mallorca en qu\u00e8 s\u2019han donat compte dels nomenaments del nou&hellip;<\/p>\n","protected":false},"author":6,"featured_media":27743,"comment_status":"open","ping_status":"open","sticky":false,"template":"","format":"standard","meta":{"footnotes":""},"categories":[89,92],"tags":[105,83,84],"class_list":["post-27742","post","type-post","status-publish","format-standard","has-post-thumbnail","hentry","category-consell-de-mallorca","category-portada","tag-catalina-cladera","tag-consell-de-mallorca","tag-psib-psoe"],"_links":{"self":[{"href":"https:\/\/www.psib-psoe.org\/mallorca\/wp-json\/wp\/v2\/posts\/27742"}],"collection":[{"href":"https:\/\/www.psib-psoe.org\/mallorca\/wp-json\/wp\/v2\/posts"}],"about":[{"href":"https:\/\/www.psib-psoe.org\/mallorca\/wp-json\/wp\/v2\/types\/post"}],"author":[{"embeddable":true,"href":"https:\/\/www.psib-psoe.org\/mallorca\/wp-json\/wp\/v2\/users\/6"}],"replies":[{"embeddable":true,"href":"https:\/\/www.psib-psoe.org\/mallorca\/wp-json\/wp\/v2\/comments?post=27742"}],"version-history":[{"count":0,"href":"https:\/\/www.psib-psoe.org\/mallorca\/wp-json\/wp\/v2\/posts\/27742\/revisions"}],"wp:featuredmedia":[{"embeddable":true,"href":"https:\/\/www.psib-psoe.org\/mallorca\/wp-json\/wp\/v2\/media\/27743"}],"wp:attachment":[{"href":"https:\/\/www.psib-psoe.org\/mallorca\/wp-json\/wp\/v2\/media?parent=27742"}],"wp:term":[{"taxonomy":"category","embeddable":true,"href":"https:\/\/www.psib-psoe.org\/mallorca\/wp-json\/wp\/v2\/categories?post=27742"},{"taxonomy":"post_tag","embeddable":true,"href":"https:\/\/www.psib-psoe.org\/mallorca\/wp-json\/wp\/v2\/tags?post=27742"}],"curies":[{"name":"wp","href":"https:\/\/api.w.org\/{rel}","templated":true}]}}