{"id":27767,"date":"2023-08-03T09:26:03","date_gmt":"2023-08-03T07:26:03","guid":{"rendered":"http:\/\/www.psib-psoe.org\/mallorca\/?p=27767"},"modified":"2023-08-03T09:26:03","modified_gmt":"2023-08-03T07:26:03","slug":"el-grup-de-consellers-socialistes-sollicita-la-convocatoria-urgent-de-la-comissio-de-mobilitat-del-consell-de-mallorca","status":"publish","type":"post","link":"https:\/\/www.psib-psoe.org\/mallorca\/el-grup-de-consellers-socialistes-sollicita-la-convocatoria-urgent-de-la-comissio-de-mobilitat-del-consell-de-mallorca\/","title":{"rendered":"El Grup de Consellers Socialistes sol\u00b7licita la convocat\u00f2ria urgent de la Comissi\u00f3 de Mobilitat del Consell de Mallorca."},"content":{"rendered":"<div class=\"wpb-content-wrapper\">[vc_row][vc_column][vc_single_image image=&#8221;27755&#8243; img_size=&#8221;full&#8221; alignment=&#8221;center&#8221;][\/vc_column][\/vc_row][vc_row][vc_column][vc_column_text]<em><u>L\u2019objecte de la reuni\u00f3 \u00e9s la compareixen\u00e7a del conseller de Territori, Mobilitat i Infrastructures per donar compte dels moviments fets durant els darrers dies amb l\u2019objecte d\u2019eliminar el carril BUS VAO de la Ma19.<\/u><\/em>[\/vc_column_text][\/vc_column][\/vc_row][vc_row][vc_column width=&#8221;1\/2&#8243;][vc_column_text]El Grup de Consellers Socialistes han registrat la petici\u00f3 de convocat\u00f2ria de la Comissi\u00f3 de Mobilitat del Consell de Mallorca, l\u2019ens que preveu la Instituci\u00f3 insular per poder tenir coneixement de temes relacionats amb aquest departament. El motiu de la sol\u00b7licitud es la confusi\u00f3 p\u00fablica que s\u2019ha causat d\u2019en\u00e7\u00e0 el passat dilluns a l\u2018entorn de les passes que estaria executant el Consell de Mallorca per a l\u2019eliminaci\u00f3 del carril BUS VAO de la MA19, i m\u00e9s en concret per les declaracions p\u00fabliques fetes pel responsable del departament, Fernando Rubio Aguil\u00f3.<\/p>\n<p>La difusi\u00f3 de dades discordants i confuses amb l\u2019objectiu del desprestigi de l\u2019anterior govern del Consell ha generat pol\u00e8mica, tenint en compte que algunes de les observacions del sr. Rubio Aguil\u00f3 han obtingut el desmentit directe de fonts del mateix Ministeri de Transport, Mobilitat i Agenda Urbana, com de la Direcci\u00f3 General de Tr\u00e0nsit.[\/vc_column_text][\/vc_column][vc_column width=&#8221;1\/2&#8243;][vc_column_text]El Grup de Consellers Socialistes en cap cas ha rebut informaci\u00f3 per cap dels conductes oficials de la Instituci\u00f3 de la tramitaci\u00f3 iniciada, ni tampoc de l\u2019informe intern signat el passat dia 1 pel coordinador del Servei d\u2019Infraestructures del Consell, sobre el funcionament de la mesura.<\/p>\n<p>Per tot aix\u00f2 el GCS creu imprescindible i necessari que el sr. Rubio Aguil\u00f3 es posi a disposici\u00f3 de la Comissi\u00f3 de Mobilitat el m\u00e9s aviat possible per aclarir tots els dubtes generats per la seva actuaci\u00f3 en relaci\u00f3 a l\u2019eliminaci\u00f3 del carril BUS VAO.[\/vc_column_text][\/vc_column][\/vc_row]\n<\/div>","protected":false},"excerpt":{"rendered":"<p>[vc_row][vc_column][vc_single_image image=&#8221;27755&#8243; img_size=&#8221;full&#8221; alignment=&#8221;center&#8221;][\/vc_column][\/vc_row][vc_row][vc_column][vc_column_text]L\u2019objecte de la reuni\u00f3 \u00e9s la compareixen\u00e7a del conseller de Territori, Mobilitat i Infrastructures per donar compte dels moviments fets durant els darrers dies amb l\u2019objecte d\u2019eliminar el carril BUS VAO de la Ma19.[\/vc_column_text][\/vc_column][\/vc_row][vc_row][vc_column width=&#8221;1\/2&#8243;][vc_column_text]El Grup de Consellers Socialistes han registrat la petici\u00f3 de convocat\u00f2ria de la Comissi\u00f3 de Mobilitat del Consell&hellip;<\/p>\n","protected":false},"author":3,"featured_media":27755,"comment_status":"open","ping_status":"open","sticky":false,"template":"","format":"standard","meta":{"footnotes":""},"categories":[89,1,92],"tags":[105,83,84],"class_list":["post-27767","post","type-post","status-publish","format-standard","has-post-thumbnail","hentry","category-consell-de-mallorca","category-federacio-de-mallorca-portada","category-portada","tag-catalina-cladera","tag-consell-de-mallorca","tag-psib-psoe"],"_links":{"self":[{"href":"https:\/\/www.psib-psoe.org\/mallorca\/wp-json\/wp\/v2\/posts\/27767"}],"collection":[{"href":"https:\/\/www.psib-psoe.org\/mallorca\/wp-json\/wp\/v2\/posts"}],"about":[{"href":"https:\/\/www.psib-psoe.org\/mallorca\/wp-json\/wp\/v2\/types\/post"}],"author":[{"embeddable":true,"href":"https:\/\/www.psib-psoe.org\/mallorca\/wp-json\/wp\/v2\/users\/3"}],"replies":[{"embeddable":true,"href":"https:\/\/www.psib-psoe.org\/mallorca\/wp-json\/wp\/v2\/comments?post=27767"}],"version-history":[{"count":0,"href":"https:\/\/www.psib-psoe.org\/mallorca\/wp-json\/wp\/v2\/posts\/27767\/revisions"}],"wp:featuredmedia":[{"embeddable":true,"href":"https:\/\/www.psib-psoe.org\/mallorca\/wp-json\/wp\/v2\/media\/27755"}],"wp:attachment":[{"href":"https:\/\/www.psib-psoe.org\/mallorca\/wp-json\/wp\/v2\/media?parent=27767"}],"wp:term":[{"taxonomy":"category","embeddable":true,"href":"https:\/\/www.psib-psoe.org\/mallorca\/wp-json\/wp\/v2\/categories?post=27767"},{"taxonomy":"post_tag","embeddable":true,"href":"https:\/\/www.psib-psoe.org\/mallorca\/wp-json\/wp\/v2\/tags?post=27767"}],"curies":[{"name":"wp","href":"https:\/\/api.w.org\/{rel}","templated":true}]}}