{"id":27770,"date":"2023-08-04T14:29:11","date_gmt":"2023-08-04T12:29:11","guid":{"rendered":"http:\/\/www.psib-psoe.org\/mallorca\/?p=27770"},"modified":"2023-08-04T15:30:20","modified_gmt":"2023-08-04T13:30:20","slug":"els-batles-socialistes-de-mallorca-critiquen-la-manca-de-rigor-i-serietat-del-govern-per-anunciar-la-gratuitat-a-leducacio-0-3-anys-sense-pressupost-ni-reglaments-daplicacio","status":"publish","type":"post","link":"https:\/\/www.psib-psoe.org\/mallorca\/els-batles-socialistes-de-mallorca-critiquen-la-manca-de-rigor-i-serietat-del-govern-per-anunciar-la-gratuitat-a-leducacio-0-3-anys-sense-pressupost-ni-reglaments-daplicacio\/","title":{"rendered":"Els batles socialistes de Mallorca critiquen la manca de rigor i serietat del Govern per anunciar la gratu\u00eftat a l\u2019educaci\u00f3 0-3 anys \u201csense pressupost ni reglaments d\u2019aplicaci\u00f3\u201d."},"content":{"rendered":"<div class=\"wpb-content-wrapper\">[vc_row][vc_column][vc_single_image image=&#8221;27771&#8243; img_size=&#8221;full&#8221; alignment=&#8221;center&#8221;][\/vc_column][\/vc_row][vc_row][vc_column][vc_column_text]<em><u>Primera convocat\u00f2ria de l\u2019Assemblea de Batles i Batlesses de Mallorca de la legislatura, en la qual el batle d\u2019Inca Virgilio Moreno n\u2019ocupar\u00e0 la vicepresid\u00e8ncia durant els dos darrers anys del mandat.<\/u><\/em><\/p>\n<p><em><u>\u00a0<\/u><\/em><em><u>Els socialistes de Mallorca estan representats a l\u2019Assemblea per les primeres vares d\u2019Inca, Art\u00e0, Santa Eug\u00e8nia, Puigpunyent, Algaida, Pollen\u00e7a i Consell. <\/u><\/em>[\/vc_column_text][\/vc_column][\/vc_row][vc_row][vc_column width=&#8221;1\/2&#8243;][vc_column_text]Els batles dels set municipis de Mallorca que tenen batle o batlessa socialista han coincidit, dins del marc de l\u2019Assemblea de Batles i Batlesses de Mallorca, en demanar al Consell empara davant del Govern per aconseguir major concreci\u00f3 per aplicar l\u2019anunciada gratu\u00eftat de l\u2019etapa educativa 0-3 anys a tots els municipis de Mallorca.<\/p>\n<p>\u201cHem demanat al Consell que faci arribar al Govern que els tots municipis necessitem saber com es podr\u00e0 cobrir la nostra xarxa assistencial\u201d de la qual depenen els centres educatius municipals de 0-3 anys. \u201c\u00c9s un tema que ens afecta a tots els batles i batlesses\u201d, ha dit Urraca \u201ci tenim molts de dubtes i consultes que hem de resoldre\u201d abans del mes de setembre en qu\u00e8 s\u2019inicia el nou curs.<\/p>\n<p>El batle de Santa Eug\u00e8nia i portaveu socialista a l\u2019Assemblea, Josep Llu\u00eds Urraca, ha alertat de la \u201cimpossibilitat que tenim tots els municipis de Mallorca\u201d per aplicar una norma que ha anunciat el Govern per bonificar a les fam\u00edlies el cost de l\u2019etapa educativa 0-3 anys. Un anunci realitzat sense con\u00e8ixer les condicions d\u2019aplicaci\u00f3 de la norma ni les seves repercussions econ\u00f2miques.[\/vc_column_text][\/vc_column][vc_column width=&#8221;1\/2&#8243;][vc_column_text]L\u2019anunci del Govern per ampliar la gratu\u00eftat actual de l\u2019etapa educativa de 2-3 anys fins els 0-3 anys \u201cno disposa de pressupost ni de reglaments d\u2019aplicaci\u00f3\u201d, i per tant en aquestes condicions \u00e9s impossible garantir a les fam\u00edlies que des del mes de setembre es podr\u00e0 bonificar, \u201cper que els ajuntaments de tots els colors pol\u00edtics no sabem com hem d\u2019actuar\u201d.<\/p>\n<p><strong>Virgilio Moreno escollit vicepresident de l\u2019Assemblea<\/strong><\/p>\n<p>A la sessi\u00f3 de l\u2019Assemblea de Batles i Batlesses de Mallorca, a la qual hi ha assistit la portaveu del Grup de Consellers Socialistes del Consell de Mallorca, Catalina Cladera, s\u2019han escollit els membres de la mesa. El batle d\u2019Inca, Virgilio Moreno en ser\u00e0 vocal els dos primers anys de legislatura, i passar\u00e0 a ser-ne el vicepresident durant els dos darrers, segons l\u2019acord un\u00e0nime que s\u2019ha conegut avui.[\/vc_column_text][\/vc_column][\/vc_row]\n<\/div>","protected":false},"excerpt":{"rendered":"<p>[vc_row][vc_column][vc_single_image image=&#8221;27771&#8243; img_size=&#8221;full&#8221; alignment=&#8221;center&#8221;][\/vc_column][\/vc_row][vc_row][vc_column][vc_column_text]Primera convocat\u00f2ria de l\u2019Assemblea de Batles i Batlesses de Mallorca de la legislatura, en la qual el batle d\u2019Inca Virgilio Moreno n\u2019ocupar\u00e0 la vicepresid\u00e8ncia durant els dos darrers anys del mandat. \u00a0Els socialistes de Mallorca estan representats a l\u2019Assemblea per les primeres vares d\u2019Inca, Art\u00e0, Santa Eug\u00e8nia, Puigpunyent, Algaida, Pollen\u00e7a i Consell.&hellip;<\/p>\n","protected":false},"author":3,"featured_media":27771,"comment_status":"open","ping_status":"open","sticky":false,"template":"","format":"standard","meta":{"footnotes":""},"categories":[89,1,90,92],"tags":[293,262,105,83,477,423,430,288,84,329],"class_list":["post-27770","post","type-post","status-publish","format-standard","has-post-thumbnail","hentry","category-consell-de-mallorca","category-federacio-de-mallorca-portada","category-municipis","category-portada","tag-andreu-isern","tag-antoni-mari","tag-catalina-cladera","tag-consell-de-mallorca","tag-manolo-galan","tag-marga-fullana","tag-marti-march","tag-pep-lluis-urraca","tag-psib-psoe","tag-virgilio-moreno"],"_links":{"self":[{"href":"https:\/\/www.psib-psoe.org\/mallorca\/wp-json\/wp\/v2\/posts\/27770"}],"collection":[{"href":"https:\/\/www.psib-psoe.org\/mallorca\/wp-json\/wp\/v2\/posts"}],"about":[{"href":"https:\/\/www.psib-psoe.org\/mallorca\/wp-json\/wp\/v2\/types\/post"}],"author":[{"embeddable":true,"href":"https:\/\/www.psib-psoe.org\/mallorca\/wp-json\/wp\/v2\/users\/3"}],"replies":[{"embeddable":true,"href":"https:\/\/www.psib-psoe.org\/mallorca\/wp-json\/wp\/v2\/comments?post=27770"}],"version-history":[{"count":0,"href":"https:\/\/www.psib-psoe.org\/mallorca\/wp-json\/wp\/v2\/posts\/27770\/revisions"}],"wp:featuredmedia":[{"embeddable":true,"href":"https:\/\/www.psib-psoe.org\/mallorca\/wp-json\/wp\/v2\/media\/27771"}],"wp:attachment":[{"href":"https:\/\/www.psib-psoe.org\/mallorca\/wp-json\/wp\/v2\/media?parent=27770"}],"wp:term":[{"taxonomy":"category","embeddable":true,"href":"https:\/\/www.psib-psoe.org\/mallorca\/wp-json\/wp\/v2\/categories?post=27770"},{"taxonomy":"post_tag","embeddable":true,"href":"https:\/\/www.psib-psoe.org\/mallorca\/wp-json\/wp\/v2\/tags?post=27770"}],"curies":[{"name":"wp","href":"https:\/\/api.w.org\/{rel}","templated":true}]}}