{"id":27806,"date":"2023-08-27T12:31:10","date_gmt":"2023-08-27T10:31:10","guid":{"rendered":"http:\/\/www.psib-psoe.org\/mallorca\/?p=27806"},"modified":"2023-08-27T12:33:33","modified_gmt":"2023-08-27T10:33:33","slug":"els-socialistes-de-mallorca-condemnen-les-actuacions-del-president-de-la-real-federacio-espanyola-de-futbol-rfef-luis-rubiales-i-reclamen-a-lequip-de-govern-del-consell-de-mallorca-que-tam","status":"publish","type":"post","link":"https:\/\/www.psib-psoe.org\/mallorca\/els-socialistes-de-mallorca-condemnen-les-actuacions-del-president-de-la-real-federacio-espanyola-de-futbol-rfef-luis-rubiales-i-reclamen-a-lequip-de-govern-del-consell-de-mallorca-que-tam\/","title":{"rendered":"Els socialistes de Mallorca condemnen les actuacions del president de la Real Federaci\u00f3 Espanyola de Futbol (RFEF), Luis Rubiales i reclamen a l\u2019equip de govern del Consell de Mallorca que tamb\u00e9 condemni aquests fets"},"content":{"rendered":"<div class=\"wpb-content-wrapper\">[vc_row][vc_column][vc_single_image image=&#8221;27755&#8243; img_size=&#8221;full&#8221; alignment=&#8221;center&#8221;][\/vc_column][\/vc_row][vc_row][vc_column][vc_column_text]<em><u>Els socialistes de Mallorca presentaran una declaraci\u00f3 institucional al Consell de Mallorca i a diferents Ajuntaments de Mallorca per condemnar aquests fets<\/u><\/em>[\/vc_column_text][\/vc_column][\/vc_row][vc_row][vc_column][vc_column_text]El Grup Socialista al Consell de Mallorca ha volgut expressar la seva total condemna a les actuacions del president de la Real Federaci\u00f3 Espanyola de Futbol (RFEF), Luis Rubiales, tant a la celebraci\u00f3 pel mundial aconseguit per la selecci\u00f3 femenina de futbol (fets coneguts per tots) com per l\u2019actitud que va mostrar Rubiales en la roda de premsa del divendres 25 d\u2019agost.<\/p>\n<p>A part de condemnar els fets, els socialistes de Mallorca reclamen a l\u2019actual equip de govern del Consell de Mallorca (format pel pacte PP-VOX) que tamb\u00e9 condemni p\u00fablicament aquests fets. Per aix\u00f2, els socialistes de Mallorca presentaran una declaraci\u00f3 institucional al Consell de Mallorca. Tamb\u00e9 ho faran a diferents ajuntaments de Mallorca. A m\u00e9s dels equips de govern, els socialistes demanaran a tots els grups pol\u00edtics que tamb\u00e9 es posicionin i es sumin a la declaraci\u00f3 institucional.<\/p>\n<p>Els socialistes han remarcat que \u201cel president del Consell de Mallorca, Lloren\u00e7 Galm\u00e9s, va demostrar estar molt content a la recepci\u00f3 de Cata Coll i Mariona Caldentey com a campiones del m\u00f3n. No es va llevar la camiseta de la selecci\u00f3. Ara \u00e9s el moment de demostrar aquest suport a la selecci\u00f3 que va mostrar i pronunciar-se en favor de les jugadores\u201d.<\/p>\n<p>Des del Grup Socialista al Consell de Mallorca, han afegit que \u201cvolem mostrar el nostre suport al moviment feminista i a totes les persones que lluiten per la igualtat de g\u00e8nere en l&#8217;esport i en la societat en general. \u00c9s necessari que es prenguin mesures per a erradicar la discriminaci\u00f3 i el masclisme en totes les seves formes i manifestacions, i que es promogui una cultura esportiva basada en la igualtat i el respecte\u201d.<\/p>\n<p>Finalment, han destacat la \u201cvalentia i exemple de superaci\u00f3\u201d de les jugadores mallorquines, Cata Coll i Mariona Caldentey, que s\u00f3n \u201cmostra d\u2019orgull illenc i\u00a0 han demostrat el seu talent i el seu comprom\u00eds en el m\u00f3n del futbol femen\u00ed malgrat les dificultats i les barreres que han hagut d&#8217;enfrontar\u201d.[\/vc_column_text][\/vc_column][\/vc_row][vc_row][vc_column][vc_empty_space height=&#8221;50px&#8221;][vc_column_text]\n<h3 style=\"color: #e30613;\"><span class=\"bold\">Recursos addicionals<\/span><\/h3>\n[\/vc_column_text][vc_separator color=&#8221;custom&#8221; align=&#8221;align_left&#8221; border_width=&#8221;3&#8243; el_width=&#8221;10&#8243; accent_color=&#8221;#e30613&#8243;][vc_empty_space height=&#8221;50px&#8221;][vc_column_text]\n<ul>\n<li><a href=\"http:\/\/www.psib-psoe.org\/mallorca\/wp-content\/uploads\/Declaracio\u0301-Institucional-.pdf\" target=\"_blank\" rel=\"noopener noreferrer\">Declaraci\u00f3 Institucional<\/a><\/li>\n<\/ul>\n[\/vc_column_text][vc_empty_space height=&#8221;50px&#8221;][\/vc_column][\/vc_row]\n<\/div>","protected":false},"excerpt":{"rendered":"<p>[vc_row][vc_column][vc_single_image image=&#8221;27755&#8243; img_size=&#8221;full&#8221; alignment=&#8221;center&#8221;][\/vc_column][\/vc_row][vc_row][vc_column][vc_column_text]Els socialistes de Mallorca presentaran una declaraci\u00f3 institucional al Consell de Mallorca i a diferents Ajuntaments de Mallorca per condemnar aquests fets[\/vc_column_text][\/vc_column][\/vc_row][vc_row][vc_column][vc_column_text]El Grup Socialista al Consell de Mallorca ha volgut expressar la seva total condemna a les actuacions del president de la Real Federaci\u00f3 Espanyola de Futbol (RFEF), Luis Rubiales, tant a&hellip;<\/p>\n","protected":false},"author":6,"featured_media":27755,"comment_status":"open","ping_status":"open","sticky":false,"template":"","format":"standard","meta":{"footnotes":""},"categories":[89,92],"tags":[105,83,486,84,487],"class_list":["post-27806","post","type-post","status-publish","format-standard","has-post-thumbnail","hentry","category-consell-de-mallorca","category-portada","tag-catalina-cladera","tag-consell-de-mallorca","tag-luis-rubiales","tag-psib-psoe","tag-rfef"],"_links":{"self":[{"href":"https:\/\/www.psib-psoe.org\/mallorca\/wp-json\/wp\/v2\/posts\/27806"}],"collection":[{"href":"https:\/\/www.psib-psoe.org\/mallorca\/wp-json\/wp\/v2\/posts"}],"about":[{"href":"https:\/\/www.psib-psoe.org\/mallorca\/wp-json\/wp\/v2\/types\/post"}],"author":[{"embeddable":true,"href":"https:\/\/www.psib-psoe.org\/mallorca\/wp-json\/wp\/v2\/users\/6"}],"replies":[{"embeddable":true,"href":"https:\/\/www.psib-psoe.org\/mallorca\/wp-json\/wp\/v2\/comments?post=27806"}],"version-history":[{"count":0,"href":"https:\/\/www.psib-psoe.org\/mallorca\/wp-json\/wp\/v2\/posts\/27806\/revisions"}],"wp:featuredmedia":[{"embeddable":true,"href":"https:\/\/www.psib-psoe.org\/mallorca\/wp-json\/wp\/v2\/media\/27755"}],"wp:attachment":[{"href":"https:\/\/www.psib-psoe.org\/mallorca\/wp-json\/wp\/v2\/media?parent=27806"}],"wp:term":[{"taxonomy":"category","embeddable":true,"href":"https:\/\/www.psib-psoe.org\/mallorca\/wp-json\/wp\/v2\/categories?post=27806"},{"taxonomy":"post_tag","embeddable":true,"href":"https:\/\/www.psib-psoe.org\/mallorca\/wp-json\/wp\/v2\/tags?post=27806"}],"curies":[{"name":"wp","href":"https:\/\/api.w.org\/{rel}","templated":true}]}}