{"id":27814,"date":"2023-09-01T12:45:34","date_gmt":"2023-09-01T10:45:34","guid":{"rendered":"http:\/\/www.psib-psoe.org\/mallorca\/?p=27814"},"modified":"2023-09-01T12:45:34","modified_gmt":"2023-09-01T10:45:34","slug":"els-socialistes-de-campanet-denuncien-que-lactual-equip-de-govern-ha-incomplert-el-conveni-collectiu-amb-els-treballadors-municipals","status":"publish","type":"post","link":"https:\/\/www.psib-psoe.org\/mallorca\/els-socialistes-de-campanet-denuncien-que-lactual-equip-de-govern-ha-incomplert-el-conveni-collectiu-amb-els-treballadors-municipals\/","title":{"rendered":"Els socialistes de Campanet denuncien que l\u2019actual equip de govern ha incomplert el conveni col\u00b7lectiu amb els treballadors municipals"},"content":{"rendered":"<div class=\"wpb-content-wrapper\">[vc_row][vc_column][vc_single_image image=&#8221;27815&#8243; img_size=&#8221;full&#8221; alignment=&#8221;center&#8221;][\/vc_column][\/vc_row][vc_row][vc_column][vc_raw_html]JTNDaWZyYW1lJTIwc3JjJTNEJTIyaHR0cHMlM0ElMkYlMkZ3d3cuaXZvb3guY29tJTJGcGxheWVyX2VqXzExNTI3ODc3MF82XzEuaHRtbCUzRmMxJTNEZTQwNDIyJTIyJTIwd2lkdGglM0QlMjIxMDAlMjUlMjIlMjBoZWlnaHQlM0QlMjIyMDAlMjIlMjBmcmFtZWJvcmRlciUzRCUyMjAlMjIlMjBhbGxvd2Z1bGxzY3JlZW4lM0QlMjIlMjIlMjBzY3JvbGxpbmclM0QlMjJubyUyMiUyMGxvYWRpbmclM0QlMjJsYXp5JTIyJTNFJTNDJTJGaWZyYW1lJTNF[\/vc_raw_html][\/vc_column][\/vc_row][vc_row][vc_column][vc_column_text]<i><u><span lang=\"CA\">Rosa Bestard: \u201cNo entenem que l\u2019actual equip de govern no compleixi amb l\u2019acord signat a l\u2019anterior legislatura en benefici dels treballadors municipals\u201d<\/span><\/u><\/i>[\/vc_column_text][\/vc_column][\/vc_row][vc_row][vc_column][vc_column_text]\n<p style=\"font-weight: 400;\">Els socialistes de Campanet han denunciat que l\u2019actual equip de govern no ha complert amb el conveni col\u00b7lectiu signat a l\u2019anterior legislatura, i aprovat per Plenari amb el suport de tots els partits, que concedeix ajudes econ\u00f2miques pels treballadors municipals que tinguin fills menors de 18 anys o que tinguin un nivell de catal\u00e0 superior a l\u2019exigit.<\/p>\n<p style=\"font-weight: 400;\">La portaveu del grup municipal socialista, Rosa Bestard ha expressat la seva \u201csorpresa i disconformitat\u201d despr\u00e9s que l\u2019actual equip de govern hagi susp\u00e8s cautelarment aquestes ajudes.<\/p>\n<p style=\"font-weight: 400;\">Bestard ha afegit que \u201cd\u2019aquesta forma, els treballadors i treballadores municipals perdran un dels principals drets econ\u00f2mics que tenien assolits amb aquest nou conveni\u201d. A m\u00e9s, ha reiterat la \u201cincoher\u00e8ncia\u201d d\u2019aquest fet, ja que \u201cM\u00c9S per Campanet va votar a favor del conveni l\u2019anterior legislatura, sense fer cap esmena\u201d.<\/p>\n<p style=\"font-weight: 400;\">Finalment, Bestard tamb\u00e9 ha denunciat que els treballadors i treballadores municipals encara no han cobrat les hores extres que han fet aquest estiu, fet que tamb\u00e9 perjudica econ\u00f2micament als empleats p\u00fablics, lamentant\u00a0 que \u201cpareix que el principal assoliment d\u2019aquest govern en els seus primers 90 dies haur\u00e0 estat perjudicar els treballadors i treballadores de l\u2019Ajuntament i desincentivar l\u2019aprenentatge del catal\u00e0\u201d.<\/p>\n[\/vc_column_text][\/vc_column][\/vc_row]\n<\/div>","protected":false},"excerpt":{"rendered":"<p>[vc_row][vc_column][vc_single_image image=&#8221;27815&#8243; img_size=&#8221;full&#8221; alignment=&#8221;center&#8221;][\/vc_column][\/vc_row][vc_row][vc_column][vc_raw_html]JTNDaWZyYW1lJTIwc3JjJTNEJTIyaHR0cHMlM0ElMkYlMkZ3d3cuaXZvb3guY29tJTJGcGxheWVyX2VqXzExNTI3ODc3MF82XzEuaHRtbCUzRmMxJTNEZTQwNDIyJTIyJTIwd2lkdGglM0QlMjIxMDAlMjUlMjIlMjBoZWlnaHQlM0QlMjIyMDAlMjIlMjBmcmFtZWJvcmRlciUzRCUyMjAlMjIlMjBhbGxvd2Z1bGxzY3JlZW4lM0QlMjIlMjIlMjBzY3JvbGxpbmclM0QlMjJubyUyMiUyMGxvYWRpbmclM0QlMjJsYXp5JTIyJTNFJTNDJTJGaWZyYW1lJTNF[\/vc_raw_html][\/vc_column][\/vc_row][vc_row][vc_column][vc_column_text]Rosa Bestard: \u201cNo entenem que l\u2019actual equip de govern no compleixi amb l\u2019acord signat a l\u2019anterior legislatura en benefici dels treballadors municipals\u201d[\/vc_column_text][\/vc_column][\/vc_row][vc_row][vc_column][vc_column_text] Els socialistes de Campanet han denunciat que l\u2019actual equip de govern no ha complert amb el conveni col\u00b7lectiu signat a l\u2019anterior legislatura, i aprovat per Plenari amb el suport de&hellip;<\/p>\n","protected":false},"author":6,"featured_media":27815,"comment_status":"open","ping_status":"open","sticky":false,"template":"","format":"standard","meta":{"footnotes":""},"categories":[90,92],"tags":[307,84,389,490],"class_list":["post-27814","post","type-post","status-publish","format-standard","has-post-thumbnail","hentry","category-municipis","category-portada","tag-campanet","tag-psib-psoe","tag-rosa-bestard","tag-socialistes-de-campanet"],"_links":{"self":[{"href":"https:\/\/www.psib-psoe.org\/mallorca\/wp-json\/wp\/v2\/posts\/27814"}],"collection":[{"href":"https:\/\/www.psib-psoe.org\/mallorca\/wp-json\/wp\/v2\/posts"}],"about":[{"href":"https:\/\/www.psib-psoe.org\/mallorca\/wp-json\/wp\/v2\/types\/post"}],"author":[{"embeddable":true,"href":"https:\/\/www.psib-psoe.org\/mallorca\/wp-json\/wp\/v2\/users\/6"}],"replies":[{"embeddable":true,"href":"https:\/\/www.psib-psoe.org\/mallorca\/wp-json\/wp\/v2\/comments?post=27814"}],"version-history":[{"count":0,"href":"https:\/\/www.psib-psoe.org\/mallorca\/wp-json\/wp\/v2\/posts\/27814\/revisions"}],"wp:featuredmedia":[{"embeddable":true,"href":"https:\/\/www.psib-psoe.org\/mallorca\/wp-json\/wp\/v2\/media\/27815"}],"wp:attachment":[{"href":"https:\/\/www.psib-psoe.org\/mallorca\/wp-json\/wp\/v2\/media?parent=27814"}],"wp:term":[{"taxonomy":"category","embeddable":true,"href":"https:\/\/www.psib-psoe.org\/mallorca\/wp-json\/wp\/v2\/categories?post=27814"},{"taxonomy":"post_tag","embeddable":true,"href":"https:\/\/www.psib-psoe.org\/mallorca\/wp-json\/wp\/v2\/tags?post=27814"}],"curies":[{"name":"wp","href":"https:\/\/api.w.org\/{rel}","templated":true}]}}