{"id":27819,"date":"2023-09-02T12:33:55","date_gmt":"2023-09-02T10:33:55","guid":{"rendered":"http:\/\/www.psib-psoe.org\/mallorca\/?p=27819"},"modified":"2023-09-02T13:14:23","modified_gmt":"2023-09-02T11:14:23","slug":"els-socialistes-de-mallorca-exigeixen-al-conseller-de-turisme-del-consell-que-comenci-a-treballar-en-benefici-de-tot-sector-i-la-cadena-de-valor-i-que-deixi-de-falsejar-lherencia-rebuda","status":"publish","type":"post","link":"https:\/\/www.psib-psoe.org\/mallorca\/els-socialistes-de-mallorca-exigeixen-al-conseller-de-turisme-del-consell-que-comenci-a-treballar-en-benefici-de-tot-sector-i-la-cadena-de-valor-i-que-deixi-de-falsejar-lherencia-rebuda\/","title":{"rendered":"Els socialistes de Mallorca exigeixen al conseller de Turisme del Consell que comenci a treballar en benefici de tot el sector i la cadena de valor i que deixi de falsejar l\u2019her\u00e8ncia rebuda."},"content":{"rendered":"<div class=\"wpb-content-wrapper\">[vc_row][vc_column][vc_single_image image=&#8221;27820&#8243; img_size=&#8221;full&#8221; alignment=&#8221;center&#8221;][\/vc_column][\/vc_row][vc_row][vc_column][vc_column_text]<em><u>\u201cSorpr\u00e8n que Jos\u00e9 Marcial Rodr\u00edguez no comenci a posar en valor el funcionament de l\u2019actual temporada tur\u00edstica en les seves declaracions\u201d, ha dit el conseller socialista Andreu Serra, qui ha defensat la feina feta durant la passada legislatura i ha demanat \u201cque es convoqui immediatament el Consell Assessor de la Fundaci\u00f3 Mallorca Turisme per con\u00e8ixer el full de ruta de la nova administraci\u00f3 i l\u2019estrat\u00e8gia promocional davant la proximitat de les grans fires tur\u00edstiques\u201d.<\/u><\/em>[\/vc_column_text][\/vc_column][\/vc_row][vc_row][vc_column][vc_column_text]El conseller socialista al Consell de Mallorca, Andreu Serra, exigeix que es deixi de falsejar la feina feta en mat\u00e8ria tur\u00edstica al Consell durant els darrers quatre anys, tant en mat\u00e8ria de promoci\u00f3 com d\u2019ordenaci\u00f3. Els socialistes aposten per la qualitat, el plantejament d\u2019un turisme sostenible, que convisqui amb els residents.<\/p>\n<p>\u201cSorpr\u00e8n que el conseller digui que vol reconduir l\u2019estrat\u00e8gia de promoci\u00f3 tur\u00edstica quan sap que nosaltres la v\u00e0rem consensuar amb tot el sector i que \u00e9s el full de ruta que fins i tot el PP va aprovar la passada legislatura\u201d ha afirmat Serra.<\/p>\n<p>L\u2019ex conseller de turisme del Consell creu que aquesta actitud \u201cdestructiva\u201d de la nova direcci\u00f3 pol\u00edtica de PPVOX contra l\u2019her\u00e8ncia rebuda en realitat pret\u00e9n amagar l\u2019abs\u00e8ncia de projecte de futur. \u201cNosaltres som els primers que donam temps a l\u2019equip de govern actual a qu\u00e8 inici\u00ef l\u2019actual legislatura i els seus projectes, per\u00f2 s\u00f3n ells que nom\u00e9s s\u2019escuden amb les her\u00e8ncies per amagar que encara no saben com encarar el projecte de futur de Mallorca\u201d.<\/p>\n<p>Serra tamb\u00e9 ha mostrat la seva estranyesa per que en cap de les seves manifestacions, la nova direcci\u00f3 tur\u00edstica del Consell de Mallorca hagi valorat la marxa de l\u2019actual temporada tur\u00edstica, un fet que fins i tot han fet fonts del sector. \u201cHem estat capa\u00e7os d\u2019allargar temporada i tenim uns resultats molt positius, no entenem que no es posi en valor els resultats actuals, que son fruit de la feina de tots i totes, administracions p\u00fabliques i sector\u201d.<\/p>\n<p>&nbsp;<\/p>\n<p><strong>Convocat\u00f2ria urgent del Consell Assessor de la FMT<\/strong><\/p>\n<p>Per tot aix\u00f2 \u00e9s urgent que es convoqui el Consell Assessor de turisme de la Fundaci\u00f3 Mallorca Turisme per tal de desenvolupar una estrat\u00e8gia conjunta en mat\u00e8ria tur\u00edstica a l\u2019illa. \u201cEls socialistes v\u00e0rem desenvolupar aquesta estrat\u00e8gia des de l\u2019inici de la passada legislatura\u201d ha dit Serra, que ha recordat que ens els primers mesos de mandat ja es va articular l\u2019estrat\u00e8gia <a href=\"http:\/\/www.nexmallorca.com\">www.nexmallorca.com<\/a> on es marcava el full de ruta del futur de Mallorca per part de tots els actors implicats, recondu\u00eft cap a la reactivaci\u00f3 econ\u00f2mica vinculada a la pand\u00e8mia i la COVID. Un full de ruta pactat amb tots els actors i amb un mandat clar que es va anar confirmant al llarg de tot el mandat.<\/p>\n<p>En aquest Consell Assessor tamb\u00e9 caldr\u00e0 con\u00e8ixer el plantejament promocional de la nova administraci\u00f3, en la pr\u00e8via de la celebraci\u00f3 de les grans fires tur\u00edstiques, o l\u2019estrat\u00e8gia que adopta en relaci\u00f3 a la pol\u00edtica d\u2019aliances estrat\u00e8giques que ha establert el Consell de Mallorca aquests darrers quatre anys amb l\u2019Organitzaci\u00f3 Mundial del Turisme, amb AMADEUS, amb els clubs de producte que marquen la promoci\u00f3 tur\u00edstica de la passada legislatura, i amb els mercats emissors (brit\u00e0nic, franc\u00e8s, alemany, espanyol, americ\u00e0 i escandinau).<\/p>\n<p>La manca de definici\u00f3 de projecte de la nova administraci\u00f3 en mat\u00e8ria de Turisme contrasta amb alguns detalls preocupants a l\u2019entorn del concepte tur\u00edstic. En primer lloc al voltant de la desestacionalitzaci\u00f3, com a un objectiu que ha recollit consens durant els darrers anys i que ara sembla en q\u00fcesti\u00f3. Aquest punt \u00e9s important per marcar estrat\u00e8gia en el r\u00e8gim d\u2019arribada de creuers tur\u00edstics.<\/p>\n<p>Tamb\u00e9 defineix molt b\u00e9 la nova etapa el fet que el m\u00e0xim responsable del turisme de Mallorca no hagi trobat temps per reunir-se amb els sindicats majoritaris ni amb les diferents patronals, m\u00e9s enll\u00e0 de la hotelera (ag\u00e8ncies de viatges, guies tur\u00edstics, restauraci\u00f3, etc). Queden clares quines s\u00f3n les prioritats del Consell en mat\u00e8ria tur\u00edstica i qui marcar\u00e0 el full de ruta.<\/p>\n<p>&nbsp;<\/p>\n<p><strong>Increment de la inspecci\u00f3, sanci\u00f3 i persecuci\u00f3 de l\u2019oferta il\u00b7legal\u00a0<\/strong><\/p>\n<p>Una conniv\u00e8ncia que es demostra amb la insinuaci\u00f3 de l\u2019exc\u00e9s (fals) d\u2019inspeccions tur\u00edstiques als hotels en detriment de l\u2019oferta il\u00b7legal. Preocupa la idea de controlar i de fiscalitzar la feina de la inspecci\u00f3 tur\u00edstica, que fins ara s\u2019ha basat en un Pla d\u2019inspeccions consensuat des d\u2019ordenaci\u00f3. Un pla que est\u00e0 en vigor i que s\u2019ha posat en marxa a partir de la recepci\u00f3 de les compet\u00e8ncies en la mat\u00e8ria d\u2019ordenaci\u00f3 a principis de 2022, que donava especial \u00e8mfasi en l\u2019oferta vacacional il\u00b7legal, per\u00f2 no deixava de banda la resta de l\u2019oferta tur\u00edstica: la sobre ocupaci\u00f3 als hotels, les condicions dels establiments, la sobre oferta als habitatges vacacionals etc.<\/p>\n<p>El lloguer vacacional il\u00b7legal, sobretot a Palma, ha estat el principal objectiu de la feina d\u2019inspecci\u00f3 amb m\u00e9s inspeccions i expedients sancionadors que mai. En el trasp\u00e0s de poder del passat mes de juliol es va incidir en l\u2019acord imminent amb la Fundaci\u00f3 Universitat Empresa de la UIB i el Consell per tal de poder geo-localitzar els pisos vacacionals il\u00b7legals. SI en tot 2022 es varen fer 245 inspeccions a possibles habitatges vacacionals il\u00b7legals a Palma aixecant 116 actes, nom\u00e9s els primers 6 mesos de 2023 es van realitzar gaireb\u00e9 300. Per tant gaireb\u00e9 es van duplicar els esfor\u00e7os, gr\u00e0cies a l\u2019increment en inspecci\u00f3. Des de gener de 2022 s\u2019han resolt m\u00e9s de 400 expedients sancionadors, simplificant al m\u00e0xim els tr\u00e0mits. Amb aix\u00f2 s\u2019ha aconseguit major efici\u00e8ncia en el cobrament de les sancions.<\/p>\n<p>\u201cPosar en dubte tot aix\u00f2 \u00e9s una mala praxi del nou conseller que simplement manifesta una gran desorientaci\u00f3 en el moment actual, i s\u2019escuda amb la cr\u00edtica injusta a l\u2019her\u00e8ncia rebuda i que afecta a la feina dels funcionaris que t\u00e9 al seu departament\u201d ha concl\u00f2s Andreu Serra.[\/vc_column_text][\/vc_column][\/vc_row]\n<\/div>","protected":false},"excerpt":{"rendered":"<p>[vc_row][vc_column][vc_single_image image=&#8221;27820&#8243; img_size=&#8221;full&#8221; alignment=&#8221;center&#8221;][\/vc_column][\/vc_row][vc_row][vc_column][vc_column_text]\u201cSorpr\u00e8n que Jos\u00e9 Marcial Rodr\u00edguez no comenci a posar en valor el funcionament de l\u2019actual temporada tur\u00edstica en les seves declaracions\u201d, ha dit el conseller socialista Andreu Serra, qui ha defensat la feina feta durant la passada legislatura i ha demanat \u201cque es convoqui immediatament el Consell Assessor de la Fundaci\u00f3 Mallorca&hellip;<\/p>\n","protected":false},"author":3,"featured_media":27820,"comment_status":"open","ping_status":"open","sticky":false,"template":"","format":"standard","meta":{"footnotes":""},"categories":[89,2,1,92],"tags":[343,83,84,109],"class_list":["post-27819","post","type-post","status-publish","format-standard","has-post-thumbnail","hentry","category-consell-de-mallorca","category-federacio-de-mallorca","category-federacio-de-mallorca-portada","category-portada","tag-andreu-serra","tag-consell-de-mallorca","tag-psib-psoe","tag-turisme"],"_links":{"self":[{"href":"https:\/\/www.psib-psoe.org\/mallorca\/wp-json\/wp\/v2\/posts\/27819"}],"collection":[{"href":"https:\/\/www.psib-psoe.org\/mallorca\/wp-json\/wp\/v2\/posts"}],"about":[{"href":"https:\/\/www.psib-psoe.org\/mallorca\/wp-json\/wp\/v2\/types\/post"}],"author":[{"embeddable":true,"href":"https:\/\/www.psib-psoe.org\/mallorca\/wp-json\/wp\/v2\/users\/3"}],"replies":[{"embeddable":true,"href":"https:\/\/www.psib-psoe.org\/mallorca\/wp-json\/wp\/v2\/comments?post=27819"}],"version-history":[{"count":0,"href":"https:\/\/www.psib-psoe.org\/mallorca\/wp-json\/wp\/v2\/posts\/27819\/revisions"}],"wp:featuredmedia":[{"embeddable":true,"href":"https:\/\/www.psib-psoe.org\/mallorca\/wp-json\/wp\/v2\/media\/27820"}],"wp:attachment":[{"href":"https:\/\/www.psib-psoe.org\/mallorca\/wp-json\/wp\/v2\/media?parent=27819"}],"wp:term":[{"taxonomy":"category","embeddable":true,"href":"https:\/\/www.psib-psoe.org\/mallorca\/wp-json\/wp\/v2\/categories?post=27819"},{"taxonomy":"post_tag","embeddable":true,"href":"https:\/\/www.psib-psoe.org\/mallorca\/wp-json\/wp\/v2\/tags?post=27819"}],"curies":[{"name":"wp","href":"https:\/\/api.w.org\/{rel}","templated":true}]}}