{"id":27830,"date":"2023-09-05T13:23:44","date_gmt":"2023-09-05T11:23:44","guid":{"rendered":"http:\/\/www.psib-psoe.org\/mallorca\/?p=27830"},"modified":"2023-09-05T13:24:25","modified_gmt":"2023-09-05T11:24:25","slug":"el-grup-socialista-al-consell-de-mallorca-lamenta-la-manca-de-compromis-en-la-lluita-feminista-de-lactual-equip-de-govern","status":"publish","type":"post","link":"https:\/\/www.psib-psoe.org\/mallorca\/el-grup-socialista-al-consell-de-mallorca-lamenta-la-manca-de-compromis-en-la-lluita-feminista-de-lactual-equip-de-govern\/","title":{"rendered":"El Grup Socialista al Consell de Mallorca lamenta la manca de comprom\u00eds en la lluita feminista de l\u2019actual equip de govern"},"content":{"rendered":"<div class=\"wpb-content-wrapper\">[vc_row][vc_column][vc_single_image image=&#8221;27798&#8243; img_size=&#8221;full&#8221; alignment=&#8221;center&#8221;][\/vc_column][\/vc_row][vc_row][vc_column][vc_column_text]<em><u>Els socialistes de Mallorca critiquen que no es compleixi amb el Pla d\u2019Acci\u00f3 en la Lluita Contra la Viol\u00e8ncia Masclista aprovat el passat 31 d\u2019agost<\/u><\/em>[\/vc_column_text][\/vc_column][\/vc_row][vc_row][vc_column][vc_column_text]Els socialistes de Mallorca han mostrat el seu malestar amb l\u2019actual equip de govern del Consell de Mallorca (PP-VOX) per la seva manca de comprom\u00eds en la lluita feminista.<\/p>\n<p>En la sessi\u00f3 plen\u00e0ria celebrada el passat 31 d&#8217;agost, el Grup Socialista del Consell de Mallorca va presentar una moci\u00f3 per a refor\u00e7ar i defensar les pol\u00edtiques feministes de Mallorca. Durant aquesta sessi\u00f3, es va aconseguir un acord consensuat amb el Partit Popular per a fer un anomenat a l&#8217;acci\u00f3 en la lluita contra la viol\u00e8ncia masclista, encara que el partit VOX va ser l\u00b4\u00fanic partit a votar en contra del conjunt de la moci\u00f3.<\/p>\n<p>El Consell de Mallorca, malgrat la resoluci\u00f3 adoptada, no ha convocat fins al moment cap minut de silenci en resposta a les tr\u00e0giques morts causades per la viol\u00e8ncia masclista, la qual cosa es va acordar amb la finalitat de crear consci\u00e8ncia en la ciutadania i visibilitzar la unitat i la lluita feminista contra aquesta problem\u00e0tica.<\/p>\n<p>El punt 7 de la moci\u00f3, que va ser aprovat amb el suport del Partit Popular, estableix:<\/p>\n<p><em>&#8220;El Ple del Consell de Mallorca insta l\u2019equip de govern\u00a0 a convocar tota la seva corporaci\u00f3 al minut de silenci cada cop que \u00e9s produeixi una mort causada per viol\u00e8ncia masclista a l\u2019Estat Espanyol, amb l\u2019objectiu doble de mostrar el seu rebuig com a instituci\u00f3 i en contra dels discursos d\u2019odi i de la negaci\u00f3 de la viol\u00e8ncia masclista&#8221;.<\/em><\/p>\n<p>En el moment de la seva aprovaci\u00f3, les dades oficials de la Delegaci\u00f3 del Govern contra la Viol\u00e8ncia de G\u00e8nere del Ministeri d&#8217;Igualtat reportaven un total de 31 dones assassinades a conseq\u00fc\u00e8ncia de la viol\u00e8ncia masclista. No obstant aix\u00f2, en l&#8217;actualitat, lamentem informar que aquest n\u00famero s&#8217;ha incrementat significativament. Des de l&#8217;1 de gener de 2023 fins avui, ja s&#8217;han registrat 42 dones v\u00edctimes mortals de viol\u00e8ncia masclista, elevant el total a 1.226 morts des de l&#8217;any 2003.<\/p>\n<p>La falta d&#8217;acci\u00f3 per part del\u00a0 president, el senyor Galm\u00e9s, i del Consell de Mallorca en aquest aspecte ha generat interrogants en la comunitat. Es q\u00fcestiona si la falta de compliment es deu a pressions provinents del partit VOX, una formaci\u00f3 pol\u00edtica que nega la viol\u00e8ncia masclista, o si es tracta d&#8217;una q\u00fcesti\u00f3 de prioritats i de manca de voluntat pol\u00edtica.<\/p>\n<p>Des del Grup Socialista del Consell de Mallorca instem que es doni compliment immediat a la moci\u00f3 aprovada, a fi d&#8217;honrar la mem\u00f2ria de les v\u00edctimes i demostrar el comprom\u00eds ferm amb l&#8217;erradicaci\u00f3 de la viol\u00e8ncia masclista. \u00c9s hora que totes les forces pol\u00edtiques uneixin esfor\u00e7os i treballin en conjunt per a posar fi a aquesta lamentable realitat que afecta dones en tot el pa\u00eds.[\/vc_column_text][\/vc_column][\/vc_row]\n<\/div>","protected":false},"excerpt":{"rendered":"<p>[vc_row][vc_column][vc_single_image image=&#8221;27798&#8243; img_size=&#8221;full&#8221; alignment=&#8221;center&#8221;][\/vc_column][\/vc_row][vc_row][vc_column][vc_column_text]Els socialistes de Mallorca critiquen que no es compleixi amb el Pla d\u2019Acci\u00f3 en la Lluita Contra la Viol\u00e8ncia Masclista aprovat el passat 31 d\u2019agost[\/vc_column_text][\/vc_column][\/vc_row][vc_row][vc_column][vc_column_text]Els socialistes de Mallorca han mostrat el seu malestar amb l\u2019actual equip de govern del Consell de Mallorca (PP-VOX) per la seva manca de comprom\u00eds en la lluita&hellip;<\/p>\n","protected":false},"author":6,"featured_media":27798,"comment_status":"open","ping_status":"open","sticky":false,"template":"","format":"standard","meta":{"footnotes":""},"categories":[89,92],"tags":[105,83,160,84,79],"class_list":["post-27830","post","type-post","status-publish","format-standard","has-post-thumbnail","hentry","category-consell-de-mallorca","category-portada","tag-catalina-cladera","tag-consell-de-mallorca","tag-mallorca","tag-psib-psoe","tag-socialistes-de-mallorca"],"_links":{"self":[{"href":"https:\/\/www.psib-psoe.org\/mallorca\/wp-json\/wp\/v2\/posts\/27830"}],"collection":[{"href":"https:\/\/www.psib-psoe.org\/mallorca\/wp-json\/wp\/v2\/posts"}],"about":[{"href":"https:\/\/www.psib-psoe.org\/mallorca\/wp-json\/wp\/v2\/types\/post"}],"author":[{"embeddable":true,"href":"https:\/\/www.psib-psoe.org\/mallorca\/wp-json\/wp\/v2\/users\/6"}],"replies":[{"embeddable":true,"href":"https:\/\/www.psib-psoe.org\/mallorca\/wp-json\/wp\/v2\/comments?post=27830"}],"version-history":[{"count":0,"href":"https:\/\/www.psib-psoe.org\/mallorca\/wp-json\/wp\/v2\/posts\/27830\/revisions"}],"wp:featuredmedia":[{"embeddable":true,"href":"https:\/\/www.psib-psoe.org\/mallorca\/wp-json\/wp\/v2\/media\/27798"}],"wp:attachment":[{"href":"https:\/\/www.psib-psoe.org\/mallorca\/wp-json\/wp\/v2\/media?parent=27830"}],"wp:term":[{"taxonomy":"category","embeddable":true,"href":"https:\/\/www.psib-psoe.org\/mallorca\/wp-json\/wp\/v2\/categories?post=27830"},{"taxonomy":"post_tag","embeddable":true,"href":"https:\/\/www.psib-psoe.org\/mallorca\/wp-json\/wp\/v2\/tags?post=27830"}],"curies":[{"name":"wp","href":"https:\/\/api.w.org\/{rel}","templated":true}]}}