{"id":27840,"date":"2023-09-06T20:15:13","date_gmt":"2023-09-06T18:15:13","guid":{"rendered":"http:\/\/www.psib-psoe.org\/mallorca\/?p=27840"},"modified":"2023-09-06T20:15:13","modified_gmt":"2023-09-06T18:15:13","slug":"cladera-la-sentencia-del-tunel-de-soller-no-pot-servir-dexcusa-al-consell-per-tornar-a-imposar-un-peatge-als-usuaris","status":"publish","type":"post","link":"https:\/\/www.psib-psoe.org\/mallorca\/cladera-la-sentencia-del-tunel-de-soller-no-pot-servir-dexcusa-al-consell-per-tornar-a-imposar-un-peatge-als-usuaris\/","title":{"rendered":"Cladera: &#8220;La sent\u00e8ncia del T\u00fanel de S\u00f3ller no pot servir d&#8217;excusa al Consell per tornar a imposar un peatge als usuaris&#8221;"},"content":{"rendered":"<div class=\"wpb-content-wrapper\">[vc_row][vc_column][vc_single_image image=&#8221;27750&#8243; img_size=&#8221;full&#8221; alignment=&#8221;center&#8221;][\/vc_column][\/vc_row][vc_row][vc_column][vc_column_text]<em><u>Davant la publicaci\u00f3 de la sent\u00e8ncia del Tribunal Suprem sobre el recurs de cassaci\u00f3 presentat pel Consell de Mallorca durant la passada legislatura, la Secret\u00e0ria General de la FSM recorda que va ser un govern de progr\u00e9s el qui va acabar amb el pagament dels ciutadans d&#8217;una infraestructura p\u00fablica esquitada per la corrupci\u00f3 hist\u00f2rica del Partit Popular.<\/u><\/em>[\/vc_column_text][\/vc_column][\/vc_row][vc_row][vc_column][vc_column_text]La sent\u00e8ncia de la sala del contenci\u00f3s administratiu del Tribunal Suprem desestima el recurs de cassaci\u00f3 interposat pel Consell de Mallorca durant la passada legislatura, sobre un pronunciament del TSJB, i obre la porta a qu\u00e8 s&#8217;hagi de complir amb la voluntat de l&#8217;antiga concession\u00e0ria del t\u00fanel, Globalv\u00eda, a incrementar els 17,4 milions d&#8217;euros amb qu\u00e8 el Consell de Mallorca va valorar el rescat de la concessi\u00f3 en 2017, cinc anys abans que aquesta expir\u00e9s.<\/p>\n<p>Per Cladera, seria &#8220;impensable que ara el Consell de Mallorca vulgui aprofitar aquesta circumst\u00e0ncia com a excusa per tornar a cobrar als ciutadans per passar pel T\u00fanel&#8221;. La dirigent socialista i portaveu en el Consell de Mallorca, ha valorat que &#8220;retirar les barreres del peatge de S\u00f3ller va ser una decisi\u00f3 valenta&#8221; que tenia \u00a0per objectiu &#8220;beneficiar els usuaris de la via&#8221;, residents i visitants, que durant gaireb\u00e9 30 anys van haver de pagar per creuar els 3 kil\u00f2metres de galeria, i a les administracions que van haver de subvencionar el peatge a les persones residents a la Vall de S\u00f3ller i Bunyola.<\/p>\n<p>Tot i que &#8220;respectem la sent\u00e8ncia, creiem que no s&#8217;ha tingut en compte suficientment que la decisi\u00f3 que es va prendre es basava en criteris d&#8217;inter\u00e8s general&#8221;, en una illa on no s&#8217;havia de pagar per circular en cap altre tram.<\/p>\n<p>L&#8217;eliminaci\u00f3 del peatge de la boca sud del T\u00fanel tamb\u00e9 va representar, en certa manera, un &#8220;desgreuge per una infraestructura que va n\u00e9ixer tacada de la corrupci\u00f3 sist\u00e8mica del Partit Popular a Mallorca&#8221;.<\/p>\n<p>Per Cladera, resulta necessari que l&#8217;actual equip de govern PPVOX &#8220;defugi de la temptaci\u00f3 d&#8217;usar pol\u00edticament aquesta sent\u00e8ncia, i que no perdi temps en minimitzar els seus efectes&#8221;.[\/vc_column_text][\/vc_column][\/vc_row]\n<\/div>","protected":false},"excerpt":{"rendered":"<p>[vc_row][vc_column][vc_single_image image=&#8221;27750&#8243; img_size=&#8221;full&#8221; alignment=&#8221;center&#8221;][\/vc_column][\/vc_row][vc_row][vc_column][vc_column_text]Davant la publicaci\u00f3 de la sent\u00e8ncia del Tribunal Suprem sobre el recurs de cassaci\u00f3 presentat pel Consell de Mallorca durant la passada legislatura, la Secret\u00e0ria General de la FSM recorda que va ser un govern de progr\u00e9s el qui va acabar amb el pagament dels ciutadans d&#8217;una infraestructura p\u00fablica esquitada per la&hellip;<\/p>\n","protected":false},"author":3,"featured_media":27838,"comment_status":"open","ping_status":"open","sticky":false,"template":"","format":"standard","meta":{"footnotes":""},"categories":[2,1,90,92],"tags":[105,77,84],"class_list":["post-27840","post","type-post","status-publish","format-standard","has-post-thumbnail","hentry","category-federacio-de-mallorca","category-federacio-de-mallorca-portada","category-municipis","category-portada","tag-catalina-cladera","tag-federacio-socialista-de-mallorca","tag-psib-psoe"],"_links":{"self":[{"href":"https:\/\/www.psib-psoe.org\/mallorca\/wp-json\/wp\/v2\/posts\/27840"}],"collection":[{"href":"https:\/\/www.psib-psoe.org\/mallorca\/wp-json\/wp\/v2\/posts"}],"about":[{"href":"https:\/\/www.psib-psoe.org\/mallorca\/wp-json\/wp\/v2\/types\/post"}],"author":[{"embeddable":true,"href":"https:\/\/www.psib-psoe.org\/mallorca\/wp-json\/wp\/v2\/users\/3"}],"replies":[{"embeddable":true,"href":"https:\/\/www.psib-psoe.org\/mallorca\/wp-json\/wp\/v2\/comments?post=27840"}],"version-history":[{"count":0,"href":"https:\/\/www.psib-psoe.org\/mallorca\/wp-json\/wp\/v2\/posts\/27840\/revisions"}],"wp:featuredmedia":[{"embeddable":true,"href":"https:\/\/www.psib-psoe.org\/mallorca\/wp-json\/wp\/v2\/media\/27838"}],"wp:attachment":[{"href":"https:\/\/www.psib-psoe.org\/mallorca\/wp-json\/wp\/v2\/media?parent=27840"}],"wp:term":[{"taxonomy":"category","embeddable":true,"href":"https:\/\/www.psib-psoe.org\/mallorca\/wp-json\/wp\/v2\/categories?post=27840"},{"taxonomy":"post_tag","embeddable":true,"href":"https:\/\/www.psib-psoe.org\/mallorca\/wp-json\/wp\/v2\/tags?post=27840"}],"curies":[{"name":"wp","href":"https:\/\/api.w.org\/{rel}","templated":true}]}}