{"id":27844,"date":"2023-09-11T10:15:52","date_gmt":"2023-09-11T08:15:52","guid":{"rendered":"http:\/\/www.psib-psoe.org\/mallorca\/?p=27844"},"modified":"2023-09-11T10:20:10","modified_gmt":"2023-09-11T08:20:10","slug":"els-socialistes-de-mallorca-no-participaran-en-els-actes-que-lequip-de-govern-de-ppvox-organitza-al-consell-pel-dia-12-de-setembre","status":"publish","type":"post","link":"https:\/\/www.psib-psoe.org\/mallorca\/els-socialistes-de-mallorca-no-participaran-en-els-actes-que-lequip-de-govern-de-ppvox-organitza-al-consell-pel-dia-12-de-setembre\/","title":{"rendered":"Els socialistes de Mallorca no participaran en els actes que l&#8217;equip de govern de PPVOX organitza al Consell pel dia 12 de setembre"},"content":{"rendered":"<div class=\"wpb-content-wrapper\">[vc_row][vc_column][vc_single_image image=&#8221;27755&#8243; img_size=&#8221;full&#8221; alignment=&#8221;center&#8221;][\/vc_column][\/vc_row][vc_row][vc_column][vc_column_text]<em><u>La portaveu socialista, Catalina Cladera, denuncia que la festivitat oficial de la Diada de Mallorca s&#8217;ha de celebrar el 31 de desembre per una decisi\u00f3 del ple de la instituci\u00f3 de 2016 que no ha estat revocada<\/u><\/em>[\/vc_column_text][\/vc_column][\/vc_row][vc_row][vc_column][vc_column_text]El Grup de Consellers Socialistes al Consell de Mallorca no participar\u00e0 dem\u00e0 a cap dels actes que ha convocat l&#8217;equip de Govern amb voluntat de substituir la celebraci\u00f3 habitual de la Diada de Mallorca, que des de 2016 es celebra el 31 de desembre. &#8220;No serem c\u00f2mplices d&#8217;aquesta guerra cultural que PPVOX al Consell lliura en contra de la nostra hist\u00f2ria, cultura i identitat com a mallorquins&#8221;, ha afirmat Cladera.<\/p>\n<p>Des de 2016 Mallorca celebra de manera normalitzada la Diada el dia 31 de desembre, coincidint amb el dia de l&#8217;Estendard, que commemora l&#8217;entrada de les tropes del rei Jaume I a Ciutat de Palma, tal dia de 1229. Cladera s&#8217;ha referit a qu\u00e8 &#8220;a partir de 2015 es va plantejar una feina molt seriosa al si del Consell, amb una pon\u00e8ncia t\u00e8cnica formada per historiadors i diversos experts, que van arribar a la conclusi\u00f3 de qu\u00e8 la data m\u00e9s acurada per celebrar la festa de tots els mallorquins i mallorquines era la del 31 de desembre&#8221;.<\/p>\n<p>Durant tots aquests anys, tant PP com VOX han volgut mantenir la data del 12 de setembre com la Diada de Mallorca, realitzant ofrenes a la tomba del rei Jaume II al pante\u00f3 privat de la Seu. &#8220;Ara, PPVOX ens imposen els seus actes de partit i els converteixen en actes institucionals&#8221;, ha afirmat Cladera.<\/p>\n<p>Per si aix\u00f2 fos poc, aquests actes s&#8217;han improvisat sense que la decisi\u00f3 de canviar la festivitat del dia 31 de desembre per la del 12 de setembre hagi passat pel ple, com hauria de ser preceptiu. &#8220;Ens trobam davant d&#8217;un ab\u00fas clar de poder per part de PPVOX, que actuen de manera arbitr\u00e0ria, escollint una data sense cap rigor hist\u00f2ric, i desprecien la feina d&#8217;estudi feta en 2016&#8221;.<\/p>\n<p>Cladera ha exigit que es mantingui la data del 31D com a centre de la Diada de Mallorca, ja que va ser fruit d\u2019un consens d&#8217;una comissi\u00f3 d\u2019experts que compt\u00e0 amb participaci\u00f3 ciutadana, que apleg\u00e0 l&#8217;acord del 90% dels historiadors, del 79% dels ajuntaments, d\u2019un 84% de les entitats vinculades i d\u2019un 80% dels ciutadans consultats.<\/p>\n<p>En el cas que PPVOX perseveri en la seva decisi\u00f3 de modificar la data de la Diada, &#8220;exigirem novament un proc\u00e9s participatiu i la concurr\u00e8ncia d\u2019experts&#8221;, per tal de poder contraposar arguments cient\u00edfics amb les conclusions de la pon\u00e8ncia de 2016.<\/p>\n<p>Cladera sost\u00e9 que els actes que el Consell improvisa dem\u00e0 dimarts &#8220;estan carregats d\u2019un simbolisme propi de falsos hist\u00f2rics i invencions de noves tradicions, en dem\u00e8rit de Jaume I d\u2019Arag\u00f3 o de la Festa de l\u2019Estendard i els altres actes del 31D&#8221;.<\/p>\n<p>&#8220;\u00c9s, sens dubte, una nova manifestaci\u00f3 de la guerra cultural que imposa l&#8217;extrema dreta&#8221;, que afecta a temes relacionats directament amb la llengua, la cultura i la identitat pr\u00f2pies de Mallorca, que VOX amb l&#8217;ajuda inestimable del PP es proposen devaluar, menystenir i destruir de manera sistem\u00e0tica, com a part del seu pla pol\u00edtic de recentralitzaci\u00f3, que tamb\u00e9 passa pel retorn de compet\u00e8ncies insulars i auton\u00f2miques cap a l&#8217;Estat, com ja va assenyalar el mateix president del Parlament de les Illes Balears, pocs dies despr\u00e9s de la seva elecci\u00f3.[\/vc_column_text][\/vc_column][\/vc_row]\n<\/div>","protected":false},"excerpt":{"rendered":"<p>[vc_row][vc_column][vc_single_image image=&#8221;27755&#8243; img_size=&#8221;full&#8221; alignment=&#8221;center&#8221;][\/vc_column][\/vc_row][vc_row][vc_column][vc_column_text]La portaveu socialista, Catalina Cladera, denuncia que la festivitat oficial de la Diada de Mallorca s&#8217;ha de celebrar el 31 de desembre per una decisi\u00f3 del ple de la instituci\u00f3 de 2016 que no ha estat revocada[\/vc_column_text][\/vc_column][\/vc_row][vc_row][vc_column][vc_column_text]El Grup de Consellers Socialistes al Consell de Mallorca no participar\u00e0 dem\u00e0 a cap dels actes&hellip;<\/p>\n","protected":false},"author":6,"featured_media":27755,"comment_status":"open","ping_status":"open","sticky":false,"template":"","format":"standard","meta":{"footnotes":""},"categories":[89,92],"tags":[105,83,84],"class_list":["post-27844","post","type-post","status-publish","format-standard","has-post-thumbnail","hentry","category-consell-de-mallorca","category-portada","tag-catalina-cladera","tag-consell-de-mallorca","tag-psib-psoe"],"_links":{"self":[{"href":"https:\/\/www.psib-psoe.org\/mallorca\/wp-json\/wp\/v2\/posts\/27844"}],"collection":[{"href":"https:\/\/www.psib-psoe.org\/mallorca\/wp-json\/wp\/v2\/posts"}],"about":[{"href":"https:\/\/www.psib-psoe.org\/mallorca\/wp-json\/wp\/v2\/types\/post"}],"author":[{"embeddable":true,"href":"https:\/\/www.psib-psoe.org\/mallorca\/wp-json\/wp\/v2\/users\/6"}],"replies":[{"embeddable":true,"href":"https:\/\/www.psib-psoe.org\/mallorca\/wp-json\/wp\/v2\/comments?post=27844"}],"version-history":[{"count":0,"href":"https:\/\/www.psib-psoe.org\/mallorca\/wp-json\/wp\/v2\/posts\/27844\/revisions"}],"wp:featuredmedia":[{"embeddable":true,"href":"https:\/\/www.psib-psoe.org\/mallorca\/wp-json\/wp\/v2\/media\/27755"}],"wp:attachment":[{"href":"https:\/\/www.psib-psoe.org\/mallorca\/wp-json\/wp\/v2\/media?parent=27844"}],"wp:term":[{"taxonomy":"category","embeddable":true,"href":"https:\/\/www.psib-psoe.org\/mallorca\/wp-json\/wp\/v2\/categories?post=27844"},{"taxonomy":"post_tag","embeddable":true,"href":"https:\/\/www.psib-psoe.org\/mallorca\/wp-json\/wp\/v2\/tags?post=27844"}],"curies":[{"name":"wp","href":"https:\/\/api.w.org\/{rel}","templated":true}]}}