{"id":27858,"date":"2023-09-13T12:22:10","date_gmt":"2023-09-13T10:22:10","guid":{"rendered":"http:\/\/www.psib-psoe.org\/mallorca\/?p=27858"},"modified":"2023-09-13T13:46:54","modified_gmt":"2023-09-13T11:46:54","slug":"els-socialistes-de-mallorca-demanen-que-el-consell-culmini-la-regulacio-de-les-installacions-denergies-renovables-a-lillalagrupacio-socialista-de-santa-margalida-denuncia-els-fets-ocorreguts-a-la","status":"publish","type":"post","link":"https:\/\/www.psib-psoe.org\/mallorca\/els-socialistes-de-mallorca-demanen-que-el-consell-culmini-la-regulacio-de-les-installacions-denergies-renovables-a-lillalagrupacio-socialista-de-santa-margalida-denuncia-els-fets-ocorreguts-a-la\/","title":{"rendered":"Els socialistes de Mallorca demanen que el Consell culmini la zonificaci\u00f3 dels parcs fotovoltaics de Mallorca"},"content":{"rendered":"<div class=\"wpb-content-wrapper\">[vc_row][vc_column][vc_single_image image=&#8221;27861&#8243; img_size=&#8221;full&#8221; alignment=&#8221;center&#8221;][\/vc_column][\/vc_row][vc_row][vc_column][vc_raw_html]JTNDaWZyYW1lJTIwc3JjJTNEJTIyaHR0cHMlM0ElMkYlMkZ3d3cuaXZvb3guY29tJTJGcGxheWVyX2VqXzExNTk2NTYwNF82XzEuaHRtbCUzRmMxJTNEZTQwNDIyJTIyJTIwd2lkdGglM0QlMjIxMDAlMjUlMjIlMjBoZWlnaHQlM0QlMjIyMDAlMjIlMjBmcmFtZWJvcmRlciUzRCUyMjAlMjIlMjBhbGxvd2Z1bGxzY3JlZW4lM0QlMjIlMjIlMjBzY3JvbGxpbmclM0QlMjJubyUyMiUyMGxvYWRpbmclM0QlMjJsYXp5JTIyJTNFJTNDJTJGaWZyYW1lJTNF[\/vc_raw_html][\/vc_column][\/vc_row][vc_row][vc_column][vc_column_text]<em><u>La portaveu socialista, Catalina Cladera, ha presentat les iniciatives del Grup Socialista al Consell pel ple de dem\u00e0, amb mocions sobre la modificaci\u00f3 del Pla Territorial, per la millora de l&#8217;etapa educativa de 0-3 anys, i la tramitaci\u00f3 dels projectes amb finan\u00e7ament de Fons Europeus.<\/u><\/em>[\/vc_column_text][\/vc_column][\/vc_row][vc_row][vc_column][vc_column_text]El Grup de Consellers Socialistes al Consell de Mallorca insten al ple del Consell a qu\u00e8 es doni compliment a algunes de les iniciatives que es van iniciar al final de la passada legislatura. Amb aquest objectiu es presenten 3 mocions al ple de dem\u00e0, sobre la zonificaci\u00f3 de Mallorca per a la instal\u00b7laci\u00f3 de punts de generaci\u00f3 d&#8217;energia renovable; per la millora de de l&#8217;etapa educativa 0-3; i per instar l&#8217;equip de govern a mantenir les tramitacions de projectes del Consell i dels ajuntaments que compten amb finan\u00e7ament de fonts Next Generation.<\/p>\n<p>&#8220;Estem preocupats per que l&#8217;equip de govern PPVOX al Consell no s&#8217;ha posat a fer feina, i en aquest ple no du cap tema de gesti\u00f3&#8221;, ha dit Cladera. Una preocupaci\u00f3 que es fa palesa per que &#8220;en aquests dos mesos no hem sentit dir l&#8217;equip de govern ni una paraula en refer\u00e8ncia a energies renovables, descarbonitzaci\u00f3 i sostenibilitat&#8221;, ha dit la portaveu socialista.<\/p>\n<p><strong>Zonificaci\u00f3 de les instal\u00b7lacions de generaci\u00f3 d&#8217;energies renovables.<\/strong><\/p>\n<p>La moci\u00f3 que es presenta al ple insta al Consell a \u00a0acabar la tramitaci\u00f3 de la modificaci\u00f3 4 del Pla Territorial de Mallorca, que ja compta amb un text acabat i de consens. &#8220;Gr\u00e0cies a la feina feta durant la passada legislatura, el Consell de Mallorca disposa un text legal preparat per fer la modificaci\u00f3 4 del PTI per permetre una regulaci\u00f3 clara de les instal\u00b7lacions de fotovoltaiques a Mallorca&#8221;.<\/p>\n<p>El Grup de Consellers Socialistes pret\u00e9n Mallorca compti ja amb aquesta regulaci\u00f3 que permetr\u00e0 saber com i on es poden instal\u00b7lar els parcs de fotovoltaiques i com han de ser les instal\u00b7lacions dom\u00e8stiques. Una regulaci\u00f3 imprescindible en un entorn de progr\u00e9s de les energies renovables, i promoci\u00f3 d\u2019alternatives als combustibles f\u00f2ssils, que s\u00f3n molt m\u00e9s contaminants i agreugen el proc\u00e9s del canvi clim\u00e0tic que pateix el planeta.<strong>\u00a0<\/strong><\/p>\n<p><strong>Moci\u00f3 per garantir els projectes compromesos finan\u00e7ats amb fons europeus<\/strong><\/p>\n<p>La segona de les mocions que es presenten tamb\u00e9 sorgeix de la preocupaci\u00f3 que PPVOX ens provoca respecte la poca dilig\u00e8ncia per seguir tramitant fons europeus per finan\u00e7ar projectes de valor afegit per Mallorca i pels seus municipis.<\/p>\n<p>&#8220;Volem que dem\u00e0 en el ple l&#8217;equip de govern del Consell de Mallorca es comprometi en ferm, amb l&#8217;\u00fas dels fons Next Generation UE com a font de finan\u00e7ament prioritari per a la transformaci\u00f3 de Mallorca&#8221; ha dit Cladera, que ha advertit que &#8220;seria un error renunciar a aquest finan\u00e7ament&#8221;. En total hi ha m\u00e9s de 150 milions d\u2019euros compromesos en 122 projectes, alguns dels quals s\u00f3n directament gestionats pel Consell, i altres per la majoria d\u2019ajuntaments de Mallorca.<\/p>\n<p>Una feina que ha coordinat l&#8217;Oficina de Fons Europeus, que ha de ser potenciada, segons es defensa a la moci\u00f3.<strong>\u00a0<\/strong><\/p>\n<p><strong>Millora de l&#8217;etapa educativa 0-3 anys<\/strong><\/p>\n<p>La tercera de les mocions presentades pels socialistes insta al Govern de les Illes Balears a incrementar els recursos destinats al cicle 0-3 anys i a crear m\u00e9s places d\u2019escoletes educatives per apostar fermament perqu\u00e8 esdevingui un cicle de car\u00e0cter educatiu com la resta de cicles\u00a0 i etapes educatives.<\/p>\n<p>L\u2019abril d\u2019enguany el Consell de Mallorca, a trav\u00e9s de l&#8217;IMAS, ja va aprovar el Reglament pels centres d\u2019atenci\u00f3 infantil no educatius a Mallorca. &#8220;Ara instem al Consell que apliqui ja aquest desenvolupament normatiu&#8221;, ha dit Cladera.<\/p>\n<p>La moci\u00f3 tamb\u00e9 proposa prioritzar la convocat\u00f2ria ja prevista per part de l\u2019anterior equip de govern i pressupostada amb una partida d\u20191 mili\u00f3 d\u2019euros, per facilitar el proc\u00e9s d&#8217;adaptaci\u00f3 de les guarderies a la nova normativa.<\/p>\n<p>&nbsp;<\/p>\n[\/vc_column_text][\/vc_column][\/vc_row]\n<\/div>","protected":false},"excerpt":{"rendered":"<p>[vc_row][vc_column][vc_single_image image=&#8221;27861&#8243; img_size=&#8221;full&#8221; alignment=&#8221;center&#8221;][\/vc_column][\/vc_row][vc_row][vc_column][vc_raw_html]JTNDaWZyYW1lJTIwc3JjJTNEJTIyaHR0cHMlM0ElMkYlMkZ3d3cuaXZvb3guY29tJTJGcGxheWVyX2VqXzExNTk2NTYwNF82XzEuaHRtbCUzRmMxJTNEZTQwNDIyJTIyJTIwd2lkdGglM0QlMjIxMDAlMjUlMjIlMjBoZWlnaHQlM0QlMjIyMDAlMjIlMjBmcmFtZWJvcmRlciUzRCUyMjAlMjIlMjBhbGxvd2Z1bGxzY3JlZW4lM0QlMjIlMjIlMjBzY3JvbGxpbmclM0QlMjJubyUyMiUyMGxvYWRpbmclM0QlMjJsYXp5JTIyJTNFJTNDJTJGaWZyYW1lJTNF[\/vc_raw_html][\/vc_column][\/vc_row][vc_row][vc_column][vc_column_text]La portaveu socialista, Catalina Cladera, ha presentat les iniciatives del Grup Socialista al Consell pel ple de dem\u00e0, amb mocions sobre la modificaci\u00f3 del Pla Territorial, per la millora de l&#8217;etapa educativa de 0-3 anys, i la tramitaci\u00f3 dels projectes amb finan\u00e7ament de Fons Europeus.[\/vc_column_text][\/vc_column][\/vc_row][vc_row][vc_column][vc_column_text]El Grup de Consellers Socialistes al Consell de&hellip;<\/p>\n","protected":false},"author":3,"featured_media":27861,"comment_status":"open","ping_status":"open","sticky":false,"template":"","format":"standard","meta":{"footnotes":""},"categories":[89,2,1,92],"tags":[105,83,77,84,79],"class_list":["post-27858","post","type-post","status-publish","format-standard","has-post-thumbnail","hentry","category-consell-de-mallorca","category-federacio-de-mallorca","category-federacio-de-mallorca-portada","category-portada","tag-catalina-cladera","tag-consell-de-mallorca","tag-federacio-socialista-de-mallorca","tag-psib-psoe","tag-socialistes-de-mallorca"],"_links":{"self":[{"href":"https:\/\/www.psib-psoe.org\/mallorca\/wp-json\/wp\/v2\/posts\/27858"}],"collection":[{"href":"https:\/\/www.psib-psoe.org\/mallorca\/wp-json\/wp\/v2\/posts"}],"about":[{"href":"https:\/\/www.psib-psoe.org\/mallorca\/wp-json\/wp\/v2\/types\/post"}],"author":[{"embeddable":true,"href":"https:\/\/www.psib-psoe.org\/mallorca\/wp-json\/wp\/v2\/users\/3"}],"replies":[{"embeddable":true,"href":"https:\/\/www.psib-psoe.org\/mallorca\/wp-json\/wp\/v2\/comments?post=27858"}],"version-history":[{"count":0,"href":"https:\/\/www.psib-psoe.org\/mallorca\/wp-json\/wp\/v2\/posts\/27858\/revisions"}],"wp:featuredmedia":[{"embeddable":true,"href":"https:\/\/www.psib-psoe.org\/mallorca\/wp-json\/wp\/v2\/media\/27861"}],"wp:attachment":[{"href":"https:\/\/www.psib-psoe.org\/mallorca\/wp-json\/wp\/v2\/media?parent=27858"}],"wp:term":[{"taxonomy":"category","embeddable":true,"href":"https:\/\/www.psib-psoe.org\/mallorca\/wp-json\/wp\/v2\/categories?post=27858"},{"taxonomy":"post_tag","embeddable":true,"href":"https:\/\/www.psib-psoe.org\/mallorca\/wp-json\/wp\/v2\/tags?post=27858"}],"curies":[{"name":"wp","href":"https:\/\/api.w.org\/{rel}","templated":true}]}}