{"id":27872,"date":"2023-09-14T12:17:29","date_gmt":"2023-09-14T10:17:29","guid":{"rendered":"http:\/\/www.psib-psoe.org\/mallorca\/?p=27872"},"modified":"2023-09-14T12:17:29","modified_gmt":"2023-09-14T10:17:29","slug":"cladera-davant-labsencia-de-gestio-de-ppvox-al-consell-daquests-dos-mesos-ens-preguntam-si-el-sr-galmes-pinta-alguna-cosa-davant-del-govern","status":"publish","type":"post","link":"https:\/\/www.psib-psoe.org\/mallorca\/cladera-davant-labsencia-de-gestio-de-ppvox-al-consell-daquests-dos-mesos-ens-preguntam-si-el-sr-galmes-pinta-alguna-cosa-davant-del-govern\/","title":{"rendered":"Cladera: &#8220;davant l&#8217;abs\u00e8ncia de gesti\u00f3 de PPVOX al Consell d&#8217;aquests dos mesos ens preguntam si el sr. Galm\u00e9s &#8216;pinta&#8217; alguna cosa davant del Govern&#8221;"},"content":{"rendered":"<div class=\"wpb-content-wrapper\">[vc_row][vc_column][vc_single_image image=&#8221;27873&#8243; img_size=&#8221;full&#8221; alignment=&#8221;center&#8221;][\/vc_column][\/vc_row][vc_row][vc_column][vc_column_text]<em><u>La portaveu socialista, Catalina Cladera, ha posat de manifest que en els dos primers mesos de gesti\u00f3 PPVOX el Consell de Mallorca no ha fet cap avan\u00e7 en mat\u00e8ria de trasp\u00e0s de compet\u00e8ncies que li s\u00f3n pr\u00f2pies, com Agricultura o Costes i Litoral per Mallorca.<\/u><\/em>[\/vc_column_text][\/vc_column][\/vc_row][vc_row][vc_column][vc_column_text]La portaveu del Grup de Consellers Socialistes al Consell, Catalina Cladera, ha advertit de la manca absoluta de gesti\u00f3 de l&#8217;equip de govern PPVOX i de la inacci\u00f3 total en quant als tr\u00e0mits necessaris per a rebre les compet\u00e8ncies que l&#8217;Estatut d&#8217;Autonomia reserva a les institucions insulars.<\/p>\n<p>Cladera, s&#8217;ha dirigit al president del Consell i li ha demanat si ja s&#8217;havia reunit amb diferents consellers del Govern per parlar de compet\u00e8ncies inherents a la instituci\u00f3 insular: &#8220;S&#8217;ha reunit amb la sra. Vidal per parlar de com afecta el decret d&#8217;habitatge a Mallorca i a les compet\u00e8ncies del Consell? S&#8217;ha reunit amb el sr. Lafuente, per les compet\u00e8ncies de Costes i Litoral? S&#8217;ha reunit amb el sr. Simonet, per les compet\u00e8ncies d&#8217;Agricultura?&#8221;<\/p>\n<p>La portaveu socialista ha alertat que, lluny de treballar per augmentar les compet\u00e8ncies del Consell de Mallorca, l&#8217;actual administraci\u00f3 PPVOX &#8220;vol la recentralitzaci\u00f3 de compet\u00e8ncies cap al Govern&#8221;, un fet que es demostra amb accions de l&#8217;executiu de Prohens com la creaci\u00f3 d&#8217;una Direcci\u00f3 General de Coordinaci\u00f3 i Harmonitzaci\u00f3 Urban\u00edstica, que suposa una duplicitat amb les compet\u00e8ncies del Consell en aquesta mat\u00e8ria&#8221;.<\/p>\n<p>Les recents declaracions del conseller de Turisme del GOIB tampoc deixen en bon lloc la posici\u00f3 institucional del Consell: &#8220;el sr. Galm\u00e9s s&#8217;ha passat la campanya electoral dient que eliminaria la morat\u00f2ria per la concessi\u00f3 de noves places tur\u00edstiques a Mallorca, mentre que ara el sr. Bauz\u00e0 diu que la mant\u00e9. S&#8217;ha reunit amb vost\u00e8 o amb el conseller Marcial abans de fer aquestes declaracions?&#8221; ha preguntat Cladera, davant l&#8217;evid\u00e8ncia que l&#8217;Ordenaci\u00f3 Tur\u00edstica suposa una compet\u00e8ncia que gestiona el Consell de Mallorca des del passat 2022.<\/p>\n<p>La portaveu Cladera ha concl\u00f2s que l&#8217;abs\u00e8ncia d&#8217;ambici\u00f3 en rebre noves compet\u00e8ncies i en gestionar les que ja es tenen, suposen que el Consell perd el seu pes institucional, per la qual cosa fa pal\u00e8s que &#8220;el sr. Galm\u00e9s no &#8216;pinta&#8217; res davant del Govern&#8221;.[\/vc_column_text][\/vc_column][\/vc_row]\n<\/div>","protected":false},"excerpt":{"rendered":"<p>[vc_row][vc_column][vc_single_image image=&#8221;27873&#8243; img_size=&#8221;full&#8221; alignment=&#8221;center&#8221;][\/vc_column][\/vc_row][vc_row][vc_column][vc_column_text]La portaveu socialista, Catalina Cladera, ha posat de manifest que en els dos primers mesos de gesti\u00f3 PPVOX el Consell de Mallorca no ha fet cap avan\u00e7 en mat\u00e8ria de trasp\u00e0s de compet\u00e8ncies que li s\u00f3n pr\u00f2pies, com Agricultura o Costes i Litoral per Mallorca.[\/vc_column_text][\/vc_column][\/vc_row][vc_row][vc_column][vc_column_text]La portaveu del Grup de Consellers Socialistes al&hellip;<\/p>\n","protected":false},"author":3,"featured_media":27873,"comment_status":"open","ping_status":"open","sticky":false,"template":"","format":"standard","meta":{"footnotes":""},"categories":[89,2,1,92],"tags":[105,83,77,84,79],"class_list":["post-27872","post","type-post","status-publish","format-standard","has-post-thumbnail","hentry","category-consell-de-mallorca","category-federacio-de-mallorca","category-federacio-de-mallorca-portada","category-portada","tag-catalina-cladera","tag-consell-de-mallorca","tag-federacio-socialista-de-mallorca","tag-psib-psoe","tag-socialistes-de-mallorca"],"_links":{"self":[{"href":"https:\/\/www.psib-psoe.org\/mallorca\/wp-json\/wp\/v2\/posts\/27872"}],"collection":[{"href":"https:\/\/www.psib-psoe.org\/mallorca\/wp-json\/wp\/v2\/posts"}],"about":[{"href":"https:\/\/www.psib-psoe.org\/mallorca\/wp-json\/wp\/v2\/types\/post"}],"author":[{"embeddable":true,"href":"https:\/\/www.psib-psoe.org\/mallorca\/wp-json\/wp\/v2\/users\/3"}],"replies":[{"embeddable":true,"href":"https:\/\/www.psib-psoe.org\/mallorca\/wp-json\/wp\/v2\/comments?post=27872"}],"version-history":[{"count":0,"href":"https:\/\/www.psib-psoe.org\/mallorca\/wp-json\/wp\/v2\/posts\/27872\/revisions"}],"wp:featuredmedia":[{"embeddable":true,"href":"https:\/\/www.psib-psoe.org\/mallorca\/wp-json\/wp\/v2\/media\/27873"}],"wp:attachment":[{"href":"https:\/\/www.psib-psoe.org\/mallorca\/wp-json\/wp\/v2\/media?parent=27872"}],"wp:term":[{"taxonomy":"category","embeddable":true,"href":"https:\/\/www.psib-psoe.org\/mallorca\/wp-json\/wp\/v2\/categories?post=27872"},{"taxonomy":"post_tag","embeddable":true,"href":"https:\/\/www.psib-psoe.org\/mallorca\/wp-json\/wp\/v2\/tags?post=27872"}],"curies":[{"name":"wp","href":"https:\/\/api.w.org\/{rel}","templated":true}]}}