{"id":27879,"date":"2023-09-18T17:24:38","date_gmt":"2023-09-18T15:24:38","guid":{"rendered":"http:\/\/www.psib-psoe.org\/mallorca\/?p=27879"},"modified":"2023-09-18T17:24:38","modified_gmt":"2023-09-18T15:24:38","slug":"cladera-exigim-un-major-compromis-de-govern-i-consell-en-la-lluita-contra-lallotjament-turistic-illegal","status":"publish","type":"post","link":"https:\/\/www.psib-psoe.org\/mallorca\/cladera-exigim-un-major-compromis-de-govern-i-consell-en-la-lluita-contra-lallotjament-turistic-illegal\/","title":{"rendered":"Cladera: &#8220;Exigim un major comprom\u00eds de Govern i Consell en la lluita contra l&#8217;allotjament tur\u00edstic il\u00b7legal&#8221;."},"content":{"rendered":"<div class=\"wpb-content-wrapper\">[vc_row][vc_column][vc_single_image image=&#8221;27703&#8243; img_size=&#8221;full&#8221; alignment=&#8221;center&#8221;][\/vc_column][\/vc_row][vc_row][vc_column][vc_column_text]<em><u>La portaveu socialista, Catalina Cladera, troba &#8220;insuficient&#8221; que GOIB anunci\u00ef que disposa de les dades per investigar les comercialitzadores d&#8217;allotjaments tur\u00edstics il\u00b7legals, &#8220;si els inspectors del Consell no poden creuar les dades&#8221;.<\/u><\/em>[\/vc_column_text][\/vc_column][\/vc_row][vc_row][vc_column][vc_column_text]La portaveu socialista al Consell de Mallorca, Catalina Cladera, ha considerat &#8220;incomplert i poc valent&#8221; l&#8217;anunci conjunt que han fet avui Govern i Consell en refer\u00e8ncia a la persecuci\u00f3 de l&#8217;oferta d&#8217;allotjament tur\u00edstic il\u00b7legal a Mallorca. &#8220;Els srs. Costa i Galm\u00e9s han anunciat que l&#8217;Ag\u00e8ncia Tribut\u00e0ria de les Illes Balears disposa de dades sobre empreses que comercialitzen habitatges de lloguer vacacional a Mallorca, per\u00f2 no han dit com faran per que el Consell les pugui usar per a trobar i sancionar l&#8217;oferta il\u00b7legal&#8221;, ha dit Cladera, que ha &#8220;exigit un major comprom\u00eds&#8221; en perseguir l&#8217;oferta no reglada.<\/p>\n<p>Des de gener de 2022 \u00e9s el Consell de Mallorca la instituci\u00f3 que gestiona l&#8217;Ordenaci\u00f3 Tur\u00edstica a l&#8217;illa, i per tant \u00e9s l&#8217;encarregada d&#8217;inspeccionar, perseguir i sancionar, si \u00e9s el cas, les il\u00b7legalitats que es puguin descobrir en refer\u00e8ncia a l&#8217;activitat tur\u00edstica a l&#8217;illa.<\/p>\n<p>De fet, les dades de l&#8217;AEAT que ara estan en possessi\u00f3 del GOIB s\u00f3n les que es van demanar des del Consell el passat mes de febrer, amb una carta de l&#8217;aleshores conseller de insular de Turisme Andreu Serra, precisament per agilitzar l&#8217;acci\u00f3 inspectora de la instituci\u00f3 i la lluita contra el lloguer vacacional il\u00b7legal.<\/p>\n<p>&#8220;El GOIB disposa ara d&#8217;aquestes dades per que durant la passada legislatura nosaltres v\u00e0rem fer aquesta gesti\u00f3 amb l&#8217;AEAT i el GOIB&#8221;, ha dit Cladera. &#8220;Ni Costa ni Galm\u00e9s han aclarit com pensen fer per que el Consell puguin fer servir aquestes dades per la seva funci\u00f3 inspectora&#8221;, ha afirmat la portaveu socialista al Consell; &#8220;si ni el GOIB ni el Consell de Mallorca PPVOX no actuen amb determinaci\u00f3 contra l&#8217;activitat tur\u00edstica no reglada, l&#8217;anunci de Costa i Galm\u00e9s ser\u00e0 paper banyat&#8221;.<\/p>\n<p>El Pla d&#8217;Inspecci\u00f3 del Consell de Mallorca per combatre l&#8217;allotjament tur\u00edstic il\u00b7legal es va posar en marxa durant la passada legislatura, en el primer trimestre d&#8217;enguany, amb diverses mesures que van incloure l&#8217;increment de cinc inspectors m\u00e9s a la plantilla, actuacions conjuntes amb la Policia Local de Palma per detectar usos no permesos, i l&#8217;acord amb la UIB per a poder geo-localitzar els habitatges fora de normativa.[\/vc_column_text][\/vc_column][\/vc_row]\n<\/div>","protected":false},"excerpt":{"rendered":"<p>[vc_row][vc_column][vc_single_image image=&#8221;27703&#8243; img_size=&#8221;full&#8221; alignment=&#8221;center&#8221;][\/vc_column][\/vc_row][vc_row][vc_column][vc_column_text]La portaveu socialista, Catalina Cladera, troba &#8220;insuficient&#8221; que GOIB anunci\u00ef que disposa de les dades per investigar les comercialitzadores d&#8217;allotjaments tur\u00edstics il\u00b7legals, &#8220;si els inspectors del Consell no poden creuar les dades&#8221;.[\/vc_column_text][\/vc_column][\/vc_row][vc_row][vc_column][vc_column_text]La portaveu socialista al Consell de Mallorca, Catalina Cladera, ha considerat &#8220;incomplert i poc valent&#8221; l&#8217;anunci conjunt que han fet avui&hellip;<\/p>\n","protected":false},"author":3,"featured_media":27703,"comment_status":"open","ping_status":"open","sticky":false,"template":"","format":"standard","meta":{"footnotes":""},"categories":[89,2,1,92],"tags":[105,83,77,84,79],"class_list":["post-27879","post","type-post","status-publish","format-standard","has-post-thumbnail","hentry","category-consell-de-mallorca","category-federacio-de-mallorca","category-federacio-de-mallorca-portada","category-portada","tag-catalina-cladera","tag-consell-de-mallorca","tag-federacio-socialista-de-mallorca","tag-psib-psoe","tag-socialistes-de-mallorca"],"_links":{"self":[{"href":"https:\/\/www.psib-psoe.org\/mallorca\/wp-json\/wp\/v2\/posts\/27879"}],"collection":[{"href":"https:\/\/www.psib-psoe.org\/mallorca\/wp-json\/wp\/v2\/posts"}],"about":[{"href":"https:\/\/www.psib-psoe.org\/mallorca\/wp-json\/wp\/v2\/types\/post"}],"author":[{"embeddable":true,"href":"https:\/\/www.psib-psoe.org\/mallorca\/wp-json\/wp\/v2\/users\/3"}],"replies":[{"embeddable":true,"href":"https:\/\/www.psib-psoe.org\/mallorca\/wp-json\/wp\/v2\/comments?post=27879"}],"version-history":[{"count":0,"href":"https:\/\/www.psib-psoe.org\/mallorca\/wp-json\/wp\/v2\/posts\/27879\/revisions"}],"wp:featuredmedia":[{"embeddable":true,"href":"https:\/\/www.psib-psoe.org\/mallorca\/wp-json\/wp\/v2\/media\/27703"}],"wp:attachment":[{"href":"https:\/\/www.psib-psoe.org\/mallorca\/wp-json\/wp\/v2\/media?parent=27879"}],"wp:term":[{"taxonomy":"category","embeddable":true,"href":"https:\/\/www.psib-psoe.org\/mallorca\/wp-json\/wp\/v2\/categories?post=27879"},{"taxonomy":"post_tag","embeddable":true,"href":"https:\/\/www.psib-psoe.org\/mallorca\/wp-json\/wp\/v2\/tags?post=27879"}],"curies":[{"name":"wp","href":"https:\/\/api.w.org\/{rel}","templated":true}]}}