{"id":27886,"date":"2023-09-20T12:41:09","date_gmt":"2023-09-20T10:41:09","guid":{"rendered":"http:\/\/www.psib-psoe.org\/mallorca\/?p=27886"},"modified":"2023-09-20T12:41:09","modified_gmt":"2023-09-20T10:41:09","slug":"els-socialistes-de-santa-margalida-presenten-una-mocio-per-formar-un-comissio-municipal-encarregada-de-redactar-uns-estatuts-de-les-festes-de-la-beata","status":"publish","type":"post","link":"https:\/\/www.psib-psoe.org\/mallorca\/els-socialistes-de-santa-margalida-presenten-una-mocio-per-formar-un-comissio-municipal-encarregada-de-redactar-uns-estatuts-de-les-festes-de-la-beata\/","title":{"rendered":"Els socialistes de Santa Margalida presenten una moci\u00f3 per formar un comissi\u00f3 municipal encarregada de redactar uns estatuts de les festes de la Beata"},"content":{"rendered":"<div class=\"wpb-content-wrapper\">[vc_row][vc_column][vc_single_image image=&#8221;27887&#8243; img_size=&#8221;full&#8221; alignment=&#8221;center&#8221;][\/vc_column][\/vc_row][vc_row][vc_column][vc_column_text]<em><u>El portaveu del Grup Municipal Socialista, Xisco Bergas, ha explicat que \u201cpensam que \u00e9s l\u2019obligaci\u00f3 d\u2019aquest Ajuntament fomentar i preservar la festa, escoltant a les parts i sempre amb el consens dels organitzadors, col\u00b7lectius implicats i la societat civil\u201d<\/u><\/em>[\/vc_column_text][\/vc_column][\/vc_row][vc_row][vc_column][vc_column_text]L\u2019Agrupaci\u00f3 Socialista de Santa Margalida presentar\u00e0 una moci\u00f3 al proper ple del dijous 28 de setembre per formar una comissi\u00f3 municipal encarregada de redactar uns estatuts de les festes de la Beata.<\/p>\n<p>El portaveu del Grup Municipal Socialista, Xisco Bergas, ha explicat que \u201cpensam que \u00e9s l\u2019obligaci\u00f3 d\u2019aquest Ajuntament fomentar i preservar la festa, escoltant a les parts i sempre amb el consens dels organitzadors, col\u00b7lectius implicats i la societat civil, decidint aquells aspectes que consideram centrals i volem conservar talment i quins s\u00f3n aquells altres que poden estar sotmesos a canvis\u201d.<\/p>\n<p>A m\u00e9s, ha afegit que \u201cla Beata tamb\u00e9 \u00e9s el resultat de l\u2019evoluci\u00f3 i el pas del temps, cosa que ha duit nous elements i noves tradicions, per\u00f2 consideram que tamb\u00e9 s\u2019ha de posar certes limitacions a aquesta evoluci\u00f3 a fi de no desfigurar la festa. Sempre amb la finalitat de preservar i millorar la process\u00f3 de la Beata com a element central del poble de Santa Margalida\u201d.<\/p>\n<p>Per aix\u00f2, des de l\u2019Agrupaci\u00f3 Socialista de Santa Margalida proposen la \u201ccreaci\u00f3 d\u2019una comissi\u00f3 municipal formada per regidors\/es de tots els grups municipals del consistori, membres dels diferents grups organitzadors i col\u00b7lectius implicats en la process\u00f3, societat civil i investigadors locals de la process\u00f3 de prestigi amb la finalitat de posar en marxa la redacci\u00f3 d\u2019uns estatuts de les festes de la Beata\u201d. A m\u00e9s, volen que aquesta comissi\u00f3 es conformi i es posi en marxa abans de finals d\u2019any.[\/vc_column_text][\/vc_column][\/vc_row]\n<\/div>","protected":false},"excerpt":{"rendered":"<p>[vc_row][vc_column][vc_single_image image=&#8221;27887&#8243; img_size=&#8221;full&#8221; alignment=&#8221;center&#8221;][\/vc_column][\/vc_row][vc_row][vc_column][vc_column_text]El portaveu del Grup Municipal Socialista, Xisco Bergas, ha explicat que \u201cpensam que \u00e9s l\u2019obligaci\u00f3 d\u2019aquest Ajuntament fomentar i preservar la festa, escoltant a les parts i sempre amb el consens dels organitzadors, col\u00b7lectius implicats i la societat civil\u201d[\/vc_column_text][\/vc_column][\/vc_row][vc_row][vc_column][vc_column_text]L\u2019Agrupaci\u00f3 Socialista de Santa Margalida presentar\u00e0 una moci\u00f3 al proper ple del dijous 28&hellip;<\/p>\n","protected":false},"author":6,"featured_media":27887,"comment_status":"open","ping_status":"open","sticky":false,"template":"","format":"standard","meta":{"footnotes":""},"categories":[90,92],"tags":[84,205,493,494,206],"class_list":["post-27886","post","type-post","status-publish","format-standard","has-post-thumbnail","hentry","category-municipis","category-portada","tag-psib-psoe","tag-santa-margalida","tag-socialistes-de-santa-margalida","tag-xisca-gamundi","tag-xisco-bergas"],"_links":{"self":[{"href":"https:\/\/www.psib-psoe.org\/mallorca\/wp-json\/wp\/v2\/posts\/27886"}],"collection":[{"href":"https:\/\/www.psib-psoe.org\/mallorca\/wp-json\/wp\/v2\/posts"}],"about":[{"href":"https:\/\/www.psib-psoe.org\/mallorca\/wp-json\/wp\/v2\/types\/post"}],"author":[{"embeddable":true,"href":"https:\/\/www.psib-psoe.org\/mallorca\/wp-json\/wp\/v2\/users\/6"}],"replies":[{"embeddable":true,"href":"https:\/\/www.psib-psoe.org\/mallorca\/wp-json\/wp\/v2\/comments?post=27886"}],"version-history":[{"count":0,"href":"https:\/\/www.psib-psoe.org\/mallorca\/wp-json\/wp\/v2\/posts\/27886\/revisions"}],"wp:featuredmedia":[{"embeddable":true,"href":"https:\/\/www.psib-psoe.org\/mallorca\/wp-json\/wp\/v2\/media\/27887"}],"wp:attachment":[{"href":"https:\/\/www.psib-psoe.org\/mallorca\/wp-json\/wp\/v2\/media?parent=27886"}],"wp:term":[{"taxonomy":"category","embeddable":true,"href":"https:\/\/www.psib-psoe.org\/mallorca\/wp-json\/wp\/v2\/categories?post=27886"},{"taxonomy":"post_tag","embeddable":true,"href":"https:\/\/www.psib-psoe.org\/mallorca\/wp-json\/wp\/v2\/tags?post=27886"}],"curies":[{"name":"wp","href":"https:\/\/api.w.org\/{rel}","templated":true}]}}