{"id":27914,"date":"2023-09-27T18:30:24","date_gmt":"2023-09-27T16:30:24","guid":{"rendered":"http:\/\/www.psib-psoe.org\/mallorca\/?p=27914"},"modified":"2024-10-14T11:41:19","modified_gmt":"2024-10-14T09:41:19","slug":"el-psib-psoe-denuncia-la-demora-de-lajuntament-de-llucmajor-en-els-projectes-de-la-nova-residencia-per-a-persones-dependents-i-el-centre-de-dia-de-badia-gran","status":"publish","type":"post","link":"https:\/\/www.psib-psoe.org\/mallorca\/el-psib-psoe-denuncia-la-demora-de-lajuntament-de-llucmajor-en-els-projectes-de-la-nova-residencia-per-a-persones-dependents-i-el-centre-de-dia-de-badia-gran\/","title":{"rendered":"El PSIB-PSOE denuncia la demora de l\u2019Ajuntament de Llucmajor en els projectes de la nova Resid\u00e8ncia per a persones dependents i el centre de dia de Badia Gran"},"content":{"rendered":"<div class=\"wpb-content-wrapper\">[vc_row][vc_column][vc_single_image image=&#8221;27915&#8243; img_size=&#8221;full&#8221; alignment=&#8221;center&#8221;][\/vc_column][\/vc_row][vc_row][vc_column][vc_raw_html]JTNDaWZyYW1lJTIwc3JjJTNEJTIyaHR0cHMlM0ElMkYlMkZ3d3cuaXZvb3guY29tJTJGcGxheWVyX2VqXzExNjc3NjgxNF82XzEuaHRtbCUzRmMxJTNEZTQwNDIyJTIyJTIwd2lkdGglM0QlMjIxMDAlMjUlMjIlMjBoZWlnaHQlM0QlMjIyMDAlMjIlMjBmcmFtZWJvcmRlciUzRCUyMjAlMjIlMjBhbGxvd2Z1bGxzY3JlZW4lM0QlMjIlMjIlMjBzY3JvbGxpbmclM0QlMjJubyUyMiUyMGxvYWRpbmclM0QlMjJsYXp5JTIyJTNFJTNDJTJGaWZyYW1lJTNF[\/vc_raw_html][\/vc_column][\/vc_row][vc_row][vc_column][vc_column_text]<i><u><span lang=\"CA\">La Secret\u00e0ria General de la Federaci\u00f3 Socialista de Mallorca, Catalina Cladera, i el regidor socialista de Llucmajor, Jaume J. Oliver, exigeixen celeritat a les institucions implicades per que s\u2019enllesteixin els projectes de la nova resid\u00e8ncia de gent gran del poble, i el centre de dia de la urbanitzaci\u00f3 de Badia Gran, impulsats durant la passada legislatura<\/span><\/u><\/i>[\/vc_column_text][\/vc_column][\/vc_row][vc_row][vc_column][vc_column_text]Llucmajor encara no disposa de dues infraestructures vitals per donar servei a la gent gran del poble, i que es van impulsar durant la passada legislatura. La Resid\u00e8ncia de gent gran del poble t\u00e9 pendent d\u2019executar un projecte d\u2019ampliaci\u00f3 i d\u2019adaptaci\u00f3 de les seves sales a persones amb necessitats de depend\u00e8ncia. El juliol de l\u2019any passat el Consorci Sociosanitari del GOIB, el Consell de Mallorca a trav\u00e9s de l\u2019IMAS i l\u2019Ajuntament de Llucmajor van signar un conveni per col\u00b7laborar en un projecte de reforma valorat en 1,2 milions d\u2019euros.<\/p>\n<p>A dia d\u2019avui, aquest projecte no s\u2019ha posat en marxa, ja que l\u2019Ajuntament de Llucmajor no ha resolt l\u2019adaptaci\u00f3 de la normativa urban\u00edstica a les noves caracter\u00edstiques de la reforma de la Resid\u00e8ncia, condici\u00f3 sense la qual no es podia seguir amb les obligacions de la resta d\u2019administracions.<\/p>\n<p>La Secret\u00e0ria General de la Federaci\u00f3 Socialista de Mallorca, Catalina Cladera, ha denunciat que \u201cl\u2019Ajuntament demori injustificadament la posada en marxa de les dues infraestructures\u201d, i ha demanat \u201cmajor implicaci\u00f3 a totes les institucions involucrades per fer que la gent gran de Llucmajor pugui comptar a la major brevetat possible amb aquests dos equipaments b\u00e0sics per a la gent gran\u201d.<\/p>\n<p>El conveni preveia que el projecte i les obres serien executades pel Consorci Sociosanitari, mentre que la gesti\u00f3 de la Resid\u00e8ncia, un cop remodelada, seria cedida a l\u2019IMAS. No \u00e9s possible que el PP hagi repetit cont\u00ednuament que venien per resoldre les llistes d\u2019espera de la gent gran, i que quan tenen un projecte llest per poder-ho fer, no l\u2019executin\u201d, ha dit Cladera, que ha lamentat que el mateix conseller-president de l\u2019IMAS, Guillermo S\u00e1nchez, hagi adm\u00e8s que perdran recursos vinculats als fons europeus que durant la passada legislatura es van aconseguir per a finan\u00e7ar iniciatives de l\u2019IMAS de car\u00e0cter social.<\/p>\n<p>Cladera ha recordat que el president del Consell de Mallorca, Lloren\u00e7 Galm\u00e9s, va visitar Llucmajor la setmana passada i no va fer cap comprom\u00eds ni menci\u00f3 de continuar amb aquest projecte, reformar la resid\u00e8ncia i donar un servei millor a la gent depenent del municipi.<\/p>\n<p>Per la seva banda, el portaveu del PSIB a l\u2019Ajuntament de Llucmajor, Jaume J. Oliver, tamb\u00e9 ha denunciat la \u201cfalta de comprom\u00eds i immobilisme\u201d per part de l\u2019Ajuntament de Llucmajor a la resid\u00e8ncia. \u201cEls ve\u00efnats i ve\u00efnades de Llucmajor ens demanen com estan les obres de la residencia. Considerem que \u00e9s una actuaci\u00f3 que hauria de ser priorit\u00e0ria dins les pol\u00edtiques municipals\u201d ha afegit Oliver.<\/p>\n<p>D\u2019altra banda la situaci\u00f3 en el centre de dia de Badia Gran \u00e9s encara m\u00e9s estranya, donat que l\u2019obra del local est\u00e0 enllestida, per\u00f2 l\u2019Ajuntament no ha fet la dotaci\u00f3 de personal per aquest servei de compet\u00e8ncia plenament municipal, mentre que el Consorci no ha disposat el mobiliari del centre. \u201cBadia Gran \u00e9s una urbanitzaci\u00f3 on hi viu molta gent, i el centre de dia \u00e9s un servei molt necessari\u201d ha dit Cladera.<\/p>\n<p>De la seva part, Oliver ha concl\u00f2s que \u201cel centre de dia de Badia Gran fa m\u00e9s de tres anys que podria estar en funcionament. Aquest \u00e9s un altre exemple clar de la manca de voluntat pol\u00edtica per fer funcionar aquest centre de dia\u201d.[\/vc_column_text][\/vc_column][\/vc_row]\n<\/div>","protected":false},"excerpt":{"rendered":"<p>[vc_row][vc_column][vc_single_image image=&#8221;27915&#8243; img_size=&#8221;full&#8221; alignment=&#8221;center&#8221;][\/vc_column][\/vc_row][vc_row][vc_column][vc_raw_html]JTNDaWZyYW1lJTIwc3JjJTNEJTIyaHR0cHMlM0ElMkYlMkZ3d3cuaXZvb3guY29tJTJGcGxheWVyX2VqXzExNjc3NjgxNF82XzEuaHRtbCUzRmMxJTNEZTQwNDIyJTIyJTIwd2lkdGglM0QlMjIxMDAlMjUlMjIlMjBoZWlnaHQlM0QlMjIyMDAlMjIlMjBmcmFtZWJvcmRlciUzRCUyMjAlMjIlMjBhbGxvd2Z1bGxzY3JlZW4lM0QlMjIlMjIlMjBzY3JvbGxpbmclM0QlMjJubyUyMiUyMGxvYWRpbmclM0QlMjJsYXp5JTIyJTNFJTNDJTJGaWZyYW1lJTNF[\/vc_raw_html][\/vc_column][\/vc_row][vc_row][vc_column][vc_column_text]La Secret\u00e0ria General de la Federaci\u00f3 Socialista de Mallorca, Catalina Cladera, i el regidor socialista de Llucmajor, Jaume J. Oliver, exigeixen celeritat a les institucions implicades per que s\u2019enllesteixin els projectes de la nova resid\u00e8ncia de gent gran del poble, i el centre de dia de la urbanitzaci\u00f3 de Badia Gran, impulsats&hellip;<\/p>\n","protected":false},"author":6,"featured_media":27915,"comment_status":"closed","ping_status":"open","sticky":false,"template":"","format":"standard","meta":{"footnotes":""},"categories":[89,2,1,90,92],"tags":[105,497,234,98,84],"class_list":["post-27914","post","type-post","status-publish","format-standard","has-post-thumbnail","hentry","category-consell-de-mallorca","category-federacio-de-mallorca","category-federacio-de-mallorca-portada","category-municipis","category-portada","tag-catalina-cladera","tag-jaume-j-oliver","tag-jaume-oliver","tag-llucmajor","tag-psib-psoe"],"_links":{"self":[{"href":"https:\/\/www.psib-psoe.org\/mallorca\/wp-json\/wp\/v2\/posts\/27914"}],"collection":[{"href":"https:\/\/www.psib-psoe.org\/mallorca\/wp-json\/wp\/v2\/posts"}],"about":[{"href":"https:\/\/www.psib-psoe.org\/mallorca\/wp-json\/wp\/v2\/types\/post"}],"author":[{"embeddable":true,"href":"https:\/\/www.psib-psoe.org\/mallorca\/wp-json\/wp\/v2\/users\/6"}],"replies":[{"embeddable":true,"href":"https:\/\/www.psib-psoe.org\/mallorca\/wp-json\/wp\/v2\/comments?post=27914"}],"version-history":[{"count":0,"href":"https:\/\/www.psib-psoe.org\/mallorca\/wp-json\/wp\/v2\/posts\/27914\/revisions"}],"wp:featuredmedia":[{"embeddable":true,"href":"https:\/\/www.psib-psoe.org\/mallorca\/wp-json\/wp\/v2\/media\/27915"}],"wp:attachment":[{"href":"https:\/\/www.psib-psoe.org\/mallorca\/wp-json\/wp\/v2\/media?parent=27914"}],"wp:term":[{"taxonomy":"category","embeddable":true,"href":"https:\/\/www.psib-psoe.org\/mallorca\/wp-json\/wp\/v2\/categories?post=27914"},{"taxonomy":"post_tag","embeddable":true,"href":"https:\/\/www.psib-psoe.org\/mallorca\/wp-json\/wp\/v2\/tags?post=27914"}],"curies":[{"name":"wp","href":"https:\/\/api.w.org\/{rel}","templated":true}]}}