{"id":27930,"date":"2023-10-02T18:35:43","date_gmt":"2023-10-02T16:35:43","guid":{"rendered":"http:\/\/www.psib-psoe.org\/mallorca\/?p=27930"},"modified":"2024-10-14T11:41:19","modified_gmt":"2024-10-14T09:41:19","slug":"els-socialistes-de-mallorca-constitueixen-la-comissio-sectorial-de-drets-socials-i-igualtat","status":"publish","type":"post","link":"https:\/\/www.psib-psoe.org\/mallorca\/els-socialistes-de-mallorca-constitueixen-la-comissio-sectorial-de-drets-socials-i-igualtat\/","title":{"rendered":"Els socialistes de Mallorca constitueixen la comissi\u00f3 sectorial de Drets Socials i Igualtat"},"content":{"rendered":"<div class=\"wpb-content-wrapper\">[vc_row][vc_column][vc_single_image image=&#8221;27931&#8243; img_size=&#8221;full&#8221; alignment=&#8221;center&#8221;][\/vc_column][\/vc_row][vc_row][vc_column][vc_column_text]<em><u>L\u2019objectiu principal d\u2019aquesta comissi\u00f3 \u00e9s seguir impulsant, tant en els ajuntaments on governen els socialistes com des de l\u2019oposici\u00f3, pol\u00edtiques socials que garanteixin la plena igualtat, la just\u00edcia social i la plena inclusi\u00f3<\/u><\/em>[\/vc_column_text][\/vc_column][\/vc_row][vc_row][vc_column][vc_column_text]Els socialistes de Mallorca han constitu\u00eft aquest horabaixa la comissi\u00f3 sectorial de Drets Socials i Igualtat amb l\u2019objectiu principal de seguir impulsant tant en els ajuntaments on governen els socialistes com des de l\u2019oposici\u00f3 pol\u00edtiques socials que garanteixin la plena igualtat, la just\u00edcia social i la plena inclusi\u00f3.<\/p>\n<p>A la reuni\u00f3 de constituci\u00f3 de la comissi\u00f3 sectorial de Drets Socials i Igualtat s\u2019ha explicat el pla de feina que s\u2019ha proposat des del Consell de Mallorca per aquesta legislatura, que b\u00e0sicament ve a ser un instrument de coordinaci\u00f3 entre els distints grups del partit, les entitats del Tercer Sector i grups socials, i que marca de manera estrat\u00e8gica q\u00fcestions a vigilar des de la pol\u00edtica insular i municipal en mat\u00e8ria de drets socials.<\/p>\n<p>La consellera del Grup Socialista al Consell de Mallorca, Sofia Alonso, ha explicat que \u201cdes del partit socialista sempre hem volgut treballar per fer una societat m\u00e9s justa, m\u00e9s inclusiva i que ofereixi oportunitats reals perqu\u00e8 les persones puguin desenvolupar el seu projecte de vida\u201d.<\/p>\n<p>A m\u00e9s, Alonso ha afegit que \u201cper aconseguir aquest repte s\u2019ha de treballar en vers una s\u00e8rie de l\u00ednies estrat\u00e8giques i que les pol\u00edtiques socials que hem anat impulsant quan hem tingut la responsabilitat de govern. \u00c9s per aix\u00f2 que considerem imprescindible, seguir treballant per garantir els drets socials ja conquerits i sobretot en no retrocedir ni una passa amb cap d\u2019ells\u201d.<\/p>\n<p>La portaveu del Grup Socialista al Consell de Mallorca i secret\u00e0ria general de la Federaci\u00f3 Socialista de Mallorca, Catalina Cladera, tamb\u00e9 ha participat en la reuni\u00f3 i ha remarcat el \u201ccomprom\u00eds del partit socialista per no perdre els avan\u00e7os que s\u2019han fet en drets socials i igualtat aquests darrers anys\u201d.[\/vc_column_text][\/vc_column][\/vc_row]\n<\/div>","protected":false},"excerpt":{"rendered":"<p>[vc_row][vc_column][vc_single_image image=&#8221;27931&#8243; img_size=&#8221;full&#8221; alignment=&#8221;center&#8221;][\/vc_column][\/vc_row][vc_row][vc_column][vc_column_text]L\u2019objectiu principal d\u2019aquesta comissi\u00f3 \u00e9s seguir impulsant, tant en els ajuntaments on governen els socialistes com des de l\u2019oposici\u00f3, pol\u00edtiques socials que garanteixin la plena igualtat, la just\u00edcia social i la plena inclusi\u00f3[\/vc_column_text][\/vc_column][\/vc_row][vc_row][vc_column][vc_column_text]Els socialistes de Mallorca han constitu\u00eft aquest horabaixa la comissi\u00f3 sectorial de Drets Socials i Igualtat amb l\u2019objectiu principal de&hellip;<\/p>\n","protected":false},"author":6,"featured_media":27931,"comment_status":"closed","ping_status":"open","sticky":false,"template":"","format":"standard","meta":{"footnotes":""},"categories":[2,1,90,92],"tags":[105,84,296],"class_list":["post-27930","post","type-post","status-publish","format-standard","has-post-thumbnail","hentry","category-federacio-de-mallorca","category-federacio-de-mallorca-portada","category-municipis","category-portada","tag-catalina-cladera","tag-psib-psoe","tag-sofia-alonso"],"_links":{"self":[{"href":"https:\/\/www.psib-psoe.org\/mallorca\/wp-json\/wp\/v2\/posts\/27930"}],"collection":[{"href":"https:\/\/www.psib-psoe.org\/mallorca\/wp-json\/wp\/v2\/posts"}],"about":[{"href":"https:\/\/www.psib-psoe.org\/mallorca\/wp-json\/wp\/v2\/types\/post"}],"author":[{"embeddable":true,"href":"https:\/\/www.psib-psoe.org\/mallorca\/wp-json\/wp\/v2\/users\/6"}],"replies":[{"embeddable":true,"href":"https:\/\/www.psib-psoe.org\/mallorca\/wp-json\/wp\/v2\/comments?post=27930"}],"version-history":[{"count":0,"href":"https:\/\/www.psib-psoe.org\/mallorca\/wp-json\/wp\/v2\/posts\/27930\/revisions"}],"wp:featuredmedia":[{"embeddable":true,"href":"https:\/\/www.psib-psoe.org\/mallorca\/wp-json\/wp\/v2\/media\/27931"}],"wp:attachment":[{"href":"https:\/\/www.psib-psoe.org\/mallorca\/wp-json\/wp\/v2\/media?parent=27930"}],"wp:term":[{"taxonomy":"category","embeddable":true,"href":"https:\/\/www.psib-psoe.org\/mallorca\/wp-json\/wp\/v2\/categories?post=27930"},{"taxonomy":"post_tag","embeddable":true,"href":"https:\/\/www.psib-psoe.org\/mallorca\/wp-json\/wp\/v2\/tags?post=27930"}],"curies":[{"name":"wp","href":"https:\/\/api.w.org\/{rel}","templated":true}]}}