{"id":27944,"date":"2023-10-04T18:15:05","date_gmt":"2023-10-04T16:15:05","guid":{"rendered":"http:\/\/www.psib-psoe.org\/mallorca\/?p=27944"},"modified":"2024-10-14T11:41:19","modified_gmt":"2024-10-14T09:41:19","slug":"el-grup-de-consellers-socialistes-denuncien-que-el-president-del-consell-de-mallorca-llorenc-galmes-torna-a-fer-servir-els-menors-tutelats-com-a-arma-politica","status":"publish","type":"post","link":"https:\/\/www.psib-psoe.org\/mallorca\/el-grup-de-consellers-socialistes-denuncien-que-el-president-del-consell-de-mallorca-llorenc-galmes-torna-a-fer-servir-els-menors-tutelats-com-a-arma-politica\/","title":{"rendered":"El Grup de Consellers Socialistes denuncien que el president del Consell de Mallorca, Lloren\u00e7 Galm\u00e9s torna a fer servir els menors tutelats com a arma pol\u00edtica."},"content":{"rendered":"<div class=\"wpb-content-wrapper\">[vc_row][vc_column][vc_single_image image=&#8221;27755&#8243; img_size=&#8221;full&#8221; alignment=&#8221;center&#8221;][\/vc_column][\/vc_row][vc_row][vc_column][vc_column_text]<u>Les acusacions del sr. Galm\u00e9s cap a les actuacions de l\u2019IMAS durant la passada legislatura, demostren la baix\u00edssima condici\u00f3 \u00e8tica i moral del president del Consell, que segueix considerant els i les menors tutelades a Mallorca com un instrument pol\u00edtic al seu servei. La demag\u00f2gia emprada pel sr. Galm\u00e9s mai ser\u00e0 la moneda de canvi dels socialistes de Mallorca que, abans en el Govern i ara des de l\u2019oposici\u00f3, sempre tindran en compte l\u2019inter\u00e8s superior dels menors en el tracte de la problem\u00e0tica social de l\u2019explotaci\u00f3 sexual infantil.<\/u>[\/vc_column_text][\/vc_column][\/vc_row][vc_row][vc_column][vc_column_text]El president del Consell de Mallorca, Lloren\u00e7 Galm\u00e9s, ha tornat a usar els menors tutelats com a arma llanc\u00edvola en contra de l\u2019anterior administraci\u00f3 de la Instituci\u00f3. Al\u00b7ludir de nou a \u201cl\u2019esc\u00e0ndol dels menors tutelats de la passada legislatura\u201d quan en la mateixa roda de premsa s\u2019est\u00e0 informant de l\u2019aparici\u00f3 de tres possibles nous casos d\u2019Escia, ja sota l\u2019actual administraci\u00f3, suposa una enorme indec\u00e8ncia.<\/p>\n<p>A aquest respecte, el Grup de Consellers Socialistes manifesten la seva preocupaci\u00f3 per la recent detecci\u00f3 de tres possibles nous casos d\u2019explotaci\u00f3 sexual infantil entre menors tutelats per l\u2019IMAS a Mallorca. Des del Grup socialista s\u2019ha mostrat tot el suport en la feina del Consell de Mallorca com a instituci\u00f3 tutelar, conjuntament amb les entotats concertades del tercer sector que presten servei conjuntament alb l\u2019Administraci\u00f3, Fiscalia, Policia Nacional i Gu\u00e0rdia Civil, Poder Judicial, per a la persecuci\u00f3 i eradicaci\u00f3 de l\u2019explotaci\u00f3 sexual infantil a la nostra illa.<\/p>\n<p>Durant la roda de premsa Galm\u00e9s ha dit que inicien els tr\u00e0mits administratius per la contractaci\u00f3 d\u2019una auditoria per aclarir els 16 casos d\u2019Escia de la passada legislatura. Minuts despr\u00e9s, i en la mateixa roda de premsa, el conseller S\u00e1nchez ha corregit Galm\u00e9s i ha dit que l\u2019auditoria ser\u00e0 per a millorar els procediments t\u00e8cnics i de gesti\u00f3, per\u00f2 que els 16 casos de la passada legislatura estan judicialitzats i que en cap cas l\u2019auditoria no pot entrar dins dels expedients dels menors tutelats.<\/p>\n<p>A preguntes sobre l\u2019auditoria que havia d\u2019estar en marxa en els primers 100 dies de la legislatura, ni S\u00e1nchez ni Galm\u00e9s han sabut explicar ni el cost, ni l\u2019abast, ni l\u2019empresa contractista, \u00a0ni el procediment administratiu que es far\u00e0 servir. No obstant aix\u00f2, els socialistes del Consell de Mallorca comprometen la seva col\u00b7laboraci\u00f3 en tot all\u00f2 que pugui ser susceptible de beneficiar el sistema de tutela, i evitaran fer dels menors un tema de discussi\u00f3 pol\u00edtica en contra de l\u2019equip del govern, per respecte als menors, als professionals de les entitats concertades i a l\u2019estructura de l\u2019IMAS, la professionalitat de la qual ha quedat suficientment provada.<\/p>\n<p>No ha estat aquesta l\u2019\u00fanica contradicci\u00f3 entre el missatge de Galm\u00e9s i el de S\u00e1nchez. Durant la seva intervenci\u00f3 davant dels mitjans, Galm\u00e9s ha fet refer\u00e8ncia a la \u201cvergonya per Mallorca\u201d que ha suposat ser objecte d\u2019una missi\u00f3 europea que va emetre un informe sobre el servei de tutela de menors a Mallorca. S\u00e1nchez ha aclarit m\u00e9s tard que \u201cel 80 %\u201d de les propostes de l\u2019informe europeu ja s\u2019estan aplicant o en tr\u00e0mit d\u2019aplicaci\u00f3.<\/p>\n<p>S\u00e1nchez ha presentat com a principals accions de la \u201cnova\u201d gesti\u00f3 de l\u2019IMAS la posada en marxa d\u2019un nou centre de primera acollida per menors, i dos nous centres finan\u00e7ats amb fons europeus. Tres iniciatives que venen de la passada legislatura. \u00a0S\u00e1nchez s\u2019ha referit tamb\u00e9 a la millora de la coordinaci\u00f3 entre IMAS, Fiscalia, Policia i Gu\u00e0rdia Civil en la persecuci\u00f3 de casos d\u2019Escia. Una coordinaci\u00f3 que tamb\u00e9 estava implementada i reglada des de la passada legislatura.<\/p>\n<p>Un cop m\u00e9s cal lamentar l\u2019actitud penosa de Lloren\u00e7 Galm\u00e9s, abans des de l\u2019oposici\u00f3, i ara a la presid\u00e8ncia del Consell, per la permanent utilitzaci\u00f3 pol\u00edtica dels menors, per desgastar al rival pol\u00edtic, i la nul\u00b7la transpar\u00e8ncia en la gesti\u00f3 de la instituci\u00f3 com es demostra per tenir clausurat el Portal de Transpar\u00e8ncia des de l\u2019inici de la legislatura, i l\u2019aflorament de casos d\u2019incompatibilitat a la instituci\u00f3 en la figura de la consellera electa del PP Raquel S\u00e1nchez, i del Secretari t\u00e8cnic del departament de Territori, Jos\u00e9 Penad\u00e9s.[\/vc_column_text][\/vc_column][\/vc_row]\n<\/div>","protected":false},"excerpt":{"rendered":"<p>[vc_row][vc_column][vc_single_image image=&#8221;27755&#8243; img_size=&#8221;full&#8221; alignment=&#8221;center&#8221;][\/vc_column][\/vc_row][vc_row][vc_column][vc_column_text]Les acusacions del sr. Galm\u00e9s cap a les actuacions de l\u2019IMAS durant la passada legislatura, demostren la baix\u00edssima condici\u00f3 \u00e8tica i moral del president del Consell, que segueix considerant els i les menors tutelades a Mallorca com un instrument pol\u00edtic al seu servei. La demag\u00f2gia emprada pel sr. Galm\u00e9s mai ser\u00e0 la&hellip;<\/p>\n","protected":false},"author":3,"featured_media":27755,"comment_status":"closed","ping_status":"open","sticky":false,"template":"","format":"standard","meta":{"footnotes":""},"categories":[89,92],"tags":[105,83,134,226,160,84,296],"class_list":["post-27944","post","type-post","status-publish","format-standard","has-post-thumbnail","hentry","category-consell-de-mallorca","category-portada","tag-catalina-cladera","tag-consell-de-mallorca","tag-imas","tag-javier-de-juan","tag-mallorca","tag-psib-psoe","tag-sofia-alonso"],"_links":{"self":[{"href":"https:\/\/www.psib-psoe.org\/mallorca\/wp-json\/wp\/v2\/posts\/27944"}],"collection":[{"href":"https:\/\/www.psib-psoe.org\/mallorca\/wp-json\/wp\/v2\/posts"}],"about":[{"href":"https:\/\/www.psib-psoe.org\/mallorca\/wp-json\/wp\/v2\/types\/post"}],"author":[{"embeddable":true,"href":"https:\/\/www.psib-psoe.org\/mallorca\/wp-json\/wp\/v2\/users\/3"}],"replies":[{"embeddable":true,"href":"https:\/\/www.psib-psoe.org\/mallorca\/wp-json\/wp\/v2\/comments?post=27944"}],"version-history":[{"count":0,"href":"https:\/\/www.psib-psoe.org\/mallorca\/wp-json\/wp\/v2\/posts\/27944\/revisions"}],"wp:featuredmedia":[{"embeddable":true,"href":"https:\/\/www.psib-psoe.org\/mallorca\/wp-json\/wp\/v2\/media\/27755"}],"wp:attachment":[{"href":"https:\/\/www.psib-psoe.org\/mallorca\/wp-json\/wp\/v2\/media?parent=27944"}],"wp:term":[{"taxonomy":"category","embeddable":true,"href":"https:\/\/www.psib-psoe.org\/mallorca\/wp-json\/wp\/v2\/categories?post=27944"},{"taxonomy":"post_tag","embeddable":true,"href":"https:\/\/www.psib-psoe.org\/mallorca\/wp-json\/wp\/v2\/tags?post=27944"}],"curies":[{"name":"wp","href":"https:\/\/api.w.org\/{rel}","templated":true}]}}