{"id":27969,"date":"2023-10-18T17:19:10","date_gmt":"2023-10-18T15:19:10","guid":{"rendered":"http:\/\/www.psib-psoe.org\/mallorca\/?p=27969"},"modified":"2024-10-14T11:41:18","modified_gmt":"2024-10-14T09:41:18","slug":"la-renuncia-del-sr-panades-al-seu-carrec-al-collegi-oficial-daparelladors-de-mallorca-deixa-en-evidencia-al-sr-galmes","status":"publish","type":"post","link":"https:\/\/www.psib-psoe.org\/mallorca\/la-renuncia-del-sr-panades-al-seu-carrec-al-collegi-oficial-daparelladors-de-mallorca-deixa-en-evidencia-al-sr-galmes\/","title":{"rendered":"La ren\u00fancia del sr. Panad\u00e8s al seu c\u00e0rrec al Col\u00b7legi Oficial d\u2019Aparelladors de Mallorca deixa en evid\u00e8ncia al sr. Galm\u00e9s"},"content":{"rendered":"<div class=\"wpb-content-wrapper\">[vc_row][vc_column][vc_single_image image=&#8221;27941&#8243; img_size=&#8221;full&#8221; alignment=&#8221;center&#8221;][\/vc_column][\/vc_row][vc_row][vc_column][vc_column_text]<em><u>El Secretari t\u00e8cnic del departament Territori, Mobilitat i Infraestructures del Consell, Jos\u00e9 Panad\u00e9s, ha desenvolupat durant 100 dies el c\u00e0rrec p\u00fablic simult\u00e0niament el de secretari del Col\u00b7legi Oficial d\u2019Aparelladors i Arquitectes T\u00e8cnics de Mallorca, al qual acaba de renunciar, segons figura en el web del Col\u00b7legi. Els socialistes del Consell segueixen reclamant la dimissi\u00f3 de Panad\u00e9s per conflicte d\u2019interessos durant el temps que ha compatibilitzat els dos c\u00e0rrecs i acusen el president del Consell de mentir en dir que hi havia informes jur\u00eddics que avalaven la doble contractaci\u00f3 de Penad\u00e9s<\/u><\/em>[\/vc_column_text][\/vc_column][\/vc_row][vc_row][vc_column][vc_column_text]\n<p style=\"font-weight: 400;\">La ren\u00fancia del sr. Panad\u00e8s al c\u00e0rrec de secretari del Col\u00b7legi Oficial d\u2019Aparelladors de Mallorca deixa en evid\u00e8ncia al sr Galm\u00e9s, i l\u2019obliga a \u201cfer dimitir del seu c\u00e0rrec al Consell per haver com\u00e8s conflicte d\u2019interessos durant el temps que ha exercit simult\u00e0niament els dos c\u00e0rrecs\u201d, ha dit la portaveu del Grup de Consellers Socialistes, Catalina Cladera.<\/p>\n<p style=\"font-weight: 400;\">En opini\u00f3 de Cladera, el fet que Penad\u00e9s hagi renunciat ara al seu c\u00e0rrec al Col\u00b7legi Oficial, despr\u00e9s de la den\u00fancia formulada pels socialistes i elevada a la Oficina Anticorrupci\u00f3 de les Illes Balears, \u201cconfirma la seva incompatibilitat des del primer dia que va entrar al Consell\u201d per duplicitat de c\u00e0rrecs i manifest conflicte d\u2019interessos i deixa en evid\u00e8ncia la defensa que li va fer el president del Consell de Mallorca.<\/p>\n<p style=\"font-weight: 400;\">Els socialistes apunten cap al sr. Galm\u00e9s com a responsable principal de la irregularitat legal comesa amb la duplicitat de c\u00e0rrecs del ST de Territori, al qual va defensar p\u00fablicament afirmant que disposava de dos informes que avalaven la compatibilitat de l\u2019alt c\u00e0rrec del Consell, un de Secretaria General de la Instituci\u00f3, i l\u2019altra dels serveis jur\u00eddics del Col\u00b7legi. La ren\u00fancia de Penad\u00e9s \u201cdeixa en evid\u00e8ncia Galm\u00e9s\u201d, que no ha estat capa\u00e7 de mostrar cap dels informes que va citar, com ha demanat de manera oficial el Grup de Consellers Socialistes del Consell de Mallorca.<\/p>\n<p style=\"font-weight: 400;\">Els socialistes van reclamar la incompatibilitat de Penad\u00e9s a la llum d\u2019all\u00f2 que disposen diferents articles de la Llei de Consells Insulars i la d\u2019Incompatibilitat de la Comunitat Aut\u00f2noma de les Illes Balears. El GCS ha interposat un recurs per aquesta q\u00fcesti\u00f3 davant l\u2019Oficina Anticorrupci\u00f3 de les Illes Balears.<\/p>\n<p style=\"font-weight: 400;\">Com ha quedat acreditat, Penad\u00e9s, en la seva doble condici\u00f3, va participar a finals del passat mes d\u2019agost en una reuni\u00f3 entre la consellera d\u2019Habitatge del Govern, Marta Vidal, el conseller de Territori del Consell, Fernando Rubio i el president del COAAT Mallorca, en la qual s\u2019haurien posat les bases per la inclusi\u00f3 del Col\u00b7legi dins de la Comissi\u00f3 Insular d\u2019Urbanisme.<\/p>\n<p style=\"font-weight: 400;\">La participaci\u00f3 de Penad\u00e9s en aquestes gestions mentre mantenia c\u00e0rrecs tant al Consell com al Col\u00b7legi d\u2019Aparelladors suposa un conflicte d\u2019interessos per a un empleat p\u00fablic, i hauria de suposar la destituci\u00f3 immediat com a Secretari del departament de Territori del Consell.<\/p>\n[\/vc_column_text][\/vc_column][\/vc_row]\n<\/div>","protected":false},"excerpt":{"rendered":"<p>[vc_row][vc_column][vc_single_image image=&#8221;27941&#8243; img_size=&#8221;full&#8221; alignment=&#8221;center&#8221;][\/vc_column][\/vc_row][vc_row][vc_column][vc_column_text]El Secretari t\u00e8cnic del departament Territori, Mobilitat i Infraestructures del Consell, Jos\u00e9 Panad\u00e9s, ha desenvolupat durant 100 dies el c\u00e0rrec p\u00fablic simult\u00e0niament el de secretari del Col\u00b7legi Oficial d\u2019Aparelladors i Arquitectes T\u00e8cnics de Mallorca, al qual acaba de renunciar, segons figura en el web del Col\u00b7legi. Els socialistes del Consell segueixen reclamant&hellip;<\/p>\n","protected":false},"author":6,"featured_media":27941,"comment_status":"closed","ping_status":"open","sticky":false,"template":"","format":"standard","meta":{"footnotes":""},"categories":[89,92],"tags":[105,83,160,84],"class_list":["post-27969","post","type-post","status-publish","format-standard","has-post-thumbnail","hentry","category-consell-de-mallorca","category-portada","tag-catalina-cladera","tag-consell-de-mallorca","tag-mallorca","tag-psib-psoe"],"_links":{"self":[{"href":"https:\/\/www.psib-psoe.org\/mallorca\/wp-json\/wp\/v2\/posts\/27969"}],"collection":[{"href":"https:\/\/www.psib-psoe.org\/mallorca\/wp-json\/wp\/v2\/posts"}],"about":[{"href":"https:\/\/www.psib-psoe.org\/mallorca\/wp-json\/wp\/v2\/types\/post"}],"author":[{"embeddable":true,"href":"https:\/\/www.psib-psoe.org\/mallorca\/wp-json\/wp\/v2\/users\/6"}],"replies":[{"embeddable":true,"href":"https:\/\/www.psib-psoe.org\/mallorca\/wp-json\/wp\/v2\/comments?post=27969"}],"version-history":[{"count":0,"href":"https:\/\/www.psib-psoe.org\/mallorca\/wp-json\/wp\/v2\/posts\/27969\/revisions"}],"wp:featuredmedia":[{"embeddable":true,"href":"https:\/\/www.psib-psoe.org\/mallorca\/wp-json\/wp\/v2\/media\/27941"}],"wp:attachment":[{"href":"https:\/\/www.psib-psoe.org\/mallorca\/wp-json\/wp\/v2\/media?parent=27969"}],"wp:term":[{"taxonomy":"category","embeddable":true,"href":"https:\/\/www.psib-psoe.org\/mallorca\/wp-json\/wp\/v2\/categories?post=27969"},{"taxonomy":"post_tag","embeddable":true,"href":"https:\/\/www.psib-psoe.org\/mallorca\/wp-json\/wp\/v2\/tags?post=27969"}],"curies":[{"name":"wp","href":"https:\/\/api.w.org\/{rel}","templated":true}]}}