{"id":27975,"date":"2023-10-19T12:50:48","date_gmt":"2023-10-19T10:50:48","guid":{"rendered":"http:\/\/www.psib-psoe.org\/mallorca\/?p=27975"},"modified":"2024-10-14T11:41:18","modified_gmt":"2024-10-14T09:41:18","slug":"limas-deixa-perdre-43-me-de-fons-europeus-ja-concedits-per-financar-dos-centres-de-primera-acollida-de-menors","status":"publish","type":"post","link":"https:\/\/www.psib-psoe.org\/mallorca\/limas-deixa-perdre-43-me-de-fons-europeus-ja-concedits-per-financar-dos-centres-de-primera-acollida-de-menors\/","title":{"rendered":"L\u2019IMAS deixa perdre 4,3 M\u20ac de fons europeus ja concedits per finan\u00e7ar dos centres de primera acollida de menors."},"content":{"rendered":"<div class=\"wpb-content-wrapper\">[vc_row][vc_column][vc_single_image image=&#8221;27976&#8243; img_size=&#8221;full&#8221; alignment=&#8221;center&#8221;][\/vc_column][\/vc_row][vc_row][vc_column][vc_column_text]<u>El Grup Socialista al Consell s\u2019ha oposat a la modificaci\u00f3 de cr\u00e8dit per aportar recursos propis a dues infraestructures projectades durant la passada legislatura a l\u2019IMAS i que ja comptaven amb finan\u00e7ament europeu que l\u2019actual direcci\u00f3 ha renunciat a seguir tramitant. Cladera ha denunciat \u201cel mal \u00fas dels recursos p\u00fablics que fa el Consell; la manca de transpar\u00e8ncia en la gesti\u00f3 per les incompatibilitats d\u2019alts c\u00e0rrecs; i l\u2019adaptaci\u00f3 a mida de les atribucions del Director insular d\u2019Activitats.\u201d <\/u>[\/vc_column_text][\/vc_column][\/vc_row][vc_row][vc_column][vc_column_text]L\u2019IMAS deixa perdre 4,3 milions d\u2019euros de finan\u00e7ament europeu per a projectes socials amb menors, per un mal \u00fas dels recursos propis de part del conseller-president de l\u2019IMAS Guillermo S\u00e1nchez. El ple del Consell ha aprovat una Modificaci\u00f3 de cr\u00e8dit per aportar 4,3 milions per a la construcci\u00f3 de dos centres de menors a c\u00e0rrec de l\u2019IMAS, amb recursos propis provinents dels romanents de tresoreria de 2023. En canvi des de la passada legislatura ja hi havia el comprom\u00eds que aquests centres es fessin amb finan\u00e7ament dels Fons Next Generation, que ara es perdran.<\/p>\n<p>Denunciam les mentides del sr. S\u00e1nchez\u201d, ha afirmat la portaveu dels socialistes al Consell de Mallorca, Catalina Cladera, per que \u201ces fan servir recursos propis quan es podrien emprar els fons europeus per un projectes que els vam deixar preparat de la passada legislatura\u201d. El passat mes d\u2019agost el president de l\u2019IMAS va afirmar que no es podrien fer servir els fons Next Generation, per que no hi havia temps per fer les tramitacions. Per\u00f2 ara s\u2019ha sabut que els terminis per la justificaci\u00f3 de les obres per accedir al finan\u00e7ament europeu s\u2019ha allargat fins 2025 i 2026, en el cas dels dos projectes concrets per a construir dos nous centres de primera acollida de menors. Malgrat que el conseller S\u00e1nchez sabia aquesta circumst\u00e0ncia, des del passat dia 6 d\u2019octubre, ha preferit callar i seguir amb la tramitaci\u00f3 de la modificaci\u00f3 de cr\u00e8dit que avui ha anat a ple, i que obliga a renunciar als 4,3 milions d\u2019Europa que ja estaven concedits.<\/p>\n<p>\u201cEs tracta d\u2019un clar cas de mala gesti\u00f3 \u00a0de recursos propis\u201d, ha afirmat Cladera, per fer una obra necess\u00e0ria, que amb una gesti\u00f3 adequada s\u2019hagu\u00e9s pogut fer amb fons aliens al Consell de Mallorca, per\u00f2 que per la tossuderia de S\u00e1nchez i Galm\u00e9s, ara es far\u00e0 amb recursos de tots els mallorquins i mallorquines.<\/p>\n<p><strong>PPVOX al Consell fa un c\u00e0rrec a mida per al Director insular d\u2019Activitats<\/strong><\/p>\n<p>D\u2019igual manera Cladera ha carregat contra la deficient pol\u00edtica de contractaci\u00f3 d\u2019alts c\u00e0rrecs del Consell, despr\u00e9s que s\u2019hagi sabut que s\u2019ha adaptat el c\u00e0rrec de la direcci\u00f3 insular d\u2019Activitats \u201ca la mida\u201d de Rafel Oliver Barros, cap del PP d\u2019Algaida, per tractar d\u2019evitar una m\u00e9s que possible incompatibilitat del seu c\u00e0rrec amb la seva ocupaci\u00f3 particular com a inspector de l\u2019empresa concession\u00e0ria de la ITV a Mallorca. Aquesta empresa \u00e9s adjudicat\u00e0ria del contracte de gesti\u00f3 de la inspecci\u00f3 de vehicles a Mallorca, que depenia org\u00e0nicament de la pr\u00f2pia direcci\u00f3 insular fins al passat mes d\u2019agost.<\/p>\n<p>Oliver Barros va ser nomenat el passat mes de juliol com a Director insular de la Inspecci\u00f3 T\u00e8cnica de Vehicles i Activitats. Per\u00f2 un mes despr\u00e9s una resoluci\u00f3 del conseller de Territori, Fernando Rubio, va servir per llevar el servei de la ITV de la incumb\u00e8ncia de la direcci\u00f3 insular, i canviar-li el nom per el de DI d\u2019Activitats.<\/p>\n<p>Cladera ha afirmat que \u201cestam molt preocupats per que estam veient multitud de casos d\u2019incompatibilitat al Consell, amb la sra. Raquel S\u00e1nchez que segueix de consellera electa, el sr. Penad\u00e9s que ha dimitit del seu c\u00e0rrec al Col\u00b7legi d\u2019Aparelladors per\u00f2 continua com a Secretari t\u00e8cnic de Territori, o el Director insular de Cultura, Guillem Ginard, involucrat en el suposat cas de corrupci\u00f3 urban\u00edstica de Campos, i ara se suma el del sr. Oliver a la ITV de Mallorca\u201d.<\/p>\n<p>Es tracta d\u2019un cas d\u2019adaptaci\u00f3 del c\u00e0rrec a mesura del perfil de qui l\u2019ocupa, que a m\u00e9s \u00e9s un militant del PP, candidat a la batlia d\u2019Algaida a les eleccions de 2023. A m\u00e9s, un cop realitzat el canvi nominal i d\u2019atribucions de la direcci\u00f3 insular, Oliver Barros ha seguit participant a actes relacionats amb la ITV, com per exemple, la visita del president del Consell, Lloren\u00e7 Galm\u00e9s, a les obres de l\u2019estaci\u00f3 de la ITV de Calvi\u00e0, aquest passat m\u00e9s de setembre.<\/p>\n<p>\u201c\u00c9s molt curi\u00f3s aquest degoteig de casos al Consell, justament quan PPVOX han anunciat el tancament imminent de la Oficina Anticorrupci\u00f3 de les Illes Balears\u201d, ha dit Catalina Cladera.<\/p>\n[\/vc_column_text][\/vc_column][\/vc_row]\n<\/div>","protected":false},"excerpt":{"rendered":"<p>[vc_row][vc_column][vc_single_image image=&#8221;27976&#8243; img_size=&#8221;full&#8221; alignment=&#8221;center&#8221;][\/vc_column][\/vc_row][vc_row][vc_column][vc_column_text]El Grup Socialista al Consell s\u2019ha oposat a la modificaci\u00f3 de cr\u00e8dit per aportar recursos propis a dues infraestructures projectades durant la passada legislatura a l\u2019IMAS i que ja comptaven amb finan\u00e7ament europeu que l\u2019actual direcci\u00f3 ha renunciat a seguir tramitant. Cladera ha denunciat \u201cel mal \u00fas dels recursos p\u00fablics que fa&hellip;<\/p>\n","protected":false},"author":3,"featured_media":27976,"comment_status":"closed","ping_status":"open","sticky":false,"template":"","format":"standard","meta":{"footnotes":""},"categories":[89,2,1,92],"tags":[105,83,134,84],"class_list":["post-27975","post","type-post","status-publish","format-standard","has-post-thumbnail","hentry","category-consell-de-mallorca","category-federacio-de-mallorca","category-federacio-de-mallorca-portada","category-portada","tag-catalina-cladera","tag-consell-de-mallorca","tag-imas","tag-psib-psoe"],"_links":{"self":[{"href":"https:\/\/www.psib-psoe.org\/mallorca\/wp-json\/wp\/v2\/posts\/27975"}],"collection":[{"href":"https:\/\/www.psib-psoe.org\/mallorca\/wp-json\/wp\/v2\/posts"}],"about":[{"href":"https:\/\/www.psib-psoe.org\/mallorca\/wp-json\/wp\/v2\/types\/post"}],"author":[{"embeddable":true,"href":"https:\/\/www.psib-psoe.org\/mallorca\/wp-json\/wp\/v2\/users\/3"}],"replies":[{"embeddable":true,"href":"https:\/\/www.psib-psoe.org\/mallorca\/wp-json\/wp\/v2\/comments?post=27975"}],"version-history":[{"count":0,"href":"https:\/\/www.psib-psoe.org\/mallorca\/wp-json\/wp\/v2\/posts\/27975\/revisions"}],"wp:featuredmedia":[{"embeddable":true,"href":"https:\/\/www.psib-psoe.org\/mallorca\/wp-json\/wp\/v2\/media\/27976"}],"wp:attachment":[{"href":"https:\/\/www.psib-psoe.org\/mallorca\/wp-json\/wp\/v2\/media?parent=27975"}],"wp:term":[{"taxonomy":"category","embeddable":true,"href":"https:\/\/www.psib-psoe.org\/mallorca\/wp-json\/wp\/v2\/categories?post=27975"},{"taxonomy":"post_tag","embeddable":true,"href":"https:\/\/www.psib-psoe.org\/mallorca\/wp-json\/wp\/v2\/tags?post=27975"}],"curies":[{"name":"wp","href":"https:\/\/api.w.org\/{rel}","templated":true}]}}