{"id":27978,"date":"2023-10-20T10:23:56","date_gmt":"2023-10-20T08:23:56","guid":{"rendered":"http:\/\/www.psib-psoe.org\/mallorca\/?p=27978"},"modified":"2024-10-14T11:41:18","modified_gmt":"2024-10-14T09:41:18","slug":"liel-consell-de-mallorca-aprova-que-limas-assumeixi-la-gestio-de-les-residencies-municipals-de-gent-gran-a-proposta-del-grup-socialista","status":"publish","type":"post","link":"https:\/\/www.psib-psoe.org\/mallorca\/liel-consell-de-mallorca-aprova-que-limas-assumeixi-la-gestio-de-les-residencies-municipals-de-gent-gran-a-proposta-del-grup-socialista\/","title":{"rendered":"El Consell de Mallorca aprova que l\u2019IMAS assumeixi la gesti\u00f3 de les resid\u00e8ncies municipals de gent gran, a proposta del Grup Socialista"},"content":{"rendered":"<div class=\"wpb-content-wrapper\">[vc_row][vc_column][vc_single_image image=&#8221;27979&#8243; img_size=&#8221;full&#8221; alignment=&#8221;center&#8221;][\/vc_column][\/vc_row][vc_row][vc_column][vc_column_text]<em><u>El ple del Consell ha aprovat, per unanimitat, una moci\u00f3 del Grup de Consellers Socialistes per instar a la Instituci\u00f3 a qu\u00e8 pugui gestionar les diferents resid\u00e8ncies de gent gran que actualment depenen de diferents ajuntaments, i que s\u2019integrin dins la xarxa de resid\u00e8ncies de l\u2019IMAS. En la mateixa sessi\u00f3 el ple ha aprovat parcialment la moci\u00f3 socialista sobre defensa de la llengua catalana a Mallorca, i ha rebutjat una altra proposta per suspendre l\u2019aplicaci\u00f3 del Decret llei de mesures urgents sobre habitatge que ha promulgat el Govern.\u00a0 <\/u><\/em>[\/vc_column_text][\/vc_column][\/vc_row][vc_row][vc_column][vc_column_text]El ple del Consell de Mallorca ha aprovat una moci\u00f3 del Grup Socialista per instar la Instituci\u00f3 a assumir la gesti\u00f3 de diverses resid\u00e8ncies municipals a trav\u00e9s de l\u2019IMAS. La moci\u00f3 parteix de l\u2019acord entre l\u2019Ajuntament de Llucmajor, l\u2019IMAS i el Govern de les Illes Balears, en vigor des de la passada legislatura, per dur a terme obres de reforma i la transfer\u00e8ncia de la gesti\u00f3 de la resid\u00e8ncia de Llucmajor. Aquest mateix acord tamb\u00e9 est\u00e0 en vigor amb la resid\u00e8ncia Miquel Mir d\u2019Inca, que es troba en la darrera fase de reforma, un \u201cconveni que s\u2019ha demostrat com a un encert\u201d, segons ha explicat la consellera Sofia Alonso.<\/p>\n<p>D\u2019aquesta manera aquestes resid\u00e8ncies de gent gran, i altres que es trobin en mans de municipis de Mallorca poden optar a entrar dins de la xarxa de gesti\u00f3 directe de resid\u00e8ncies de gent gran de l\u2019IMAS. La moci\u00f3 tamb\u00e9 preveu que el Consell de Mallorca pugui dotar adequadament aquestes resid\u00e8ncies, tant per la reforma de les seves instal\u00b7lacions, com per la contractaci\u00f3 i formaci\u00f3 del personal que sigui necessari.<\/p>\n<p>La consellera del GPS Alonso ha alertat en la seva intervenci\u00f3 de que \u201cno te sentit tenir unes instal\u00b7lacions tant necess\u00e0ries com les resid\u00e8ncies infrautilitzades per que molt cops els ajuntaments no tenen recursos suficients per poder-les gestionar, mentre que l\u2019IMAS ha demostrat sobradament capacitat de gesti\u00f3 d\u2019aquestes infraestructures\u201d.<\/p>\n<p><strong>Aprovada parcialment la moci\u00f3 sobre la defensa de la llengua catalana a Mallorca<\/strong><\/p>\n<p>La moci\u00f3 del GCS sobre defensa de la llengua pr\u00f2pia de Mallorca ha sortit aprovada pel ple en 4 dels seus punts, tot i que no ha prosperat en la part referida a la retirada del suport del PP a la normativa de creaci\u00f3 de la Oficina de Defensa de Derechos Ling\u00fc\u00edsticos presentada per VOX, socis de de governabilitat del PP, al Parlament de les Illes Balears.<\/p>\n<p>El conseller socialista Joan Ferrer ha afirmat que l\u2019actitud de VOX \u201carracona al PP\u201d, per \u201cposar en perill el consens hist\u00f2ric sobre la llengua catalana; la llengua no es pot atacar d\u2019aquesta manera\u201d ha afirmat el conseller socialista, \u201csense que quedi impune\u201d. Ha refermat \u201cl\u2019oposici\u00f3 ferma dels socialistes a que les d\u00e8ries de VOX posin en una balan\u00e7a la llengua envers l\u2019aprovaci\u00f3 del sostre de despesa de la CAIB\u201d.<\/p>\n<p>Finalment el ple de la instituci\u00f3 no ha fet suport a la moci\u00f3 del GCS que pretenia la suspensi\u00f3 de l\u2019aplicaci\u00f3 del Decret llei 6\/2023 d\u2019actuacions urgents en mat\u00e8ria d\u2019habitatge, per facilitar que el Consell i els ajuntaments puguin tenir suport jur\u00eddic davant el canvi normatiu que afecta compet\u00e8ncies urban\u00edstiques i dels planejaments municipals. El conseller Javier de Juan ha destacat que el decret del Govern posa \u201cels promotors per damunt de les persones\u201d, i ha q\u00fcestionat que sigui un mecanisme adequat per resoldre la dificultat d\u2019acc\u00e9s de determinats col\u00b7lectius socials a l\u2019habitatge. De Juan ha instat PPVOX a \u201ctreballar per un sistema p\u00fablic d\u2019habitatge, apostar pel lloguer social i aplicar la normativa per a zones tensionades\u201d<\/p>\n<p>&nbsp;<\/p>\n[\/vc_column_text][\/vc_column][\/vc_row]\n<\/div>","protected":false},"excerpt":{"rendered":"<p>[vc_row][vc_column][vc_single_image image=&#8221;27979&#8243; img_size=&#8221;full&#8221; alignment=&#8221;center&#8221;][\/vc_column][\/vc_row][vc_row][vc_column][vc_column_text]El ple del Consell ha aprovat, per unanimitat, una moci\u00f3 del Grup de Consellers Socialistes per instar a la Instituci\u00f3 a qu\u00e8 pugui gestionar les diferents resid\u00e8ncies de gent gran que actualment depenen de diferents ajuntaments, i que s\u2019integrin dins la xarxa de resid\u00e8ncies de l\u2019IMAS. En la mateixa sessi\u00f3 el ple&hellip;<\/p>\n","protected":false},"author":3,"featured_media":27979,"comment_status":"closed","ping_status":"open","sticky":false,"template":"","format":"standard","meta":{"footnotes":""},"categories":[89,2,1,90,92],"tags":[105,83,134,84],"class_list":["post-27978","post","type-post","status-publish","format-standard","has-post-thumbnail","hentry","category-consell-de-mallorca","category-federacio-de-mallorca","category-federacio-de-mallorca-portada","category-municipis","category-portada","tag-catalina-cladera","tag-consell-de-mallorca","tag-imas","tag-psib-psoe"],"_links":{"self":[{"href":"https:\/\/www.psib-psoe.org\/mallorca\/wp-json\/wp\/v2\/posts\/27978"}],"collection":[{"href":"https:\/\/www.psib-psoe.org\/mallorca\/wp-json\/wp\/v2\/posts"}],"about":[{"href":"https:\/\/www.psib-psoe.org\/mallorca\/wp-json\/wp\/v2\/types\/post"}],"author":[{"embeddable":true,"href":"https:\/\/www.psib-psoe.org\/mallorca\/wp-json\/wp\/v2\/users\/3"}],"replies":[{"embeddable":true,"href":"https:\/\/www.psib-psoe.org\/mallorca\/wp-json\/wp\/v2\/comments?post=27978"}],"version-history":[{"count":0,"href":"https:\/\/www.psib-psoe.org\/mallorca\/wp-json\/wp\/v2\/posts\/27978\/revisions"}],"wp:featuredmedia":[{"embeddable":true,"href":"https:\/\/www.psib-psoe.org\/mallorca\/wp-json\/wp\/v2\/media\/27979"}],"wp:attachment":[{"href":"https:\/\/www.psib-psoe.org\/mallorca\/wp-json\/wp\/v2\/media?parent=27978"}],"wp:term":[{"taxonomy":"category","embeddable":true,"href":"https:\/\/www.psib-psoe.org\/mallorca\/wp-json\/wp\/v2\/categories?post=27978"},{"taxonomy":"post_tag","embeddable":true,"href":"https:\/\/www.psib-psoe.org\/mallorca\/wp-json\/wp\/v2\/tags?post=27978"}],"curies":[{"name":"wp","href":"https:\/\/api.w.org\/{rel}","templated":true}]}}