{"id":27997,"date":"2023-10-30T14:07:36","date_gmt":"2023-10-30T12:07:36","guid":{"rendered":"http:\/\/www.psib-psoe.org\/mallorca\/?p=27997"},"modified":"2024-10-14T11:41:18","modified_gmt":"2024-10-14T09:41:18","slug":"ppvox-al-consell-preten-fer-una-nova-llei-de-la-serra-de-tramuntana-per-afavorir-lespeculacio-urbanistica-i-els-usos-turistics-en-rustic","status":"publish","type":"post","link":"https:\/\/www.psib-psoe.org\/mallorca\/ppvox-al-consell-preten-fer-una-nova-llei-de-la-serra-de-tramuntana-per-afavorir-lespeculacio-urbanistica-i-els-usos-turistics-en-rustic\/","title":{"rendered":"PPVOX al Consell pret\u00e9n fer una nova Llei de la Serra de Tramuntana per afavorir l&#8217;especulaci\u00f3 urban\u00edstica i els usos tur\u00edstics en r\u00fastic."},"content":{"rendered":"<div class=\"wpb-content-wrapper\">[vc_row][vc_column][vc_single_image image=&#8221;27998&#8243; img_size=&#8221;full&#8221; alignment=&#8221;center&#8221;][\/vc_column][\/vc_row][vc_row][vc_column][vc_column_text]<em><u>La portaveu del socialistes al Consell de Mallorca, Catalina Cladera, denuncia que el nomenament del batle d&#8217;Escorca com a nou DI de la Serra de Tramuntana i l&#8217;anunci de la tramitaci\u00f3 d&#8217;una nova Llei de la Serra, obviant la ja redactada, &#8220;demostra la voluntat de PPVOX de seguir especulant i urbanitzant Tramuntana&#8221;. Els socialistes presenten una moci\u00f3 al ple de novembre de la instituci\u00f3 per instar a mantenir el tr\u00e0mit de l&#8217;actual proposici\u00f3 de Llei de la Serra, que a m\u00e9s dona eines per a qu\u00e8 el Consell entri a regular els renous i les curses a la carretera Ma-10.<\/u><\/em>[\/vc_column_text][\/vc_column][\/vc_row][vc_row][vc_column][vc_column_text]El grup socialista al Consell de Mallorca presentar\u00e0 una moci\u00f3 al pr\u00f2xim ple de la instituci\u00f3 per instar a qu\u00e8 es continu\u00ef la tramitaci\u00f3 de l&#8217;actual Llei del Paisatge Cultural de la Serra de Tramuntana Patrimoni de la Humanitat. La Proposici\u00f3 de llei va ser aprovada pel ple del Consell el passat m\u00e9s de mar\u00e7 i ara hauria d&#8217;entrar a tr\u00e0mit al Parlament pel seu debat i aprovaci\u00f3 posterior. Comptant el tr\u00e0mit d&#8217;esmenes on la Proposici\u00f3 podria ser modificada, la Llei de la Serra podria estar en vigor dins de 2024.<\/p>\n<p>Per\u00f2 PPVOX al Consell no ha actuat en aquest sentit. La creaci\u00f3 la setmana passada d&#8217;una nova Direcci\u00f3 insular de la Serra, l&#8217;anunci de la redacci\u00f3 d&#8217;una nova llei, i el nomenament del batle d&#8217;Escorca, Antoni Solivellas fan pensar en un canvi radical d&#8217;actitud del Consell al respecte de la protecci\u00f3 de la Serra.<\/p>\n<p>La portaveu socialista, Catalina Cladera, creu que el fet d&#8217;anunciar una nova Llei de la Serra suposa que en realitat &#8220;PPVOX vol afavorir de nou l&#8217;especulaci\u00f3 urban\u00edstica i els nous usos tur\u00edstics en sol r\u00fastic a la Serra&#8221;. Cladera ha recordat que durant la campanya electoral, el candidat del PP ja va anunciar que permetria nous usos tur\u00edstics a la Serra en sol r\u00fastic.<\/p>\n<p>A m\u00e9s, el nomenament de Solivellas com a nou Director insular encarregat de la redacci\u00f3 del nou projecte de llei de la Serra \u00e9s revelador per que &#8220;com a batle d&#8217;Escorca ha estat un dels defensors m\u00e9s grans dels projectes urbanitzadors a la Serra com el d&#8217;Es Guix&#8221;, una urbanitzaci\u00f3 que en realitat suposava un nou nucli urb\u00e0 devora de Lluc, desclassificada pel Consell, i que encara ara est\u00e0 pendent de diferents resolucions judicials en plets interposats per diferents promotores que han comptat amb el suport impl\u00edcit de Solivellas.<\/p>\n<p>Cladera ha defensat el projecte existent de Llei de la Serra, ja aprovat i consensuat, com a &#8220;una eina real que pot aportar solucions en poc temps a problemes de renou i incivisme com els denunciats per la Plataforma Indignats Ma10, declarant la Serra de Tramuntana com a Zona de Baixes Emissions o posant en mans del ple la decisi\u00f3 del nombre de curses de motor que s&#8217;hi poden fer anualment&#8221;.<\/p>\n<p>Fer un nou projecte de Llei des de zero com ha anunciat el sr. Galm\u00e9s suposar\u00e0 un nou per\u00edode de dos anys abans que no entri en vigor, &#8220;mentre que PPVOX seguir\u00e0 descarregant la seva responsabilitat en la gesti\u00f3 de la Serra en altres institucions&#8221;.<\/p>\n<p>El sr. Galm\u00e9s i el PP &#8220;van fer boicot a la Llei de la Serra en per\u00edode electoral&#8221;, argumentant que el text aprovat no havia estat consensuat. Al respecte, Cladera ha recordat que &#8220;\u00e9s demostrable que durant m\u00e9s d&#8217;un any es varen fer reunions amb totes les institucions, organismes i entitats, inclosos tots els ajuntaments, que tenen a veure amb la Serra de Tramuntana, i s&#8217;hi varen incorporar nombroses aportacions; per tant la llei es va fer amb consens&#8221;.[\/vc_column_text][\/vc_column][\/vc_row]\n<\/div>","protected":false},"excerpt":{"rendered":"<p>[vc_row][vc_column][vc_single_image image=&#8221;27998&#8243; img_size=&#8221;full&#8221; alignment=&#8221;center&#8221;][\/vc_column][\/vc_row][vc_row][vc_column][vc_column_text]La portaveu del socialistes al Consell de Mallorca, Catalina Cladera, denuncia que el nomenament del batle d&#8217;Escorca com a nou DI de la Serra de Tramuntana i l&#8217;anunci de la tramitaci\u00f3 d&#8217;una nova Llei de la Serra, obviant la ja redactada, &#8220;demostra la voluntat de PPVOX de seguir especulant i urbanitzant Tramuntana&#8221;.&hellip;<\/p>\n","protected":false},"author":3,"featured_media":27998,"comment_status":"closed","ping_status":"open","sticky":false,"template":"","format":"standard","meta":{"footnotes":""},"categories":[89,2,1,90,92],"tags":[105,83,84,502],"class_list":["post-27997","post","type-post","status-publish","format-standard","has-post-thumbnail","hentry","category-consell-de-mallorca","category-federacio-de-mallorca","category-federacio-de-mallorca-portada","category-municipis","category-portada","tag-catalina-cladera","tag-consell-de-mallorca","tag-psib-psoe","tag-serra-de-tramuntana"],"_links":{"self":[{"href":"https:\/\/www.psib-psoe.org\/mallorca\/wp-json\/wp\/v2\/posts\/27997"}],"collection":[{"href":"https:\/\/www.psib-psoe.org\/mallorca\/wp-json\/wp\/v2\/posts"}],"about":[{"href":"https:\/\/www.psib-psoe.org\/mallorca\/wp-json\/wp\/v2\/types\/post"}],"author":[{"embeddable":true,"href":"https:\/\/www.psib-psoe.org\/mallorca\/wp-json\/wp\/v2\/users\/3"}],"replies":[{"embeddable":true,"href":"https:\/\/www.psib-psoe.org\/mallorca\/wp-json\/wp\/v2\/comments?post=27997"}],"version-history":[{"count":0,"href":"https:\/\/www.psib-psoe.org\/mallorca\/wp-json\/wp\/v2\/posts\/27997\/revisions"}],"wp:featuredmedia":[{"embeddable":true,"href":"https:\/\/www.psib-psoe.org\/mallorca\/wp-json\/wp\/v2\/media\/27998"}],"wp:attachment":[{"href":"https:\/\/www.psib-psoe.org\/mallorca\/wp-json\/wp\/v2\/media?parent=27997"}],"wp:term":[{"taxonomy":"category","embeddable":true,"href":"https:\/\/www.psib-psoe.org\/mallorca\/wp-json\/wp\/v2\/categories?post=27997"},{"taxonomy":"post_tag","embeddable":true,"href":"https:\/\/www.psib-psoe.org\/mallorca\/wp-json\/wp\/v2\/tags?post=27997"}],"curies":[{"name":"wp","href":"https:\/\/api.w.org\/{rel}","templated":true}]}}