{"id":28000,"date":"2023-10-30T22:33:07","date_gmt":"2023-10-30T20:33:07","guid":{"rendered":"http:\/\/www.psib-psoe.org\/mallorca\/?p=28000"},"modified":"2024-10-14T11:41:18","modified_gmt":"2024-10-14T09:41:18","slug":"unio-per-binissalem-i-el-psib-psoe-signen-un-pacte-de-governabilitat-a-lajuntament-de-binissalem","status":"publish","type":"post","link":"https:\/\/www.psib-psoe.org\/mallorca\/unio-per-binissalem-i-el-psib-psoe-signen-un-pacte-de-governabilitat-a-lajuntament-de-binissalem\/","title":{"rendered":"Uni\u00f3 Per Binissalem i el PSIB-PSOE signen un pacte de governabilitat a l\u2019Ajuntament de Binissalem"},"content":{"rendered":"<div class=\"wpb-content-wrapper\">[vc_row][vc_column][vc_single_image image=&#8221;28001&#8243; img_size=&#8221;full&#8221; alignment=&#8221;center&#8221;][\/vc_column][\/vc_row][vc_row][vc_column][vc_column_text]<em><u>Aquest pacte t\u00e9 com a principals, per\u00f2 no \u00fanics, objectius abordar i avan\u00e7ar en\u00a0 q\u00fcestions importants com la transpar\u00e8ncia, la millora de la infraestructura i les inversions<\/u><\/em>[\/vc_column_text][\/vc_column][\/vc_row][vc_row][vc_column][vc_column_text]\n<p style=\"font-weight: 400;\">El PSIB-PSOE i Uni\u00f3 Per Binissalem ha ratificat l\u2019acord de governabilitat per donar estabilitat a l&#8217;Ajuntament i treballar pel b\u00e9 del poble. Aquest pacte t\u00e9 com a principals, per\u00f2 no \u00fanics, objectius abordar i avan\u00e7ar en\u00a0 q\u00fcestions importants com la transpar\u00e8ncia, la millora de la infraestructura i les inversions.<\/p>\n<p style=\"font-weight: 400;\">Ambd\u00f3s partits han expressat la seva voluntat de dur a terme un pacte de confian\u00e7a i col\u00b7laboraci\u00f3 m\u00fatua, constructiva i duradora que ens permeti abordar els problemes d\u2019aquest poble, tenint com a refer\u00e8ncia el benestar i servei al ciutad\u00e0.<\/p>\n<p style=\"font-weight: 400;\">Aquesta declaraci\u00f3 d\u2019intencions i els punts que recull s\u00f3n iniciatives, acords de governabilitat i compromisos per la legislatura, i a m\u00e9s termini, que es reflectiran en l\u2019actuaci\u00f3 de l\u2019equip de Govern, els acords que s\u2019aprovin aix\u00ed com en la confecci\u00f3 dels Pressupostos de cada exercici.<\/p>\n<p style=\"font-weight: 400;\">Les \u00e0rees de gesti\u00f3 corresponents al PSIB-PSOE s\u00f3n: urbanisme, patrimoni, mobilitat i sostenibilitat, contractaci\u00f3, inform\u00e0tica i esports. La resta d\u2019\u00e0rees seran gestionades per Uni\u00f3 Per Binissalem. El PSIB-PSOE formar\u00e0 part de la Junta de Govern com a primer tinent de batle. Uni\u00f3 Per Binissalem segon, tercer i quart tinent de batle.<\/p>\n[\/vc_column_text][\/vc_column][\/vc_row]\n<\/div>","protected":false},"excerpt":{"rendered":"<p>[vc_row][vc_column][vc_single_image image=&#8221;28001&#8243; img_size=&#8221;full&#8221; alignment=&#8221;center&#8221;][\/vc_column][\/vc_row][vc_row][vc_column][vc_column_text]Aquest pacte t\u00e9 com a principals, per\u00f2 no \u00fanics, objectius abordar i avan\u00e7ar en\u00a0 q\u00fcestions importants com la transpar\u00e8ncia, la millora de la infraestructura i les inversions[\/vc_column_text][\/vc_column][\/vc_row][vc_row][vc_column][vc_column_text] El PSIB-PSOE i Uni\u00f3 Per Binissalem ha ratificat l\u2019acord de governabilitat per donar estabilitat a l&#8217;Ajuntament i treballar pel b\u00e9 del poble. Aquest pacte t\u00e9&hellip;<\/p>\n","protected":false},"author":6,"featured_media":28001,"comment_status":"closed","ping_status":"open","sticky":false,"template":"","format":"standard","meta":{"footnotes":""},"categories":[90,92],"tags":[408,335,84],"class_list":["post-28000","post","type-post","status-publish","format-standard","has-post-thumbnail","hentry","category-municipis","category-portada","tag-agrupacio-socialista-de-binissalem","tag-binissalem","tag-psib-psoe"],"_links":{"self":[{"href":"https:\/\/www.psib-psoe.org\/mallorca\/wp-json\/wp\/v2\/posts\/28000"}],"collection":[{"href":"https:\/\/www.psib-psoe.org\/mallorca\/wp-json\/wp\/v2\/posts"}],"about":[{"href":"https:\/\/www.psib-psoe.org\/mallorca\/wp-json\/wp\/v2\/types\/post"}],"author":[{"embeddable":true,"href":"https:\/\/www.psib-psoe.org\/mallorca\/wp-json\/wp\/v2\/users\/6"}],"replies":[{"embeddable":true,"href":"https:\/\/www.psib-psoe.org\/mallorca\/wp-json\/wp\/v2\/comments?post=28000"}],"version-history":[{"count":0,"href":"https:\/\/www.psib-psoe.org\/mallorca\/wp-json\/wp\/v2\/posts\/28000\/revisions"}],"wp:featuredmedia":[{"embeddable":true,"href":"https:\/\/www.psib-psoe.org\/mallorca\/wp-json\/wp\/v2\/media\/28001"}],"wp:attachment":[{"href":"https:\/\/www.psib-psoe.org\/mallorca\/wp-json\/wp\/v2\/media?parent=28000"}],"wp:term":[{"taxonomy":"category","embeddable":true,"href":"https:\/\/www.psib-psoe.org\/mallorca\/wp-json\/wp\/v2\/categories?post=28000"},{"taxonomy":"post_tag","embeddable":true,"href":"https:\/\/www.psib-psoe.org\/mallorca\/wp-json\/wp\/v2\/tags?post=28000"}],"curies":[{"name":"wp","href":"https:\/\/api.w.org\/{rel}","templated":true}]}}