{"id":28007,"date":"2023-11-02T16:19:21","date_gmt":"2023-11-02T14:19:21","guid":{"rendered":"http:\/\/www.psib-psoe.org\/mallorca\/?p=28007"},"modified":"2024-10-14T11:41:18","modified_gmt":"2024-10-14T09:41:18","slug":"els-socialistes-de-mallorca-inicien-contactes-per-defensar-lactual-proposicio-de-llei-de-la-serra-de-tramuntana-i-insten-la-seva-remissio-immediata-al-parlament","status":"publish","type":"post","link":"https:\/\/www.psib-psoe.org\/mallorca\/els-socialistes-de-mallorca-inicien-contactes-per-defensar-lactual-proposicio-de-llei-de-la-serra-de-tramuntana-i-insten-la-seva-remissio-immediata-al-parlament\/","title":{"rendered":"Els Socialistes de Mallorca inicien contactes per defensar l&#8217;actual Proposici\u00f3 de Llei de la Serra de Tramuntana, i insten la seva remissi\u00f3 immediata al Parlament"},"content":{"rendered":"<div class=\"wpb-content-wrapper\">[vc_row][vc_column][vc_single_image image=&#8221;28008&#8243; img_size=&#8221;full&#8221; alignment=&#8221;center&#8221;][\/vc_column][\/vc_row][vc_row][vc_column][vc_column_text]<i><u>La portaveu del socialistes al Consell de Mallorca, Catalina Cladera, ha defensat avui a S\u00f3ller que la proposici\u00f3 de Llei de la Serra de Tramuntana aprovada pel Consell al final de la passada legislatura \u00e9s &#8220;la millor manera de que el Consell tingui eines v\u00e0lides per aplicar en temes com l&#8217;incivisme o per impulsar l&#8217;activitat sostenible a la Serra&#8221;<\/u><\/i>[\/vc_column_text][\/vc_column][\/vc_row][vc_row][vc_column][vc_column_text]\n<p style=\"font-weight: 400;\">Els Socialistes de Mallorca han iniciat una roda de contactes amb diferents agents socials, econ\u00f2mics i empresarials que desenvolupen la seva activitat a la Serra de Tramuntana. Avui la portaveu del Grup de Consellers Socialistes, Catalina Cladera, ha girat visita a la Cooperativa Agr\u00e0ria de S\u00f3ller, on ha estat rebuda pel seu responsable, Miquel Gual.<\/p>\n<p style=\"font-weight: 400;\">Cladera ha recordat que &#8220;la Proposici\u00f3 de Llei que vam aprovar al Consell el passat 29 de mar\u00e7 \u00e9s una norma molt consensuada i treballada entre molts d&#8217;agents de la Serra, dins del Consorci, i permet donar solucions a diferents temes que ara estan en discusi\u00f3, com les demandes dels Indignats Ma-10&#8221;. La portaveu dels socialistes del Consell ha criticat que PPVOX es plantegi ara &#8220;comen\u00e7ar de bell nou tot un proc\u00e9s legislatiu per fer una nova Llei&#8221;, un fet que retardaria qualsevol soluci\u00f3 a temes puntuals que poden tenir sortida amb el text ja aprovat i que est\u00e0 llest per a la seva entrada a tr\u00e0mit al Parlament.<\/p>\n<p style=\"font-weight: 400;\">&#8220;El sr. Galm\u00e9s a l&#8217;oposici\u00f3 i el batle d&#8217;Escorca i nou Director insular de Serra de Tramuntana, Antoni Solivellas van fer boicot a la Llei de la Serra en per\u00edode electoral, argumentant que el text aprovat no havia estat consensuat, quan aix\u00f2 no era cert&#8221;, ha afirmat Cladera. &#8220;Seria una irresponsabilitat greu tornar a iniciar un proc\u00e9s de redacci\u00f3 d&#8217;una llei, mentre que la ciutadania espera que el Consell actu\u00ef en tota uns s\u00e8rie de temes que afecten la vida dins de tota l&#8217;\u00e0rea de protecci\u00f3 de la Serra, davant els quals el sr. Galm\u00e9s es posa de perfil&#8221;, ha dit Cladera. La portaveu socialista ha reclamat que la Proposici\u00f3 de Llei actualment ja aprovada es remeti al Parlament &#8220;immediatament&#8221; per prosseguir la seva tramitaci\u00f3.<\/p>\n<p style=\"font-weight: 400;\">El pr\u00f2xim dia 9, el grup socialista al Consell de Mallorca presentar\u00e0 una moci\u00f3 al pr\u00f2xim ple de la instituci\u00f3 per instar a qu\u00e8 es continu\u00ef la tramitaci\u00f3 de l&#8217;actual Llei del Paisatge Cultural de la Serra de Tramuntana Patrimoni de la Humanitat.<\/p>\n<p style=\"font-weight: 400;\">La Proposici\u00f3 de llei va ser aprovada pel ple del Consell el passat m\u00e9s de mar\u00e7 i ara hauria d&#8217;entrar a tr\u00e0mit al Parlament pel seu debat i aprovaci\u00f3 posterior. Comptant el tr\u00e0mit d&#8217;esmenes on la Proposici\u00f3 podria ser modificada, la Llei de la Serra podria estar en vigor dins de 2024.<\/p>\n[\/vc_column_text][\/vc_column][\/vc_row]\n<\/div>","protected":false},"excerpt":{"rendered":"<p>[vc_row][vc_column][vc_single_image image=&#8221;28008&#8243; img_size=&#8221;full&#8221; alignment=&#8221;center&#8221;][\/vc_column][\/vc_row][vc_row][vc_column][vc_column_text]La portaveu del socialistes al Consell de Mallorca, Catalina Cladera, ha defensat avui a S\u00f3ller que la proposici\u00f3 de Llei de la Serra de Tramuntana aprovada pel Consell al final de la passada legislatura \u00e9s &#8220;la millor manera de que el Consell tingui eines v\u00e0lides per aplicar en temes com l&#8217;incivisme o&hellip;<\/p>\n","protected":false},"author":6,"featured_media":28008,"comment_status":"closed","ping_status":"open","sticky":false,"template":"","format":"standard","meta":{"footnotes":""},"categories":[89,90,92],"tags":[105,84,96],"class_list":["post-28007","post","type-post","status-publish","format-standard","has-post-thumbnail","hentry","category-consell-de-mallorca","category-municipis","category-portada","tag-catalina-cladera","tag-psib-psoe","tag-soller"],"_links":{"self":[{"href":"https:\/\/www.psib-psoe.org\/mallorca\/wp-json\/wp\/v2\/posts\/28007"}],"collection":[{"href":"https:\/\/www.psib-psoe.org\/mallorca\/wp-json\/wp\/v2\/posts"}],"about":[{"href":"https:\/\/www.psib-psoe.org\/mallorca\/wp-json\/wp\/v2\/types\/post"}],"author":[{"embeddable":true,"href":"https:\/\/www.psib-psoe.org\/mallorca\/wp-json\/wp\/v2\/users\/6"}],"replies":[{"embeddable":true,"href":"https:\/\/www.psib-psoe.org\/mallorca\/wp-json\/wp\/v2\/comments?post=28007"}],"version-history":[{"count":0,"href":"https:\/\/www.psib-psoe.org\/mallorca\/wp-json\/wp\/v2\/posts\/28007\/revisions"}],"wp:featuredmedia":[{"embeddable":true,"href":"https:\/\/www.psib-psoe.org\/mallorca\/wp-json\/wp\/v2\/media\/28008"}],"wp:attachment":[{"href":"https:\/\/www.psib-psoe.org\/mallorca\/wp-json\/wp\/v2\/media?parent=28007"}],"wp:term":[{"taxonomy":"category","embeddable":true,"href":"https:\/\/www.psib-psoe.org\/mallorca\/wp-json\/wp\/v2\/categories?post=28007"},{"taxonomy":"post_tag","embeddable":true,"href":"https:\/\/www.psib-psoe.org\/mallorca\/wp-json\/wp\/v2\/tags?post=28007"}],"curies":[{"name":"wp","href":"https:\/\/api.w.org\/{rel}","templated":true}]}}