{"id":28010,"date":"2023-11-02T20:02:40","date_gmt":"2023-11-02T18:02:40","guid":{"rendered":"http:\/\/www.psib-psoe.org\/mallorca\/?p=28010"},"modified":"2024-10-14T11:41:18","modified_gmt":"2024-10-14T09:41:18","slug":"el-consell-demostra-una-deficient-gestio-de-la-tarifa-de-residus-solids-urbans","status":"publish","type":"post","link":"https:\/\/www.psib-psoe.org\/mallorca\/el-consell-demostra-una-deficient-gestio-de-la-tarifa-de-residus-solids-urbans\/","title":{"rendered":"El Consell demostra una deficient gesti\u00f3 de la tarifa de residus s\u00f2lids urbans"},"content":{"rendered":"<div class=\"wpb-content-wrapper\">[vc_row][vc_column][vc_single_image image=&#8221;27910&#8243; img_size=&#8221;full&#8221; alignment=&#8221;center&#8221;][\/vc_column][\/vc_row][vc_row][vc_column][vc_column_text]<i><u><span lang=\"CA\">El sobrecost de la tarifa de residus de 43 milions d&#8217;euros que ha anunciat l&#8217;equip de govern per al pr\u00f2xim any suposa una &#8220;deficient negociaci\u00f3 de la tarifa amb TIRME&#8221; segons el portaveu adjunt dels socialistes, Javier de Juan. A m\u00e9s, &#8220;el sr. galm\u00e9s incompleix una de les seves promeses electorals, i no aplica la baixada del 10% que havia prom\u00e8s&#8221;<\/span><\/u><\/i>[\/vc_column_text][\/vc_column][\/vc_row][vc_row][vc_column][vc_column_text]\n<p style=\"font-weight: 400;\">El sobrecost de 43 milions d&#8217;euros per la tarifa de residus s\u00f2lids urbans per als municipis (RSU), que ha anunciat l&#8217;equip de govern del Consell de Mallorca per 2024, denota una &#8220;deficient capacitat de negociaci\u00f3 de l&#8217;actual equip de govern de Medi Ambient per un tema que durant la passada legislatura v\u00e0rem controlar amb els socialistes al govern del Consell&#8221;, ha dit Javier de Juan, un cop conegut l&#8217;anunci del Consell.<\/p>\n<p style=\"font-weight: 400;\">De Juan creu que &#8220;durant la passada legislatura el Consell de Mallorca sempre va bonificar la tarifa dels RSU, i d&#8217;aquesta manera es va evitar que els ajuntaments haguessin d&#8217;afrontar tot el pes del cost de la recollida dels residus, per\u00f2 en cap cas va arribar a les quantitats que ara ha anunciat el sr. Galm\u00e9s i la seva directora insular, Margalida Roig.<\/p>\n<p style=\"font-weight: 400;\">El portaveu socialista creu que aquest increment anunciat de 43 milions d&#8217;euros que afrontar\u00e0 el Consell \u00e9s un &#8220;cost excessiu&#8221;, tot i que resulta clar que una part del qual es fonamenta en la pujada del preu dels diners (euribor), i pel c\u00e0lcul de l&#8217;IPC anual aplicat en la tarifa. De totes maneres de Juan compara que en circumst\u00e0ncies similars, durant la passada legislatura &#8220;mai es gastar tants de recursos p\u00fablics per equilibrar la tarifa que TIRME cobra als municipis per gestionar els seus residus, un fet que demostra que els negociadors del sr. Galm\u00e9s no han defensat prou els doblers dels mallorquins i mallorquines que gestionen&#8221;.<\/p>\n<p style=\"font-weight: 400;\">A m\u00e9s, es d\u00f3na la circumst\u00e0ncia que el PP es va presentar a les passades eleccions del mes de maig amb la promesa de rebaixar la tarifa de RSU un 10%, &#8220;justament el percentatge de rebaixa que vam aconseguir aplicar a la tarifa durant els quatre anys de la passada legislatura&#8221;. Ara els 43 milions que el Consell aplicar\u00e0 per bonificar la tarifa serviran just per mantenir el mateix preu per tona, 114 euros, que va fixar el Consell per 2023. &#8220;Un incompliment m\u00e9s del sr. Galm\u00e9s, que es demostra cada cop m\u00e9s que es va presentar a les eleccions amb propostes allunyades de la realitat que ara no pot acomplir&#8221;, segons de Juan.<\/p>\n<p style=\"font-weight: 400;\">Els socialistes tamb\u00e9 han mostrat la seva &#8220;estranyesa&#8221; pel fet que el titular del departament de Medi Ambient, Pedro Bestard, hagi decidit no explicar la tarifa de RSU, i s&#8217;hagi &#8220;refugiat&#8221; en la Directora insular. &#8220;Una demostraci\u00f3 m\u00e9s que demostra la manca de preparaci\u00f3 de Bestard pel c\u00e0rrec que ocupa&#8221;, segons el portaveu adjunt socialista.<\/p>\n<p style=\"font-weight: 400;\">El Grup de Consellers Socialistes han anunciat avui que emprendran diverses iniciatives al si del Consell per con\u00e8ixer com s&#8217;han dut les negociacions i els c\u00e0lculs per arribar a la conclusi\u00f3 que el Consell haur\u00e0 d&#8217;abonar 43 milions d&#8217;euros per aconseguir mantenir la tarifa en els 114 euros\/tona. &#8220;Una quantitat que considerem enorme i que detreur\u00e0 gran quantitat de recursos del pressupost del Consell de 2024, malgrat s&#8217;hi destinin les aportacions suplement\u00e0ries de les bestretes del GOIB pel la Llei de finan\u00e7ament dels Consells Insulars&#8221;.<\/p>\n[\/vc_column_text][\/vc_column][\/vc_row]\n<\/div>","protected":false},"excerpt":{"rendered":"<p>[vc_row][vc_column][vc_single_image image=&#8221;27910&#8243; img_size=&#8221;full&#8221; alignment=&#8221;center&#8221;][\/vc_column][\/vc_row][vc_row][vc_column][vc_column_text]El sobrecost de la tarifa de residus de 43 milions d&#8217;euros que ha anunciat l&#8217;equip de govern per al pr\u00f2xim any suposa una &#8220;deficient negociaci\u00f3 de la tarifa amb TIRME&#8221; segons el portaveu adjunt dels socialistes, Javier de Juan. A m\u00e9s, &#8220;el sr. galm\u00e9s incompleix una de les seves promeses electorals, i&hellip;<\/p>\n","protected":false},"author":6,"featured_media":27910,"comment_status":"closed","ping_status":"open","sticky":false,"template":"","format":"standard","meta":{"footnotes":""},"categories":[1],"tags":[83,226,84],"class_list":["post-28010","post","type-post","status-publish","format-standard","has-post-thumbnail","hentry","category-federacio-de-mallorca-portada","tag-consell-de-mallorca","tag-javier-de-juan","tag-psib-psoe"],"_links":{"self":[{"href":"https:\/\/www.psib-psoe.org\/mallorca\/wp-json\/wp\/v2\/posts\/28010"}],"collection":[{"href":"https:\/\/www.psib-psoe.org\/mallorca\/wp-json\/wp\/v2\/posts"}],"about":[{"href":"https:\/\/www.psib-psoe.org\/mallorca\/wp-json\/wp\/v2\/types\/post"}],"author":[{"embeddable":true,"href":"https:\/\/www.psib-psoe.org\/mallorca\/wp-json\/wp\/v2\/users\/6"}],"replies":[{"embeddable":true,"href":"https:\/\/www.psib-psoe.org\/mallorca\/wp-json\/wp\/v2\/comments?post=28010"}],"version-history":[{"count":0,"href":"https:\/\/www.psib-psoe.org\/mallorca\/wp-json\/wp\/v2\/posts\/28010\/revisions"}],"wp:featuredmedia":[{"embeddable":true,"href":"https:\/\/www.psib-psoe.org\/mallorca\/wp-json\/wp\/v2\/media\/27910"}],"wp:attachment":[{"href":"https:\/\/www.psib-psoe.org\/mallorca\/wp-json\/wp\/v2\/media?parent=28010"}],"wp:term":[{"taxonomy":"category","embeddable":true,"href":"https:\/\/www.psib-psoe.org\/mallorca\/wp-json\/wp\/v2\/categories?post=28010"},{"taxonomy":"post_tag","embeddable":true,"href":"https:\/\/www.psib-psoe.org\/mallorca\/wp-json\/wp\/v2\/tags?post=28010"}],"curies":[{"name":"wp","href":"https:\/\/api.w.org\/{rel}","templated":true}]}}