{"id":28063,"date":"2023-11-17T13:46:11","date_gmt":"2023-11-17T11:46:11","guid":{"rendered":"http:\/\/www.psib-psoe.org\/mallorca\/?p=28063"},"modified":"2024-10-14T11:41:17","modified_gmt":"2024-10-14T09:41:17","slug":"el-grup-municipal-socialista-dandratx-vota-en-contra-dels-pressuposts-per-lany-2024-per-les-retallades-en-serveis-socials-cultura-patrimoni-educacio-i-biblioteca","status":"publish","type":"post","link":"https:\/\/www.psib-psoe.org\/mallorca\/el-grup-municipal-socialista-dandratx-vota-en-contra-dels-pressuposts-per-lany-2024-per-les-retallades-en-serveis-socials-cultura-patrimoni-educacio-i-biblioteca\/","title":{"rendered":"El Grup Municipal Socialista d\u2019Andratx vota en contra dels pressuposts per l\u2019any 2024 per les retallades en Serveis Socials, Cultura, Patrimoni, Educaci\u00f3 i Biblioteca"},"content":{"rendered":"<div class=\"wpb-content-wrapper\">[vc_row][vc_column][vc_single_image image=&#8221;28064&#8243; img_size=&#8221;full&#8221; alignment=&#8221;center&#8221;][\/vc_column][\/vc_row][vc_row][vc_column][vc_column_text]<em><u>Els regidors socialistes consideren que s\u00f3n uns pressuposts t\u00e8cnics, continuistes i conservadors amb manca d\u2019ambici\u00f3 pol\u00edtica a totes les regidories. El PSIB-PSOE critica les retallades en els projectes de les regidories de Patrimoni, Serveis Socials i les ajudes a la compra d\u2019habitatges; a m\u00e9s de la eliminaci\u00f3 de diferents partides pel suport escolar<\/u><\/em>[\/vc_column_text][\/vc_column][\/vc_row][vc_row][vc_column][vc_column_text]Els tres regidors socialistes a l\u2019Ajuntament d\u2019Andratx han votat en contra dels pressuposts que l\u2019equip de govern del PP ha presentat per l\u2019any 2024 perqu\u00e8 consideren que s\u00f3n: \u201ct\u00e8cnics, continuistes i conservadors amb manca d\u2019ambici\u00f3 pol\u00edtica a totes les regidories\u201d. Aix\u00ed ho explicava el portaveu Toni Mir, que ha criticat les baixades en les partides dedicades a Serveis Socials, Patrimoni, Educaci\u00f3 i Cultura.<\/p>\n<p>Les inversions tamb\u00e9 han estat motiu de cr\u00edtica per part dels socialistes. Consideren que el PP no preveu fer m\u00e9s que all\u00f2 que ja estava en proc\u00e9s com el p\u00e0rquing del carrer Gal\u00edcia: \u201cS\u00f3n inversions obligades\u201d explicava Mir.<\/p>\n<p>Pel que fa a Serveis Socials, els socialistes critiquen la baixada desmesurada de tot el departament, entre elles la que pateix partides com la de productes alimentaris que baixa fins un 60%, la disminuci\u00f3 en 100.000\u20ac per a projectes socials i la rebaixa del 98% en serveis veterinaris. Mir ha denunciat tamb\u00e9 la baixada del 25% en la partida per l\u2019ajuda a la compra d\u2019habitatges \u201cquan varen fer bandera durant la campanya electoral\u201d.<\/p>\n<p>Els principal grup de l\u2019oposici\u00f3 ha destacat tamb\u00e9 que al darrer pressupost ja va disminuir la partida de subvencions nominatives, i enguany no nom\u00e9s no la pugen sin\u00f3 que \u201cvarien els criteris del que es considera contraprestaci\u00f3 de serveis d\u2019un any per un altre\u201d. Un aspecte que perjudica a diferents organitzacions socials i esdeveniments esportius tradicionals com: La Pujada A Son Mas i el Rally Sol de Ponent d\u2019automobilisme, el Triatl\u00f3 d\u2019Andratx, el Torneig de Futbol Sala o la volta a la Dragonera, entre altres.<\/p>\n<p>Seguint amb les subvencions, el PSOE d\u2019Andratx ha criticat la baixada en les subvencions destinades a l\u2019assist\u00e8ncia municipal de 150.000\u20ac a 20.000\u20ac; a m\u00e9s de la reducci\u00f3 del 50% en les subvencions mediambientals.<\/p>\n<p>El Grup Municipal Socialista tamb\u00e9 ha destacat la seva disconformitat en l\u2019eliminaci\u00f3 de la partida pel suport escolar i la baixada de les partides destinades a la conservaci\u00f3 de les instal\u00b7lacions municipals, especialment a les escoles i escoletes del municipi. A m\u00e9s consideren un error disminuir en un 65% la partida per a la senyal\u00edstica vial, aix\u00ed com es troba actualment en el municipi.<\/p>\n<p>El portaveu del PSIB a Andratx tamb\u00e9 ha mencionat la baixada \u201cm\u00e9s que significativa\u201d a l\u2019\u00e0rea de Patrimoni que comptava amb una dotaci\u00f3 de 77.500\u20ac, i disminueix pel 2024 un 56%, amb una partida de 34.000\u20ac.<\/p>\n<p>Finalment, Mir ha denunciat la manca d\u2019aposta per la cultura de l\u2019equip de govern, en funci\u00f3 a la previsi\u00f3 pressupost\u00e0ria, ja que disminueixen totes les partides fins a un 15% en el seu conjunt. Aspectes com la reducci\u00f3 del 50% en edici\u00f3 de llibres i cursos de formaci\u00f3 o la baixada del 22% a l\u2019arxiu i la biblioteca.<\/p>\n<p>Els socialistes tamb\u00e9 han contestat a la batlessa, que haur\u00e0 de fer \u201cdiferents modificacions pressupost\u00e0ries, perqu\u00e8 no es reflexa les necessitats dels andritxols i andritxoles\u201d. A m\u00e9s, han puntualitzat que \u201cAndratx necessita uns pressuposts m\u00e9s expansius, i posant els ingressos al servei del ciutad\u00e0, i no continuar amb m\u00e9s super\u00e0vits\u201d.[\/vc_column_text][\/vc_column][\/vc_row][vc_row][vc_column][vc_video link=&#8221;https:\/\/www.youtube.com\/watch?v=ZG0D4S4jiq0&#8243;][\/vc_column][\/vc_row]\n<\/div>","protected":false},"excerpt":{"rendered":"<p>[vc_row][vc_column][vc_single_image image=&#8221;28064&#8243; img_size=&#8221;full&#8221; alignment=&#8221;center&#8221;][\/vc_column][\/vc_row][vc_row][vc_column][vc_column_text]Els regidors socialistes consideren que s\u00f3n uns pressuposts t\u00e8cnics, continuistes i conservadors amb manca d\u2019ambici\u00f3 pol\u00edtica a totes les regidories. El PSIB-PSOE critica les retallades en els projectes de les regidories de Patrimoni, Serveis Socials i les ajudes a la compra d\u2019habitatges; a m\u00e9s de la eliminaci\u00f3 de diferents partides pel suport&hellip;<\/p>\n","protected":false},"author":6,"featured_media":28064,"comment_status":"closed","ping_status":"open","sticky":false,"template":"","format":"standard","meta":{"footnotes":""},"categories":[90,92],"tags":[219,507,84,222],"class_list":["post-28063","post","type-post","status-publish","format-standard","has-post-thumbnail","hentry","category-municipis","category-portada","tag-andratx","tag-enaitz-inan","tag-psib-psoe","tag-toni-mir"],"_links":{"self":[{"href":"https:\/\/www.psib-psoe.org\/mallorca\/wp-json\/wp\/v2\/posts\/28063"}],"collection":[{"href":"https:\/\/www.psib-psoe.org\/mallorca\/wp-json\/wp\/v2\/posts"}],"about":[{"href":"https:\/\/www.psib-psoe.org\/mallorca\/wp-json\/wp\/v2\/types\/post"}],"author":[{"embeddable":true,"href":"https:\/\/www.psib-psoe.org\/mallorca\/wp-json\/wp\/v2\/users\/6"}],"replies":[{"embeddable":true,"href":"https:\/\/www.psib-psoe.org\/mallorca\/wp-json\/wp\/v2\/comments?post=28063"}],"version-history":[{"count":0,"href":"https:\/\/www.psib-psoe.org\/mallorca\/wp-json\/wp\/v2\/posts\/28063\/revisions"}],"wp:featuredmedia":[{"embeddable":true,"href":"https:\/\/www.psib-psoe.org\/mallorca\/wp-json\/wp\/v2\/media\/28064"}],"wp:attachment":[{"href":"https:\/\/www.psib-psoe.org\/mallorca\/wp-json\/wp\/v2\/media?parent=28063"}],"wp:term":[{"taxonomy":"category","embeddable":true,"href":"https:\/\/www.psib-psoe.org\/mallorca\/wp-json\/wp\/v2\/categories?post=28063"},{"taxonomy":"post_tag","embeddable":true,"href":"https:\/\/www.psib-psoe.org\/mallorca\/wp-json\/wp\/v2\/tags?post=28063"}],"curies":[{"name":"wp","href":"https:\/\/api.w.org\/{rel}","templated":true}]}}