{"id":28103,"date":"2023-12-06T09:25:44","date_gmt":"2023-12-06T07:25:44","guid":{"rendered":"http:\/\/www.psib-psoe.org\/mallorca\/?p=28103"},"modified":"2024-10-14T11:41:16","modified_gmt":"2024-10-14T09:41:16","slug":"el-govern-de-ppvox-al-consell-canviara-la-data-de-la-diada-de-mallorca-desquena-a-la-institucio-als-experts-de-la-uib-i-a-la-ciutadania","status":"publish","type":"post","link":"https:\/\/www.psib-psoe.org\/mallorca\/el-govern-de-ppvox-al-consell-canviara-la-data-de-la-diada-de-mallorca-desquena-a-la-institucio-als-experts-de-la-uib-i-a-la-ciutadania\/","title":{"rendered":"El govern de PPVOX al Consell canviar\u00e0 la data de la Diada de Mallorca d&#8217;esquena a la instituci\u00f3, als experts de la UIB, i a la ciutadania"},"content":{"rendered":"<div class=\"wpb-content-wrapper\">[vc_row][vc_column][vc_single_image image=&#8221;28104&#8243; img_size=&#8221;full&#8221; alignment=&#8221;center&#8221;][\/vc_column][\/vc_row][vc_row][vc_column][vc_column_text]<em><u>La portaveu socialista, Catalina Cladera, denuncia que una consulta incompleta a ajuntaments amb informes encarregats a dit, deixant de banda a la UIB, no s\u00f3n suficients per vestir el canvi de data de la Diada de Mallorca. Els socialistes anuncien al\u00b7legacions en el cas que s&#8217;aprovi en el ple.<\/u><\/em>[\/vc_column_text][\/vc_column][\/vc_row][vc_row][vc_column][vc_column_text]&#8221;El proc\u00e9s que ha fet servir l&#8217;equip de govern PPVOX al Consell de Mallorca per validar el canvi de la data de celebraci\u00f3 de la Diada de Mallorca no \u00e9s ni democr\u00e0tic ni representatiu&#8221;, segons ha afirmat la portaveu socialista Catalina Cladera. La socialista ha afirmat que PPVOX &#8220;pret\u00e9n culminar la guerra cultural contra els mallorquins, i ho faran d&#8217;esquenes al mateix Consell, als historiadors i experts, i a la ciutadania en general&#8221;. Avui s&#8217;ha conegut que es pret\u00e9n dur a aprovaci\u00f3 aquest punt de l&#8217;ordre del dia al pr\u00f2xim ple ordinari de la instituci\u00f3.<\/p>\n<p>PPVOX han muntat un pseudo-expedient al Consell per donar una aparen\u00e7a de cobertura legal a un canvi de data totalment ideol\u00f2gic, que ja havien decidit pol\u00edticament i que portaven en el seu programa electoral i al programa de govern.<\/p>\n<p>El pseudo-expedient PPVOX s&#8217;ha vestit amb una consulta als ajuntaments, en la qual nom\u00e9s han participat la meitat dels consistoris, la gran majoria dels quals governats precisament per PPVOX. I uns informes a tres experts, que no s&#8217;ha explicat com ha estat triats ni amb quina premissa se&#8217;ls ha encarregat l&#8217;estudi des del Consell amb un contracte menor adjudicat a dit, per dir precisament all\u00f2 que volia l&#8217;equip de govern. &#8220;Res a veure amb el proc\u00e9s que es va seguir fa 8 anys&#8221;.<\/p>\n<p>A m\u00e9s sorpr\u00e8n que el Consell vulneri per complet el criteri de la m\u00e0xima autoritat acad\u00e8mica, la UIB, i concretament el seu Departament de Ci\u00e8ncies Hist\u00f2riques i Teoria de les Arts, que no ha estat consultat.<\/p>\n<p>PPVOX imposa els seus posicionaments de partit i els converteixen en actes institucionals, creant desconcert entre la ciutadania, \u00fanicament per causes ideol\u00f2giques i no hist\u00f2riques. El 12 de setembre com a Diada de Mallorca no \u00e9s cap reivindicaci\u00f3 dels historiadors i cronistes ni dels ajuntaments de l\u2019illa.<\/p>\n<p>El Grup Socialista al Consell presentar\u00e0 al\u00b7legacions a la possible aprovaci\u00f3 en el ple del canvi de data de la Diada, tenint en compte arguments cient\u00edfics i no nom\u00e9s pol\u00edtics com fa ara el Consell.<\/p>\n<p>&#8220;Seguirem exigint que es mantingui la data del 31D com a centre de la Diada de Mallorca, ja que va ser fruit d\u2019un consens d&#8217;una comissi\u00f3 d\u2019experts que compt\u00e0 amb participaci\u00f3 ciutadana, que apleg\u00e0 l&#8217;acord del 90% dels historiadors, del 79% dels ajuntaments, d\u2019un 84% de les entitats vinculades i d\u2019un 80% dels ciutadans consultats. Una feina seriosa, al contrari de la que ara ha muntat el sr. Galm\u00e9s&#8221;, ha recordat Cladera.[\/vc_column_text][\/vc_column][\/vc_row]\n<\/div>","protected":false},"excerpt":{"rendered":"<p>[vc_row][vc_column][vc_single_image image=&#8221;28104&#8243; img_size=&#8221;full&#8221; alignment=&#8221;center&#8221;][\/vc_column][\/vc_row][vc_row][vc_column][vc_column_text]La portaveu socialista, Catalina Cladera, denuncia que una consulta incompleta a ajuntaments amb informes encarregats a dit, deixant de banda a la UIB, no s\u00f3n suficients per vestir el canvi de data de la Diada de Mallorca. Els socialistes anuncien al\u00b7legacions en el cas que s&#8217;aprovi en el ple.[\/vc_column_text][\/vc_column][\/vc_row][vc_row][vc_column][vc_column_text]&#8221;El proc\u00e9s que ha&hellip;<\/p>\n","protected":false},"author":3,"featured_media":28104,"comment_status":"closed","ping_status":"open","sticky":false,"template":"","format":"standard","meta":{"footnotes":""},"categories":[89,2,1,90,92],"tags":[105,83,511,226],"class_list":["post-28103","post","type-post","status-publish","format-standard","has-post-thumbnail","hentry","category-consell-de-mallorca","category-federacio-de-mallorca","category-federacio-de-mallorca-portada","category-municipis","category-portada","tag-catalina-cladera","tag-consell-de-mallorca","tag-diada-de-mallorca","tag-javier-de-juan"],"_links":{"self":[{"href":"https:\/\/www.psib-psoe.org\/mallorca\/wp-json\/wp\/v2\/posts\/28103"}],"collection":[{"href":"https:\/\/www.psib-psoe.org\/mallorca\/wp-json\/wp\/v2\/posts"}],"about":[{"href":"https:\/\/www.psib-psoe.org\/mallorca\/wp-json\/wp\/v2\/types\/post"}],"author":[{"embeddable":true,"href":"https:\/\/www.psib-psoe.org\/mallorca\/wp-json\/wp\/v2\/users\/3"}],"replies":[{"embeddable":true,"href":"https:\/\/www.psib-psoe.org\/mallorca\/wp-json\/wp\/v2\/comments?post=28103"}],"version-history":[{"count":0,"href":"https:\/\/www.psib-psoe.org\/mallorca\/wp-json\/wp\/v2\/posts\/28103\/revisions"}],"wp:featuredmedia":[{"embeddable":true,"href":"https:\/\/www.psib-psoe.org\/mallorca\/wp-json\/wp\/v2\/media\/28104"}],"wp:attachment":[{"href":"https:\/\/www.psib-psoe.org\/mallorca\/wp-json\/wp\/v2\/media?parent=28103"}],"wp:term":[{"taxonomy":"category","embeddable":true,"href":"https:\/\/www.psib-psoe.org\/mallorca\/wp-json\/wp\/v2\/categories?post=28103"},{"taxonomy":"post_tag","embeddable":true,"href":"https:\/\/www.psib-psoe.org\/mallorca\/wp-json\/wp\/v2\/tags?post=28103"}],"curies":[{"name":"wp","href":"https:\/\/api.w.org\/{rel}","templated":true}]}}