{"id":28126,"date":"2023-12-14T18:20:07","date_gmt":"2023-12-14T16:20:07","guid":{"rendered":"http:\/\/www.psib-psoe.org\/mallorca\/?p=28126"},"modified":"2024-10-14T11:41:16","modified_gmt":"2024-10-14T09:41:16","slug":"els-socialistes-critiquen-que-el-consell-apugi-la-tarifa-real-de-gestio-de-residus-organics-del-municipis-fins-als-203-e-tn-un-765-mes-que-en-2023","status":"publish","type":"post","link":"https:\/\/www.psib-psoe.org\/mallorca\/els-socialistes-critiquen-que-el-consell-apugi-la-tarifa-real-de-gestio-de-residus-organics-del-municipis-fins-als-203-e-tn-un-765-mes-que-en-2023\/","title":{"rendered":"Els socialistes critiquen que el Consell apugi la tarifa real de gesti\u00f3 de residus org\u00e0nics del municipis fins als 203 \u20ac\/tn, un 76,5% m\u00e9s que en 2023."},"content":{"rendered":"<div class=\"wpb-content-wrapper\">[vc_row][vc_column][vc_single_image image=&#8221;28127&#8243; img_size=&#8221;full&#8221; alignment=&#8221;center&#8221;][\/vc_column][\/vc_row][vc_row][vc_column][vc_raw_html]JTNDaWZyYW1lJTIwc3JjJTNEJTIyaHR0cHMlM0ElMkYlMkZ3d3cuaXZvb3guY29tJTJGcGxheWVyX2VqXzEyMTExMjQ2OV82XzEuaHRtbCUyMiUyMHdpZHRoJTNEJTIyMTAwJTI1JTIyJTIwaGVpZ2h0JTNEJTIyMjAwJTIyJTIwZnJhbWVib3JkZXIlM0QlMjIwJTIyJTIwYWxsb3dmdWxsc2NyZWVuJTNEJTIyJTIyJTIwc2Nyb2xsaW5nJTNEJTIybm8lMjIlMjBsb2FkaW5nJTNEJTIybGF6eSUyMiUzRSUzQyUyRmlmcmFtZSUzRQ==[\/vc_raw_html][\/vc_column][\/vc_row][vc_row][vc_column][vc_column_text]<em><u>Els socialistes del Consell de Mallorca han votat en contra del punt de l&#8217;ordre del dia que ha validat la tarifa de residus s\u00f2lids urbans que pagaran els municipis, i que s&#8217;ha fixat en 203 \u20ac\/tn, per\u00f2 que es mant\u00e9 de manera subvencionada en els 115 \u20ac\/tn actuals a causa de l&#8217;aportaci\u00f3 directa de 43 milions d&#8217;euros de fons del Consell de Mallorca. La portaveu Catalina Cladera acusa Galm\u00e9s de no haver fet feina per a negociar la tarifa, i haver acceptat la primera que els ha presentat la concession\u00e0ria. <\/u><\/em>[\/vc_column_text][\/vc_column][\/vc_row][vc_row][vc_column][vc_column_text]El Consell de Mallorca ha aprovat avui la tarifa que els municipis pagaran enguany a la concession\u00e0ria de la gesti\u00f3 dels residus s\u00f2lids urbans per 2024. Una tarifa que en el seu cost real ser\u00e0 de 203 \u20ac\/tn, amb un increment del 76,5% respecte la que est\u00e0 en vigor enguany. Circumstancialment, l&#8217;aportaci\u00f3 de 43 milions d&#8217;euros de recursos propis del Consell, de forma directa, provocar\u00e0 que la tarifa quedi artificialment en els mateixos 114,9 \u20ac\/tn en que estava fixada. Per\u00f2 quan aquesta aportaci\u00f3 es deixi de produir, la tarifa real ser\u00e0 203 \u20ac\/tn, com s&#8217;ha aprovat avui, un fet que ha provocat l&#8217;oposici\u00f3 total a la mesura dels consellers socialistes.<\/p>\n<p>&#8220;Dir que mantenen la tarifa i fer-ho amb una subvenci\u00f3 \u00e9s dir mentides&#8221;, ha afirmat Cladera. La socialista ha lamentat que l&#8217;equip PPVOX no hagi fet &#8220;all\u00f2 que hem fet durant la passada legislatura: negociar els diferents components que composen la tarifa, per poder-la moderar&#8221;. La portaveu socialista ha acusat Galm\u00e9s de no haver negociat i d&#8217;haver acceptat la primera proposta de tarifa que ha fet TIRME: &#8220;\u00e9s el president qui s&#8217;hauria d&#8217;haver aferrat&#8221;.<\/p>\n<p>Per Cladera l&#8217;actual equip de govern PPVOX &#8220;o ha pagat la <em>novatada<\/em>, o no s&#8217;<em>entera<\/em>, han fet el beneit, o un poc de les tres coses&#8221;. Davant l&#8217;aportaci\u00f3 de 43 milions d&#8217;euros a les arques de TIRME, Cladera ha dit que s\u00f3n recursos dels ciutadans que els socialistes haguessin destinat a fer moltes altres coses, com es va veure en les nostres propostes d&#8217;esmenes als pressupostos de 2024.<\/p>\n<p>&nbsp;<\/p>\n<!--[if lt IE 9]><script>document.createElement('audio');<\/script><![endif]-->\n<audio class=\"wp-audio-shortcode\" id=\"audio-28126-1\" preload=\"none\" style=\"width: 100%;\" controls=\"controls\"><source type=\"audio\/mpeg\" src=\"http:\/\/www.psib-psoe.org\/mallorca\/wp-content\/uploads\/Cladera-Tirme.mp3?_=1\" \/><a href=\"http:\/\/www.psib-psoe.org\/mallorca\/wp-content\/uploads\/Cladera-Tirme.mp3\">http:\/\/www.psib-psoe.org\/mallorca\/wp-content\/uploads\/Cladera-Tirme.mp3<\/a><\/audio>\n[\/vc_column_text][\/vc_column][\/vc_row]\n<\/div>","protected":false},"excerpt":{"rendered":"<p>[vc_row][vc_column][vc_single_image image=&#8221;28127&#8243; img_size=&#8221;full&#8221; alignment=&#8221;center&#8221;][\/vc_column][\/vc_row][vc_row][vc_column][vc_raw_html]JTNDaWZyYW1lJTIwc3JjJTNEJTIyaHR0cHMlM0ElMkYlMkZ3d3cuaXZvb3guY29tJTJGcGxheWVyX2VqXzEyMTExMjQ2OV82XzEuaHRtbCUyMiUyMHdpZHRoJTNEJTIyMTAwJTI1JTIyJTIwaGVpZ2h0JTNEJTIyMjAwJTIyJTIwZnJhbWVib3JkZXIlM0QlMjIwJTIyJTIwYWxsb3dmdWxsc2NyZWVuJTNEJTIyJTIyJTIwc2Nyb2xsaW5nJTNEJTIybm8lMjIlMjBsb2FkaW5nJTNEJTIybGF6eSUyMiUzRSUzQyUyRmlmcmFtZSUzRQ==[\/vc_raw_html][\/vc_column][\/vc_row][vc_row][vc_column][vc_column_text]Els socialistes del Consell de Mallorca han votat en contra del punt de l&#8217;ordre del dia que ha validat la tarifa de residus s\u00f2lids urbans que pagaran els municipis, i que s&#8217;ha fixat en 203 \u20ac\/tn, per\u00f2 que es mant\u00e9 de manera subvencionada en els 115 \u20ac\/tn actuals a causa de l&#8217;aportaci\u00f3&hellip;<\/p>\n","protected":false},"author":3,"featured_media":28127,"comment_status":"closed","ping_status":"open","sticky":false,"template":"","format":"standard","meta":{"footnotes":""},"categories":[89,2,1,90,92],"tags":[105,83,84],"class_list":["post-28126","post","type-post","status-publish","format-standard","has-post-thumbnail","hentry","category-consell-de-mallorca","category-federacio-de-mallorca","category-federacio-de-mallorca-portada","category-municipis","category-portada","tag-catalina-cladera","tag-consell-de-mallorca","tag-psib-psoe"],"_links":{"self":[{"href":"https:\/\/www.psib-psoe.org\/mallorca\/wp-json\/wp\/v2\/posts\/28126"}],"collection":[{"href":"https:\/\/www.psib-psoe.org\/mallorca\/wp-json\/wp\/v2\/posts"}],"about":[{"href":"https:\/\/www.psib-psoe.org\/mallorca\/wp-json\/wp\/v2\/types\/post"}],"author":[{"embeddable":true,"href":"https:\/\/www.psib-psoe.org\/mallorca\/wp-json\/wp\/v2\/users\/3"}],"replies":[{"embeddable":true,"href":"https:\/\/www.psib-psoe.org\/mallorca\/wp-json\/wp\/v2\/comments?post=28126"}],"version-history":[{"count":0,"href":"https:\/\/www.psib-psoe.org\/mallorca\/wp-json\/wp\/v2\/posts\/28126\/revisions"}],"wp:featuredmedia":[{"embeddable":true,"href":"https:\/\/www.psib-psoe.org\/mallorca\/wp-json\/wp\/v2\/media\/28127"}],"wp:attachment":[{"href":"https:\/\/www.psib-psoe.org\/mallorca\/wp-json\/wp\/v2\/media?parent=28126"}],"wp:term":[{"taxonomy":"category","embeddable":true,"href":"https:\/\/www.psib-psoe.org\/mallorca\/wp-json\/wp\/v2\/categories?post=28126"},{"taxonomy":"post_tag","embeddable":true,"href":"https:\/\/www.psib-psoe.org\/mallorca\/wp-json\/wp\/v2\/tags?post=28126"}],"curies":[{"name":"wp","href":"https:\/\/api.w.org\/{rel}","templated":true}]}}