{"id":28156,"date":"2023-12-21T17:20:26","date_gmt":"2023-12-21T15:20:26","guid":{"rendered":"http:\/\/www.psib-psoe.org\/mallorca\/?p=28156"},"modified":"2024-10-14T11:41:15","modified_gmt":"2024-10-14T09:41:15","slug":"els-socialistes-exigeixen-al-president-de-limas-que-proporcioni-un-sostre-digne-a-les-persones-que-dormen-al-carrer","status":"publish","type":"post","link":"https:\/\/www.psib-psoe.org\/mallorca\/els-socialistes-exigeixen-al-president-de-limas-que-proporcioni-un-sostre-digne-a-les-persones-que-dormen-al-carrer\/","title":{"rendered":"Els socialistes exigeixen al president de l&#8217;IMAS que proporcioni un sostre digne a les persones que dormen al carrer"},"content":{"rendered":"<div class=\"wpb-content-wrapper\">[vc_row][vc_column][vc_single_image image=&#8221;28157&#8243; img_size=&#8221;full&#8221; alignment=&#8221;center&#8221;][\/vc_column][\/vc_row][vc_row][vc_column][vc_column_text]<em><u>El col\u00b7lapse institucional a l&#8217;IMAS suposa un greuge per a desenes de persones sense recursos que no tenen pla\u00e7a als\u00a0 recursos d&#8217;inclusi\u00f3 social i que es veuen obligats a dormir al ras o a les portes de l&#8217;hospital de Son Espases. La consellera insular Sofia Alonso denuncia que &#8220;donar cobertura a les persones que tenen m\u00e9s necessitat d&#8217;allotjament en ple hivern no \u00e9s una prioritat per l&#8217;IMAS i el Consell de Mallorca&#8221;, i ha demanat a l&#8217;IMAS &#8220;que posi les mesures necess\u00e0ries per donar allotjament digne a totes aquestes persones, com es va fer durant tota la passada legislatura&#8221;. <\/u><\/em><\/p>\n<p><em><u>\u00a0<\/u><\/em>[\/vc_column_text][\/vc_column][\/vc_row][vc_row][vc_column][vc_column_text]Els socialistes exigeixen al president de l&#8217;IMAS, Guillermo S\u00e1nchez, que doni un sostre digne a totes les persones que es veuen obligades a dormir al ras a Mallorca, especialment durant el moment de l&#8217;any amb temperatures m\u00e9s baixes. La consellera insular Sofia Alonso ha insistit en que l&#8217;IMAS adopti un Pla de xoc per cobrir les necessitats de les persones sense sostre. I ho ha fet en el recent Consell Rector de l&#8217;IMAS: &#8220;la resposta del sr. S\u00e1nchez va ser que enguany l&#8217;IMAS feia el que s&#8217;ha fet sempre, i aix\u00f2 no \u00e9s veritat&#8221;, ha dit Alonso, &#8220;ho estan movent ni un dit&#8221;.<\/p>\n<p>Durant els quatre anys de la legislatura anterior l&#8217;IMAS va prendre mesures durant les onades de fred hivernal, per dotar d&#8217;allotjament digna a persona que d&#8217;altra manera s&#8217;haurien vist for\u00e7ades a pernoctar al carrer. En el moment de major demanda de places d&#8217;inclusi\u00f3 social, durant la passada legislatura l&#8217;IMAS va condicionar nous espais com pavellons esportius hotels o contractes d&#8217;emerg\u00e8ncia amb entitats que podien oferir places provisionals per acollir persones sense sostre, i evitar que es col\u00b7lapsessin els recursos ordinaris de la instituci\u00f3, com el centre de ca l&#8217;Ardiaca.<\/p>\n<p>&#8220;Ara l&#8217;IMAS\u00a0 hauria de fer el mateix, per\u00f2 l&#8217;alarmant mancan\u00e7a de gesti\u00f3 en mat\u00e8ria social fa que es quedin plegats de mans, mentre que cada dia veiem gent que dorm en condicions infrahumanes a Mallorca&#8221;, ha afirmat la consellera socialista. L&#8217;actitud de PPVOX respecte la pol\u00edtica social, ignorant les necessitats de qui ajuda requereix posa en q\u00fcesti\u00f3 totes les afirmacions sobre la pol\u00edtica social de l&#8217;actual equip de govern: &#8221; &#8220;fets com aquest demostren un cop m\u00e9s que per PPVOX les persones no s\u00f3n una prioritat; tenien els recursos dels romanents, i de les bestretes al seu abast per posar solucions al tema de l&#8217;allotjament dels sense sostre en ple hivern, per\u00f2 han preferit regalar-los 43 milions d&#8217;euros a TIRME abans que invertir en inclusi\u00f3 social&#8221;.[\/vc_column_text][\/vc_column][\/vc_row]\n<\/div>","protected":false},"excerpt":{"rendered":"<p>[vc_row][vc_column][vc_single_image image=&#8221;28157&#8243; img_size=&#8221;full&#8221; alignment=&#8221;center&#8221;][\/vc_column][\/vc_row][vc_row][vc_column][vc_column_text]El col\u00b7lapse institucional a l&#8217;IMAS suposa un greuge per a desenes de persones sense recursos que no tenen pla\u00e7a als\u00a0 recursos d&#8217;inclusi\u00f3 social i que es veuen obligats a dormir al ras o a les portes de l&#8217;hospital de Son Espases. La consellera insular Sofia Alonso denuncia que &#8220;donar cobertura a les&hellip;<\/p>\n","protected":false},"author":3,"featured_media":28157,"comment_status":"closed","ping_status":"open","sticky":false,"template":"","format":"standard","meta":{"footnotes":""},"categories":[89,2,90,92],"tags":[83,134,84,296],"class_list":["post-28156","post","type-post","status-publish","format-standard","has-post-thumbnail","hentry","category-consell-de-mallorca","category-federacio-de-mallorca","category-municipis","category-portada","tag-consell-de-mallorca","tag-imas","tag-psib-psoe","tag-sofia-alonso"],"_links":{"self":[{"href":"https:\/\/www.psib-psoe.org\/mallorca\/wp-json\/wp\/v2\/posts\/28156"}],"collection":[{"href":"https:\/\/www.psib-psoe.org\/mallorca\/wp-json\/wp\/v2\/posts"}],"about":[{"href":"https:\/\/www.psib-psoe.org\/mallorca\/wp-json\/wp\/v2\/types\/post"}],"author":[{"embeddable":true,"href":"https:\/\/www.psib-psoe.org\/mallorca\/wp-json\/wp\/v2\/users\/3"}],"replies":[{"embeddable":true,"href":"https:\/\/www.psib-psoe.org\/mallorca\/wp-json\/wp\/v2\/comments?post=28156"}],"version-history":[{"count":0,"href":"https:\/\/www.psib-psoe.org\/mallorca\/wp-json\/wp\/v2\/posts\/28156\/revisions"}],"wp:featuredmedia":[{"embeddable":true,"href":"https:\/\/www.psib-psoe.org\/mallorca\/wp-json\/wp\/v2\/media\/28157"}],"wp:attachment":[{"href":"https:\/\/www.psib-psoe.org\/mallorca\/wp-json\/wp\/v2\/media?parent=28156"}],"wp:term":[{"taxonomy":"category","embeddable":true,"href":"https:\/\/www.psib-psoe.org\/mallorca\/wp-json\/wp\/v2\/categories?post=28156"},{"taxonomy":"post_tag","embeddable":true,"href":"https:\/\/www.psib-psoe.org\/mallorca\/wp-json\/wp\/v2\/tags?post=28156"}],"curies":[{"name":"wp","href":"https:\/\/api.w.org\/{rel}","templated":true}]}}