{"id":28162,"date":"2023-12-23T11:35:25","date_gmt":"2023-12-23T09:35:25","guid":{"rendered":"http:\/\/www.psib-psoe.org\/mallorca\/?p=28162"},"modified":"2024-10-14T11:41:15","modified_gmt":"2024-10-14T09:41:15","slug":"cladera-el-govern-de-lestat-ha-estat-el-salvavides-de-la-incompetencia-pressupostaria-del-sr-galmes","status":"publish","type":"post","link":"https:\/\/www.psib-psoe.org\/mallorca\/cladera-el-govern-de-lestat-ha-estat-el-salvavides-de-la-incompetencia-pressupostaria-del-sr-galmes\/","title":{"rendered":"Cladera: &#8220;El Govern de l&#8217;Estat ha estat el salvavides de la incompet\u00e8ncia pressupost\u00e0ria del sr. Galm\u00e9s&#8221;"},"content":{"rendered":"<div class=\"wpb-content-wrapper\">[vc_row][vc_column][vc_single_image image=&#8221;28041&#8243; img_size=&#8221;full&#8221; alignment=&#8221;center&#8221;][\/vc_column][\/vc_row][vc_row][vc_column][vc_column_text]<em><u>La portaveu socialista al Consell de Mallorca, Catalina Cladera, ha apuntat la deslleialtat pol\u00edtica del sr. Galm\u00e9s, &#8220;que critica Pedro S\u00e1nchez, mentre que quadra el pressupost del Consell de 2024 amb l&#8217;aportaci\u00f3 suplement\u00e0ria de l&#8217;Estat&#8221;.<\/u><\/em><\/p>\n<p><em><u>\u00a0<\/u><\/em>[\/vc_column_text][\/vc_column][\/vc_row][vc_row][vc_column][vc_column_text]La portaveu socialista Catalina Cladera ha assenyalat la &#8220;deslleialtat pol\u00edtica de Galm\u00e9s&#8221;, que critica constantment la gesti\u00f3 del president Pedro S\u00e1nchez, per\u00f2 que han d&#8217;admetre que els ha arreglat el desquadrament dels comptes del pressupost del Consell de Mallorca 2024: &#8220;ha estat el Govern de Pedro S\u00e1nchez qui ha hagut de sortir al rescat de la incompet\u00e8ncia pressupost\u00e0ria del sr. Galm\u00e9s i tot el seu equip PPVOX al Consell&#8221;.<\/p>\n<p>Cladera creu que &#8220;ha quedat ben demostrat que el Pressupost de PPVOX tenia els ingressos i les despeses que no casaven, i aix\u00f2 \u00e9s un incompliment flagrant de la Llei d&#8217;hisendes locals&#8221;. La resposta a la nostra reclamaci\u00f3 diu que aquest desquadrament dels comptes, &#8220;inadmissible en una instituci\u00f3 del calat del Consell de Mallorca&#8221;, es podr\u00e0 solucionar amb l&#8217;increment de l&#8217;aportaci\u00f3 de l&#8217;Estat a la instituci\u00f3 insular. Per tant, el desquadrament existia en el moment de l&#8217;aprovaci\u00f3 inicial del pressupost en el ple extraordinari del Consell del passat 23 de novembre.<\/p>\n<p>En conseq\u00fc\u00e8ncia, &#8220;\u00e9s S\u00e1nchez qui salva els pressupostos a Galm\u00e9s, despr\u00e9s que el seu mateix company del Govern, Antoni Costa l&#8217;hagu\u00e9s deixat tirat&#8221;. En efecte, la primera proposta d&#8217;assignaci\u00f3 del GOIB al Consell de Mallorca era d&#8217;un increment del 7% respecte l&#8217;aportaci\u00f3 de 2023. En canvi, dies m\u00e9s tard, l&#8217;aportaci\u00f3 real nom\u00e9s s&#8217;increment\u00e0 un 5%, i aix\u00f2 va fer apar\u00e8ixer un desquadrament als comptes del Consell, que no es va voler arreglar abans del ple d&#8217;aprovaci\u00f3 inicial. &#8220;Una nova demostraci\u00f3 del poc pes pol\u00edtic de Galm\u00e9s davant dels seus mateixos companys del partit al Govern&#8221;.<\/p>\n<p>Cladera creu que &#8220;el president S\u00e1nchez demostra molta m\u00e9s lleialtat institucional cap al Consell de Mallorca que qualsevol dels integrants de PPVOX, que es dediquen dia si i dia tamb\u00e9 a insultar i menystenir el president del Govern, i deixen sense condemna els atacs diaris a les seus del Partit Socialista a tot l&#8217;Estat&#8221;.<\/p>\n<p>El ple extraordinari del pr\u00f2xim dia 27 de desembre haur\u00e0 d&#8217;aprovar un pressupost de 2024 d&#8217;acord amb la llei, quadrant ingressos i despeses. &#8220;No sabem com ho pensen fer, per\u00f2 \u00e9s evident que el pressupost ha de quadrar; encara estam esperant que la consellera d&#8217;Hisenda, la sra. Bonet ens expliqui clarament com ho pensen fer, i si d&#8217;una vegada presentaran un pressupost legal&#8221;.<\/p>\n<p>&#8220;Ens han d&#8217;aclarir moltes coses, encara&#8221;, ha dit la portaveu socialista, que es pregunta com afectaran a les assignacions dels Consells Insulars els canvis que s&#8217;han fet als ingressos i les despeses del pressupost del Govern de les Illes Balears, despr\u00e9s de que la quantificaci\u00f3 de les esmenes introdu\u00efdes per &#8220;la baixada de pantalons del PP davant de VOX, ens hagi costat 120 milions d&#8217;euros&#8221;, entre els quals els 70 milions menys d&#8217;ingressos per la ren\u00fancia a gran part de la recaptaci\u00f3 de l&#8217;Impost de Patrimoni per les rendes de fins a 3 milions d&#8217;euros, o la consignaci\u00f3 de 20 milions d&#8217;euros per impulsar la segregaci\u00f3 ling\u00fc\u00edstica dels alumnes a les aules de l&#8217;educaci\u00f3 p\u00fablica. &#8220;No permetrem que aquest joc del <em>trile<\/em> entre PP i VOX afecti ni un sol euro dels ciutadans de Mallorca&#8221;.[\/vc_column_text][\/vc_column][\/vc_row]\n<\/div>","protected":false},"excerpt":{"rendered":"<p>[vc_row][vc_column][vc_single_image image=&#8221;28041&#8243; img_size=&#8221;full&#8221; alignment=&#8221;center&#8221;][\/vc_column][\/vc_row][vc_row][vc_column][vc_column_text]La portaveu socialista al Consell de Mallorca, Catalina Cladera, ha apuntat la deslleialtat pol\u00edtica del sr. Galm\u00e9s, &#8220;que critica Pedro S\u00e1nchez, mentre que quadra el pressupost del Consell de 2024 amb l&#8217;aportaci\u00f3 suplement\u00e0ria de l&#8217;Estat&#8221;. \u00a0[\/vc_column_text][\/vc_column][\/vc_row][vc_row][vc_column][vc_column_text]La portaveu socialista Catalina Cladera ha assenyalat la &#8220;deslleialtat pol\u00edtica de Galm\u00e9s&#8221;, que critica constantment la gesti\u00f3&hellip;<\/p>\n","protected":false},"author":3,"featured_media":28041,"comment_status":"closed","ping_status":"open","sticky":false,"template":"","format":"standard","meta":{"footnotes":""},"categories":[89,2,1,92],"tags":[105,83,84],"class_list":["post-28162","post","type-post","status-publish","format-standard","has-post-thumbnail","hentry","category-consell-de-mallorca","category-federacio-de-mallorca","category-federacio-de-mallorca-portada","category-portada","tag-catalina-cladera","tag-consell-de-mallorca","tag-psib-psoe"],"_links":{"self":[{"href":"https:\/\/www.psib-psoe.org\/mallorca\/wp-json\/wp\/v2\/posts\/28162"}],"collection":[{"href":"https:\/\/www.psib-psoe.org\/mallorca\/wp-json\/wp\/v2\/posts"}],"about":[{"href":"https:\/\/www.psib-psoe.org\/mallorca\/wp-json\/wp\/v2\/types\/post"}],"author":[{"embeddable":true,"href":"https:\/\/www.psib-psoe.org\/mallorca\/wp-json\/wp\/v2\/users\/3"}],"replies":[{"embeddable":true,"href":"https:\/\/www.psib-psoe.org\/mallorca\/wp-json\/wp\/v2\/comments?post=28162"}],"version-history":[{"count":0,"href":"https:\/\/www.psib-psoe.org\/mallorca\/wp-json\/wp\/v2\/posts\/28162\/revisions"}],"wp:featuredmedia":[{"embeddable":true,"href":"https:\/\/www.psib-psoe.org\/mallorca\/wp-json\/wp\/v2\/media\/28041"}],"wp:attachment":[{"href":"https:\/\/www.psib-psoe.org\/mallorca\/wp-json\/wp\/v2\/media?parent=28162"}],"wp:term":[{"taxonomy":"category","embeddable":true,"href":"https:\/\/www.psib-psoe.org\/mallorca\/wp-json\/wp\/v2\/categories?post=28162"},{"taxonomy":"post_tag","embeddable":true,"href":"https:\/\/www.psib-psoe.org\/mallorca\/wp-json\/wp\/v2\/tags?post=28162"}],"curies":[{"name":"wp","href":"https:\/\/api.w.org\/{rel}","templated":true}]}}