{"id":28170,"date":"2023-12-29T13:49:51","date_gmt":"2023-12-29T11:49:51","guid":{"rendered":"http:\/\/www.psib-psoe.org\/mallorca\/?p=28170"},"modified":"2024-10-14T11:41:15","modified_gmt":"2024-10-14T09:41:15","slug":"el-psib-psoe-de-llucmajor-denuncia-lopacitat-i-la-falta-de-gestio-de-lajuntament-amb-les-factures-extrajudicials","status":"publish","type":"post","link":"https:\/\/www.psib-psoe.org\/mallorca\/el-psib-psoe-de-llucmajor-denuncia-lopacitat-i-la-falta-de-gestio-de-lajuntament-amb-les-factures-extrajudicials\/","title":{"rendered":"El PSIB-PSOE de Llucmajor denuncia l&#8217;opacitat i la falta de gesti\u00f3 de l&#8217;Ajuntament amb les factures extrajudicials"},"content":{"rendered":"<div class=\"wpb-content-wrapper\">[vc_row][vc_column][vc_single_image image=&#8221;28171&#8243; img_size=&#8221;full&#8221; alignment=&#8221;center&#8221;][\/vc_column][\/vc_row][vc_row][vc_column][vc_column_text]<i><u><span lang=\"CA\">La den\u00fancia arriba despr\u00e9s que l&#8217;equip de govern es va veure obligat a retirar 11 punts de l&#8217;ordre del dia que tenien com a finalitat aprovar factures extrajudicials per valor de gaireb\u00e9 900.000\u20ac al ple celebrat el passat dimecres<\/span><\/u><\/i>[\/vc_column_text][\/vc_column][\/vc_row][vc_row][vc_column][vc_column_text]\n<p style=\"font-weight: 400;\">Els socialistes de Llucmajor han denunciat a l&#8217;equip de govern de l&#8217;Ajuntament local (conformat per PP, VOX i ASI) despr\u00e9s que vei\u00e9s obligat a retirar 11 punts de l&#8217;ordre del dia durant la celebraci\u00f3 de l&#8217;\u00faltim plenari municipal, perqu\u00e8 aquests expedients estaven incomplets per la falta de l&#8217;informe d&#8217;intervenci\u00f3.<\/p>\n<p style=\"font-weight: 400;\">El portaveu socialista de Llucmajor, Jaume Oliver, va avisar als 11 regidors que conformen l&#8217;equip de govern, que s&#8217;estaven arriscant molt aprovant aquests expedients, ja que estaven incomplets. En aquell moment, i veient que la resta de grups municipals de l&#8217;oposici\u00f3 els van recriminar la falta de gesti\u00f3 a l&#8217;alcaldessa, ella mateixa va decidir retirar els 11 de punts de l&#8217;ordre del dia.<\/p>\n<p style=\"font-weight: 400;\">Oliver ha declarat que \u201cla incompet\u00e8ncia de l&#8217;alcaldessa i de la resta de regidors de l&#8217;equip de govern gaireb\u00e9 els juga una mala passada i els podria haver posat en situacions judicials molt serioses si l&#8217;oposici\u00f3 no els arriba a avisar del risc al qual s&#8217;exposaven aprovant aquests expedients de manera incompleta\u201d.<\/p>\n<p style=\"font-weight: 400;\">En aquell moment, tant la secret\u00e0ria municipal com l&#8217;interventor, van avisar a l&#8217;equip de govern de l&#8217;antecedent que podien crear si aproven d&#8217;aquesta manera els 11 expedients.<\/p>\n<p style=\"font-weight: 400;\">Jaume Oliver ha concl\u00f2s que \u201cno \u00e9s la primera vegada que tenim problemes amb l&#8217;excessiu volum de factures extrajudicials que acostuma a portar l&#8217;equip de govern als plens municipals. \u00c9s un recurs que usen amb freq\u00fc\u00e8ncia i que aix\u00f2 comporta una falta de transpar\u00e8ncia notable en els comptes municipals\u201d.<\/p>\n[\/vc_column_text][\/vc_column][\/vc_row]\n<\/div>","protected":false},"excerpt":{"rendered":"<p>[vc_row][vc_column][vc_single_image image=&#8221;28171&#8243; img_size=&#8221;full&#8221; alignment=&#8221;center&#8221;][\/vc_column][\/vc_row][vc_row][vc_column][vc_column_text]La den\u00fancia arriba despr\u00e9s que l&#8217;equip de govern es va veure obligat a retirar 11 punts de l&#8217;ordre del dia que tenien com a finalitat aprovar factures extrajudicials per valor de gaireb\u00e9 900.000\u20ac al ple celebrat el passat dimecres[\/vc_column_text][\/vc_column][\/vc_row][vc_row][vc_column][vc_column_text] Els socialistes de Llucmajor han denunciat a l&#8217;equip de govern de l&#8217;Ajuntament local&hellip;<\/p>\n","protected":false},"author":6,"featured_media":28171,"comment_status":"closed","ping_status":"open","sticky":false,"template":"","format":"standard","meta":{"footnotes":""},"categories":[90,92],"tags":[234,98,84],"class_list":["post-28170","post","type-post","status-publish","format-standard","has-post-thumbnail","hentry","category-municipis","category-portada","tag-jaume-oliver","tag-llucmajor","tag-psib-psoe"],"_links":{"self":[{"href":"https:\/\/www.psib-psoe.org\/mallorca\/wp-json\/wp\/v2\/posts\/28170"}],"collection":[{"href":"https:\/\/www.psib-psoe.org\/mallorca\/wp-json\/wp\/v2\/posts"}],"about":[{"href":"https:\/\/www.psib-psoe.org\/mallorca\/wp-json\/wp\/v2\/types\/post"}],"author":[{"embeddable":true,"href":"https:\/\/www.psib-psoe.org\/mallorca\/wp-json\/wp\/v2\/users\/6"}],"replies":[{"embeddable":true,"href":"https:\/\/www.psib-psoe.org\/mallorca\/wp-json\/wp\/v2\/comments?post=28170"}],"version-history":[{"count":0,"href":"https:\/\/www.psib-psoe.org\/mallorca\/wp-json\/wp\/v2\/posts\/28170\/revisions"}],"wp:featuredmedia":[{"embeddable":true,"href":"https:\/\/www.psib-psoe.org\/mallorca\/wp-json\/wp\/v2\/media\/28171"}],"wp:attachment":[{"href":"https:\/\/www.psib-psoe.org\/mallorca\/wp-json\/wp\/v2\/media?parent=28170"}],"wp:term":[{"taxonomy":"category","embeddable":true,"href":"https:\/\/www.psib-psoe.org\/mallorca\/wp-json\/wp\/v2\/categories?post=28170"},{"taxonomy":"post_tag","embeddable":true,"href":"https:\/\/www.psib-psoe.org\/mallorca\/wp-json\/wp\/v2\/tags?post=28170"}],"curies":[{"name":"wp","href":"https:\/\/api.w.org\/{rel}","templated":true}]}}