{"id":28181,"date":"2024-01-03T14:13:04","date_gmt":"2024-01-03T12:13:04","guid":{"rendered":"http:\/\/www.psib-psoe.org\/mallorca\/?p=28181"},"modified":"2024-10-14T11:41:15","modified_gmt":"2024-10-14T09:41:15","slug":"els-socialistes-de-mallorca-reclamen-a-lequip-de-govern-consell-de-mallorca-que-aposti-pel-programa-de-sostenibilitat-turistica","status":"publish","type":"post","link":"https:\/\/www.psib-psoe.org\/mallorca\/els-socialistes-de-mallorca-reclamen-a-lequip-de-govern-consell-de-mallorca-que-aposti-pel-programa-de-sostenibilitat-turistica\/","title":{"rendered":"Els socialistes de Mallorca reclamen a l\u2019equip de govern Consell de Mallorca que aposti pel Programa de Sostenibilitat Tur\u00edstica"},"content":{"rendered":"<div class=\"wpb-content-wrapper\">[vc_row][vc_column][vc_single_image image=&#8221;28123&#8243; img_size=&#8221;full&#8221; alignment=&#8221;center&#8221;][\/vc_column][\/vc_row][vc_row][vc_column][vc_column_text]<i><u><span lang=\"CA\">El Grup Socialista al Consell de Mallorca ha presentat una moci\u00f3 per a l\u2019agilitzaci\u00f3 i desenvolupament dels projectes de l\u2019estrat\u00e8gia de sostenibilitat tur\u00edstica en destins i els finan\u00e7ats amb el CBAT<\/span><\/u><\/i>[\/vc_column_text][\/vc_column][\/vc_row][vc_row][vc_column][vc_column_text]\n<p style=\"font-weight: 400;\">El Grup Socialista al Consell de Mallorca defensar\u00e0 al ple ordinari del mes de gener (dia 11) una moci\u00f3 per a l\u2019agilitzaci\u00f3 i desenvolupament dels projectes de l\u2019estrat\u00e8gia de sostenibilitat tur\u00edstica en destins i els finan\u00e7ats amb el\u00a0\u00a0Consorci de la Borsa de places d\u2019allotjament tur\u00edstic (CBAT).<\/p>\n<p style=\"font-weight: 400;\">Els socialistes insten a l\u2019equip de govern del Consell de Mallorca a agilitzar al m\u00e0xim l\u2019execuci\u00f3 dels projectes que es van presentar a les convocat\u00f2ries del Programa de Sostenibilitat Tur\u00edstica en Destins (PSTD), amb els recursos adients perqu\u00e8 aix\u00f2 sigui possible.<\/p>\n<p style=\"font-weight: 400;\">A m\u00e9s, reclamen \u00a0a l\u2019equip de govern del Consell de Mallorca que doni suport als municipis que desenvolupen els projectes de les convocat\u00f2ries del CBAT, com a aquells que es varen presentar a les convocat\u00f2ries del PSTD i tenen projectes pendents d\u2019execuci\u00f3.<\/p>\n<p style=\"font-weight: 400;\">El socialistes han explicat que el Consell de Mallorca es va presentar a les 3 convocat\u00f2ries que el Ministeri d\u2019Ind\u00fastria Comer\u00e7 i Energia va convocar l&#8217;any 2021, 2022 i 2023 dels Plans de Sostenibilitat Tur\u00edstica en Destins (PSTD). En total es varen aconseguir 18 projectes que arriben a tota l&#8217;illa de Mallorca amb m\u00e9s de 27 milions d\u2019euros.<\/p>\n<p style=\"font-weight: 400;\">A m\u00e9s, han afegit que \u201cels projectes s\u00f3n propostes consensuades amb els diferents sectors i municipis, a la vegada que transformadors de la nostra illa\u201d.<\/p>\n<p style=\"font-weight: 400;\">Alguns d\u2019aquests projectes s\u00f3n: un canal internacional de regates, una part del finan\u00e7ament de la primera planta de compostatge de Llucmajor, convocat\u00f2ries per fomentar rodatges cinematogr\u00e0fics sostenibles (Green Film Shooting), proposta de Realitat Augmentada i noves tecnologies per a la informaci\u00f3 tur\u00edstica, l\u2019Observatori de Turisme Sostenible, recuperaci\u00f3 de camins, georutes o rutes submarines, turisme ornitol\u00f2gic, finalitzaci\u00f3 de la pista d\u2019atletisme de la Col\u00f2nia de Sant Jordi\u00a0 o el Plat\u00f3 de Cinema Internacional a Marratx\u00ed, en s\u00f3n exemples dels 18 projectes presentats.<\/p>\n<p style=\"font-weight: 400;\">En la legislatura passada, el Consell de Mallorca va cofinan\u00e7ar un total de 40 projectes municipals dirigits a millorar les infraestructures tur\u00edstiques i fomentar la desestacionalitzaci\u00f3 de l&#8217;oferta tur\u00edstica en el marc de l\u2019economia circular. En total, s&#8217;hi destinen 21 milions d&#8217;euros, que serviran perqu\u00e8 30 Ajuntaments de Mallorca posin en marxa els quaranta projectes aprovats.<\/p>\n<p style=\"font-weight: 400;\">Els socialistes han comentat que \u201cs\u00f3n molts de projectes que s\u00f3n veritablement transformadors de la nostra Illa, i que s\u2019encaminen cap al desenvolupament de l\u2019Agenda 2030 i els Objectius de Desenvolupament Sostenible de les Nacions Unides\u201d.<\/p>\n<p style=\"font-weight: 400;\">Finalment, des del Grup Socialista al Consell de Mallorca han concl\u00f2s que \u201cla import\u00e0ncia del desenvolupament i execuci\u00f3 de tots aquests projectes per a la transformaci\u00f3 i millora de la nostra illa fa que presentem aquesta moci\u00f3, que pret\u00e9n instar a l\u2019equip de govern a dur endavant tots aquests projectes i a qu\u00e8 es puguin agilitzar el m\u00e0xim possible, donant suport als ajuntaments per a fer les passes necess\u00e0ries perqu\u00e8 sigui una realitat\u201d.<\/p>\n[\/vc_column_text][\/vc_column][\/vc_row]\n<\/div>","protected":false},"excerpt":{"rendered":"<p>[vc_row][vc_column][vc_single_image image=&#8221;28123&#8243; img_size=&#8221;full&#8221; alignment=&#8221;center&#8221;][\/vc_column][\/vc_row][vc_row][vc_column][vc_column_text]El Grup Socialista al Consell de Mallorca ha presentat una moci\u00f3 per a l\u2019agilitzaci\u00f3 i desenvolupament dels projectes de l\u2019estrat\u00e8gia de sostenibilitat tur\u00edstica en destins i els finan\u00e7ats amb el CBAT[\/vc_column_text][\/vc_column][\/vc_row][vc_row][vc_column][vc_column_text] El Grup Socialista al Consell de Mallorca defensar\u00e0 al ple ordinari del mes de gener (dia 11) una moci\u00f3 per a&hellip;<\/p>\n","protected":false},"author":6,"featured_media":28123,"comment_status":"closed","ping_status":"open","sticky":false,"template":"","format":"standard","meta":{"footnotes":""},"categories":[89,92],"tags":[105,513,83,84],"class_list":["post-28181","post","type-post","status-publish","format-standard","has-post-thumbnail","hentry","category-consell-de-mallorca","category-portada","tag-catalina-cladera","tag-cbat","tag-consell-de-mallorca","tag-psib-psoe"],"_links":{"self":[{"href":"https:\/\/www.psib-psoe.org\/mallorca\/wp-json\/wp\/v2\/posts\/28181"}],"collection":[{"href":"https:\/\/www.psib-psoe.org\/mallorca\/wp-json\/wp\/v2\/posts"}],"about":[{"href":"https:\/\/www.psib-psoe.org\/mallorca\/wp-json\/wp\/v2\/types\/post"}],"author":[{"embeddable":true,"href":"https:\/\/www.psib-psoe.org\/mallorca\/wp-json\/wp\/v2\/users\/6"}],"replies":[{"embeddable":true,"href":"https:\/\/www.psib-psoe.org\/mallorca\/wp-json\/wp\/v2\/comments?post=28181"}],"version-history":[{"count":0,"href":"https:\/\/www.psib-psoe.org\/mallorca\/wp-json\/wp\/v2\/posts\/28181\/revisions"}],"wp:featuredmedia":[{"embeddable":true,"href":"https:\/\/www.psib-psoe.org\/mallorca\/wp-json\/wp\/v2\/media\/28123"}],"wp:attachment":[{"href":"https:\/\/www.psib-psoe.org\/mallorca\/wp-json\/wp\/v2\/media?parent=28181"}],"wp:term":[{"taxonomy":"category","embeddable":true,"href":"https:\/\/www.psib-psoe.org\/mallorca\/wp-json\/wp\/v2\/categories?post=28181"},{"taxonomy":"post_tag","embeddable":true,"href":"https:\/\/www.psib-psoe.org\/mallorca\/wp-json\/wp\/v2\/tags?post=28181"}],"curies":[{"name":"wp","href":"https:\/\/api.w.org\/{rel}","templated":true}]}}