{"id":28185,"date":"2024-01-05T13:24:21","date_gmt":"2024-01-05T11:24:21","guid":{"rendered":"http:\/\/www.psib-psoe.org\/mallorca\/?p=28185"},"modified":"2024-10-14T11:41:15","modified_gmt":"2024-10-14T09:41:15","slug":"la-manca-de-planificacio-de-limas-massifica-els-centres-datencio-a-les-persones-sense-llar-en-plena-onada-de-fred","status":"publish","type":"post","link":"https:\/\/www.psib-psoe.org\/mallorca\/la-manca-de-planificacio-de-limas-massifica-els-centres-datencio-a-les-persones-sense-llar-en-plena-onada-de-fred\/","title":{"rendered":"La manca de planificaci\u00f3 de l&#8217;IMAS massifica els centres d&#8217;atenci\u00f3 a les persones sense llar en plena onada de fred"},"content":{"rendered":"<div class=\"wpb-content-wrapper\">[vc_row][vc_column][vc_single_image image=&#8221;27979&#8243; img_size=&#8221;full&#8221; alignment=&#8221;center&#8221;][\/vc_column][\/vc_row][vc_row][vc_column][vc_column_text]<strong>\u00a0<\/strong><em><u>La portaveu del Grup Socialista del Consell, Catalina Cladera, acusa el president Galm\u00e9s i el responsable de l&#8217;IMAS, sr. S\u00e1nchez, de &#8220;no haver previst nous espais provisionals per acollir les persones sense llar durant l&#8217;onada de fred&#8221;. Aquesta nova mostra del &#8220;caos de l&#8217;IMAS que provoca el col\u00b7lapse de les infraestructures d&#8217;inclusi\u00f3 social a Mallorca. <\/u><\/em>[\/vc_column_text][\/vc_column][\/vc_row][vc_row][vc_column][vc_column_text]L&#8217;IMAS del Consell de Mallorca ha activat el protocol per baixes temperatures, per evitar que persones sense llar romanguin al carrer, per\u00f2 no ha previst l&#8217;increment de places dels serveis d&#8217;inclusi\u00f3 social. Aquest fet fa que als usuaris habituals d&#8217;aquests serveis d&#8217;atenci\u00f3 social se sumin les persones que no han de dormir al ras, sense que s&#8217;hagin previst noves places com s&#8217;havia fet en anys anteriors.<\/p>\n<p>&#8220;Els socialistes lamentam un cop m\u00e9s el frac\u00e0s de gesti\u00f3 del sr. Galm\u00e9s i del sr. S\u00e1nchez en mat\u00e8ria de serveis socials, que un cop darrera l&#8217;altre demostren la manca de voluntat per atendre a les persones que m\u00e9s ho necessiten&#8221;, ha dit la portaveu socialista al Consell, Catalina Cladera. Durant l&#8217;hivern passat, davant l&#8217;alerta per baixes temperatures, l&#8217;IMAS va habilitar 30 noves places permanents i 16 temporals, per poder acollir nous usuaris als serveis d&#8217;inclusi\u00f3, sense massificar els centres d&#8217;acollida. Ara, la manca de previsi\u00f3 de l&#8217;IMAS condemna als usuaris a veure com les instal\u00b7lacions que ja estan al m\u00e0xim de la seva capacitat, encara han d&#8217;encabir a nous usuaris.<\/p>\n<p>Cladera ha insistit en qu\u00e8 &#8220;Galm\u00e9s i S\u00e1nchez no poden al\u00b7legar que desconeixien la situaci\u00f3, per que cada any s&#8217;activen les alertes per onada de fred, i sempre s&#8217;havien previst noves places per acollir a aquestes persones, fins ara&#8221;. Cladera ha recordat que fa just 15 dies els socialistes &#8220;ja vam advertir el desastre de gesti\u00f3 en temes socials del Consell de Mallorca, per que s&#8217;ha decidit invertir en altres bandes abans de fomentar el housing, ampliar els centres d&#8217;inclusi\u00f3, i ara en veiem les conseq\u00fc\u00e8ncies d&#8217;aquesta irresponsabilitat&#8221;.<\/p>\n<p>A mes, el Consell tamb\u00e9 ha eliminat totes les ajudes que es van habilitar en 2022 i 2023, per a fam\u00edlies, sota l&#8217;excusa de que ara la situaci\u00f3 \u00e9s millor que fa un any, expressada pel president de l&#8217;IMAS Guillermo S\u00e1nchez.<\/p>\n<p>&#8220;Assistim a la desprotecci\u00f3 sist\u00e8m\u00e0tica de les persones que m\u00e9s necessiten els recursos p\u00fablics&#8221;, ha dit Cladera que ha recordat com retrocedeix el pes de les pol\u00edtiques socials en el pressupost de 2024, i que s&#8217;ha decidit destinar 43 milions d&#8217;euros dels mallorquins a TIRME en comptes de mantenir les inversions en serveis socials.<\/p>\n<p>La consellera insular Sofia Alonso ha recordat que durant la passada legislatura &#8220;es varen triplicar les places de housing, passant de 70 a 202, oferint una llar digna, individual, permanent i amb suport professional per cobrir un dret b\u00e0sic de la persona, com \u00e9s l\u2019acc\u00e9s a un habitatge&#8221;. En tema d&#8217;inclusi\u00f3, tamb\u00e9 es varen posar en marxa diversos projectes de housing per a joves menors de 30 anys, i majors de 65 anys.<\/p>\n<p>&#8220;El Consell de Mallorca no pot fer un discurs social mentre que no fa tot el possible per afavorir les persones desafavorides&#8221;, ha dit Cladera. &#8220;Tenim recursos, per\u00f2 PPVOX demostra una alarmant manca de voluntat de servei p\u00fablic per que no \u00e9s capa\u00e7 d&#8217;aplicar-los a millorar la vida de les persones&#8221;.<\/p>\n[\/vc_column_text][\/vc_column][\/vc_row]\n<\/div>","protected":false},"excerpt":{"rendered":"<p>[vc_row][vc_column][vc_single_image image=&#8221;27979&#8243; img_size=&#8221;full&#8221; alignment=&#8221;center&#8221;][\/vc_column][\/vc_row][vc_row][vc_column][vc_column_text]\u00a0La portaveu del Grup Socialista del Consell, Catalina Cladera, acusa el president Galm\u00e9s i el responsable de l&#8217;IMAS, sr. S\u00e1nchez, de &#8220;no haver previst nous espais provisionals per acollir les persones sense llar durant l&#8217;onada de fred&#8221;. Aquesta nova mostra del &#8220;caos de l&#8217;IMAS que provoca el col\u00b7lapse de les infraestructures d&#8217;inclusi\u00f3&hellip;<\/p>\n","protected":false},"author":6,"featured_media":27979,"comment_status":"closed","ping_status":"open","sticky":false,"template":"","format":"standard","meta":{"footnotes":""},"categories":[89,2,1,92],"tags":[105,83,134,84,296],"class_list":["post-28185","post","type-post","status-publish","format-standard","has-post-thumbnail","hentry","category-consell-de-mallorca","category-federacio-de-mallorca","category-federacio-de-mallorca-portada","category-portada","tag-catalina-cladera","tag-consell-de-mallorca","tag-imas","tag-psib-psoe","tag-sofia-alonso"],"_links":{"self":[{"href":"https:\/\/www.psib-psoe.org\/mallorca\/wp-json\/wp\/v2\/posts\/28185"}],"collection":[{"href":"https:\/\/www.psib-psoe.org\/mallorca\/wp-json\/wp\/v2\/posts"}],"about":[{"href":"https:\/\/www.psib-psoe.org\/mallorca\/wp-json\/wp\/v2\/types\/post"}],"author":[{"embeddable":true,"href":"https:\/\/www.psib-psoe.org\/mallorca\/wp-json\/wp\/v2\/users\/6"}],"replies":[{"embeddable":true,"href":"https:\/\/www.psib-psoe.org\/mallorca\/wp-json\/wp\/v2\/comments?post=28185"}],"version-history":[{"count":0,"href":"https:\/\/www.psib-psoe.org\/mallorca\/wp-json\/wp\/v2\/posts\/28185\/revisions"}],"wp:featuredmedia":[{"embeddable":true,"href":"https:\/\/www.psib-psoe.org\/mallorca\/wp-json\/wp\/v2\/media\/27979"}],"wp:attachment":[{"href":"https:\/\/www.psib-psoe.org\/mallorca\/wp-json\/wp\/v2\/media?parent=28185"}],"wp:term":[{"taxonomy":"category","embeddable":true,"href":"https:\/\/www.psib-psoe.org\/mallorca\/wp-json\/wp\/v2\/categories?post=28185"},{"taxonomy":"post_tag","embeddable":true,"href":"https:\/\/www.psib-psoe.org\/mallorca\/wp-json\/wp\/v2\/tags?post=28185"}],"curies":[{"name":"wp","href":"https:\/\/api.w.org\/{rel}","templated":true}]}}