{"id":28228,"date":"2024-01-24T17:49:16","date_gmt":"2024-01-24T15:49:16","guid":{"rendered":"http:\/\/www.psib-psoe.org\/mallorca\/?p=28228"},"modified":"2024-10-14T11:41:14","modified_gmt":"2024-10-14T09:41:14","slug":"el-psib-lamenta-que-el-govern-prohens-arribi-a-fitur-sense-idees-i-amb-els-mateixos-projectes-que-va-presentar-a-londres","status":"publish","type":"post","link":"https:\/\/www.psib-psoe.org\/mallorca\/el-psib-lamenta-que-el-govern-prohens-arribi-a-fitur-sense-idees-i-amb-els-mateixos-projectes-que-va-presentar-a-londres\/","title":{"rendered":"El PSIB lamenta que el Govern Prohens arribi a Fitur sense idees i amb els mateixos projectes que va presentar a Londres"},"content":{"rendered":"<div class=\"wpb-content-wrapper\">[vc_row][vc_column][vc_single_image image=&#8221;28229&#8243; img_size=&#8221;full&#8221; alignment=&#8221;center&#8221;][\/vc_column][\/vc_row][vc_row][vc_column][vc_column_text]\n<blockquote><p><em>Els socialistes, que han mantingut contactes amb empresaris del sector i sindicats, critiquen la manca de model del PP<\/em><\/p><\/blockquote>\n[\/vc_column_text][\/vc_column][\/vc_row][vc_row][vc_column][vc_column_text]El portaveu parlamentari del PSIB-PSOE, Iago Negueruela, i la secret\u00e0ria general de Mallorca, Catalina Cladera, han visitat Fitur avui mat\u00ed &#8211; en la primera jornada de la principal cita tur\u00edstica d\u2019Espanya \u2013 on han mantingut contactes amb representants sindicals (CCOO, la Confederaci\u00f3 Internacional de Sindicats \u2013 UITA) i empresarials. \u201cEls socialistes d\u00e8iem que ens reunim amb les dues parts i ho fem\u201d ha manifestat el diputat balear.<\/p>\n<p>Juntament amb la portaveu socialista a l\u2019Ajuntament de Palma, Rosario S\u00e1nchez, Negueruela i Cladera han aprofitat la seva compareixen\u00e7a davant els mitjans per subratllar la manca de model del Govern Prohens en mat\u00e8ria territorial i social. En aquest sentit, el portaveu parlamentari ha lamentat que l\u2019Executiu hagi arribat a Madrid \u201csense idees i amb els mateixos projectes \u2013 vinculats als Fons europeus \u2013 que ja havien presentat a la Fira de Londres (WTM) i que, per cert, ja havien presentat nosaltres abans quan govern\u00e0vem\u201d. Respecte les iniciatives finan\u00e7ades amb els Fons comunitaris, el socialista ha afegit que el termini per a la seva execuci\u00f3 dels mateixos s\u2019ha ampliat al 2026 \u201cgr\u00e0cies a la feina dels representants el Govern central, comen\u00e7ament pel delegat a les Illes, Alfonso Rodr\u00edguez\u201d tamb\u00e9 present a Fitur.<\/p>\n<p>D\u2019altra banda, Negueruela ha mostrat la seva satisfacci\u00f3 perqu\u00e8 el Govern balear no toqui els aspectes fonamentals de la Llei tur\u00edstica aprovada per l\u2019Executiu progressista: els relacionats amb l\u2019avaluaci\u00f3 de les c\u00e0rregues de feina i la sostenibilitat.<\/p>\n<p>Per la seva banda, Cladera, ha destacat que \u201cels primers sis mesos de gesti\u00f3 de PPVOX en mat\u00e8ria tur\u00edstica han perm\u00e8s comprovar l\u2019abs\u00e8ncia absoluta de projecte tur\u00edstic a Balears i a Mallorca. La portaveu socialista al Consell de Mallorca, tamb\u00e9 ha afirmat que la instituci\u00f3 \u201cviu de l\u2019in\u00e8rcia de la passada legislatura\u201d, tant en promoci\u00f3 com en ordenaci\u00f3 tur\u00edstica.<\/p>\n<p>Cladera ha pres com a exemple la contradicci\u00f3 expressada per Prohens, qui demana l\u2019aixecament de la morat\u00f2ria per poder atorgar m\u00e9s places tur\u00edstiques a Balears, al mateix temps que responsabilitza a la passada administraci\u00f3 d\u2019haver incrementat el nombre de places tur\u00edstiques.<\/p>\n<p>\u201cGalm\u00e9s ha d\u2019exercir les compet\u00e8ncies que te en mat\u00e8ria d\u2019ordenaci\u00f3\u201d, ha instat Cladera, que ha afegit que l\u2019equip de Govern PPVOX \u201cno pot aixecar la suspensi\u00f3 de concessi\u00f3 de noves places tur\u00edstiques del Consorci de la Bossa d\u2019Allotjaments Tur\u00edstics que v\u00e0rem aprovar en el darrer ple de la legislatura passada\u201d. Els socialistes han apostat un turisme sostenible i responsable durant els darrers anys, \u201ccreixent en qualitat i no en volum\u201d, amb una legislaci\u00f3 molt clara en aquesta direcci\u00f3, amb actuacions definides contra l\u2019allotjament il\u00b7legal, que ara no tenen continu\u00eftat en la present legislatura.<\/p>\n<p>L\u2019estand de les Illes Balears a FITUR ha comptat amb la pres\u00e8ncia de la presidenta del Congr\u00e9s, Francina Armengol, el ministre d\u2019Ind\u00fastria i Turisme, Jordi Hereu, i la secret\u00e0ria d\u2019Estat de Turisme, Rosana Morillo, que s\u2019ha sumat a una delegaci\u00f3 socialista integrada per Cosme Bonet,\u00a0 el diputat Pepe Mercadal, el senador Jos\u00e9 Hila, el batle de Pollen\u00e7a, Mart\u00ed March i el conseller insular Andreu Serra.[\/vc_column_text][\/vc_column][\/vc_row]\n<\/div>","protected":false},"excerpt":{"rendered":"<p>[vc_row][vc_column][vc_single_image image=&#8221;28229&#8243; img_size=&#8221;full&#8221; alignment=&#8221;center&#8221;][\/vc_column][\/vc_row][vc_row][vc_column][vc_column_text] Els socialistes, que han mantingut contactes amb empresaris del sector i sindicats, critiquen la manca de model del PP [\/vc_column_text][\/vc_column][\/vc_row][vc_row][vc_column][vc_column_text]El portaveu parlamentari del PSIB-PSOE, Iago Negueruela, i la secret\u00e0ria general de Mallorca, Catalina Cladera, han visitat Fitur avui mat\u00ed &#8211; en la primera jornada de la principal cita tur\u00edstica d\u2019Espanya \u2013&hellip;<\/p>\n","protected":false},"author":3,"featured_media":28229,"comment_status":"closed","ping_status":"open","sticky":false,"template":"","format":"standard","meta":{"footnotes":""},"categories":[89,2,1,92,158],"tags":[105,83,106,315,468,84],"class_list":["post-28228","post","type-post","status-publish","format-standard","has-post-thumbnail","hentry","category-consell-de-mallorca","category-federacio-de-mallorca","category-federacio-de-mallorca-portada","category-portada","category-senat","tag-catalina-cladera","tag-consell-de-mallorca","tag-cosme-bonet","tag-francina-armengol","tag-iago-negueruela","tag-psib-psoe"],"_links":{"self":[{"href":"https:\/\/www.psib-psoe.org\/mallorca\/wp-json\/wp\/v2\/posts\/28228"}],"collection":[{"href":"https:\/\/www.psib-psoe.org\/mallorca\/wp-json\/wp\/v2\/posts"}],"about":[{"href":"https:\/\/www.psib-psoe.org\/mallorca\/wp-json\/wp\/v2\/types\/post"}],"author":[{"embeddable":true,"href":"https:\/\/www.psib-psoe.org\/mallorca\/wp-json\/wp\/v2\/users\/3"}],"replies":[{"embeddable":true,"href":"https:\/\/www.psib-psoe.org\/mallorca\/wp-json\/wp\/v2\/comments?post=28228"}],"version-history":[{"count":0,"href":"https:\/\/www.psib-psoe.org\/mallorca\/wp-json\/wp\/v2\/posts\/28228\/revisions"}],"wp:featuredmedia":[{"embeddable":true,"href":"https:\/\/www.psib-psoe.org\/mallorca\/wp-json\/wp\/v2\/media\/28229"}],"wp:attachment":[{"href":"https:\/\/www.psib-psoe.org\/mallorca\/wp-json\/wp\/v2\/media?parent=28228"}],"wp:term":[{"taxonomy":"category","embeddable":true,"href":"https:\/\/www.psib-psoe.org\/mallorca\/wp-json\/wp\/v2\/categories?post=28228"},{"taxonomy":"post_tag","embeddable":true,"href":"https:\/\/www.psib-psoe.org\/mallorca\/wp-json\/wp\/v2\/tags?post=28228"}],"curies":[{"name":"wp","href":"https:\/\/api.w.org\/{rel}","templated":true}]}}