{"id":28232,"date":"2024-01-26T11:59:14","date_gmt":"2024-01-26T09:59:14","guid":{"rendered":"http:\/\/www.psib-psoe.org\/mallorca\/?p=28232"},"modified":"2024-10-14T11:41:14","modified_gmt":"2024-10-14T09:41:14","slug":"els-socialistes-dandratx-aposten-per-unir-el-municipi-amb-camp-de-mar-i-peguera-a-traves-dun-passeig-de-vianants","status":"publish","type":"post","link":"https:\/\/www.psib-psoe.org\/mallorca\/els-socialistes-dandratx-aposten-per-unir-el-municipi-amb-camp-de-mar-i-peguera-a-traves-dun-passeig-de-vianants\/","title":{"rendered":"Els Socialistes d&#8217;Andratx aposten per unir el municipi amb Camp de Mar i Peguera a trav\u00e9s d&#8217;un passeig de vianants."},"content":{"rendered":"<div class=\"wpb-content-wrapper\">[vc_row][vc_column][vc_single_image image=&#8221;28064&#8243; img_size=&#8221;full&#8221; alignment=&#8221;center&#8221;][\/vc_column][\/vc_row][vc_row][vc_column][vc_column_text]<em><u>La moci\u00f3 socialista, defensada pel regidor Toni Mir, ha sortit erndavant per unanimitat en el darrer ple de l&#8217;Ajuntament d&#8217;Andratx.\u00a0 <\/u><\/em>[\/vc_column_text][\/vc_column][\/vc_row][vc_row][vc_column][vc_column_text]El Grup Municipal d&#8217;Andratx ha liderat l&#8217;aprovaci\u00f3 d&#8217;un important punt en l&#8217;ordre del dia del ple de la corporaci\u00f3, que insta a les institucions concernides, Consell de Mallorca i ajuntaments de Calvi\u00e0 i Andratx, a iniciar les accions necess\u00e0ries per unir els nuclis de Camp de Mar i de Peguera amb la localitat andritxola a trav\u00e9s d&#8217;un passeig per a vianants que completi el vial c\u00edvic ja existent i que recorre tot el litoral de Calvi\u00e0.<\/p>\n<p>El projecte es completaria amb la millora de les condicions de seguretat i l&#8217;embelliment de l&#8217;entrada a Andratx amb la connexi\u00f3 el tram del vial c\u00edvic ja existent.<\/p>\n<p>El portaveu municipal del Grup Socialista, Toni Mir, ha expressat la seva satisfacci\u00f3 perqu\u00e8 aquesta moci\u00f3 hagi sortit endavant amb el suport de tots els grups del ple, ja que &#8220;es tracta de millorar els accessos de vianants a la vila i sumar m\u00e9s trams a tot el passeig que arrenca des del l\u00edmit entre Palma i Calvi\u00e0, i que creua tot aquest municipi fins Peguera&#8221;.<\/p>\n<p>&#8220;La primera part de la nostra moci\u00f3 es dirigeix precisament a poder fer un tram d&#8217;uns 400 metres que uneixi el vial de Peguera amb Camp de Mar&#8221;, per la qual cosa es necessita la col\u00b7laboraci\u00f3 de l&#8217;Ajuntament de Calvi\u00e0 i del Consell de Mallorca. Aquest tram connectaria amb el vial c\u00edvic que es va construir de manera paral\u00b7lela a la nova rotonda d&#8217;entrada a Camp de Mar, obra del Consell de Mallorca durant la passada legislatura. &#8220;Nosaltres des d&#8217;Andratx v\u00e0rem demanar una modificaci\u00f3 del projecte inicial de la rotonda per allargar el vial c\u00edvic&#8221; ha recordat Mir.<\/p>\n<p>En darrer terme el passeig de vianants tindria continu\u00eftat fins al nucli d&#8217;Andratx. I \u00e9s aqu\u00ed, a l&#8217;entrada del poble, on la moci\u00f3 dels socialistes d&#8217;Andratx tamb\u00e9 proposa &#8220;la millora de l&#8217;entrada de vianants al poble, que ara est\u00e0 deixada amb senyalitzacions obsoletes i problemes de seguretat que es poden arreglar&#8221;.[\/vc_column_text][\/vc_column][\/vc_row]\n<\/div>","protected":false},"excerpt":{"rendered":"<p>[vc_row][vc_column][vc_single_image image=&#8221;28064&#8243; img_size=&#8221;full&#8221; alignment=&#8221;center&#8221;][\/vc_column][\/vc_row][vc_row][vc_column][vc_column_text]La moci\u00f3 socialista, defensada pel regidor Toni Mir, ha sortit erndavant per unanimitat en el darrer ple de l&#8217;Ajuntament d&#8217;Andratx.\u00a0 [\/vc_column_text][\/vc_column][\/vc_row][vc_row][vc_column][vc_column_text]El Grup Municipal d&#8217;Andratx ha liderat l&#8217;aprovaci\u00f3 d&#8217;un important punt en l&#8217;ordre del dia del ple de la corporaci\u00f3, que insta a les institucions concernides, Consell de Mallorca i ajuntaments de Calvi\u00e0&hellip;<\/p>\n","protected":false},"author":3,"featured_media":28064,"comment_status":"closed","ping_status":"open","sticky":false,"template":"","format":"standard","meta":{"footnotes":""},"categories":[2,1,92],"tags":[83,221,222],"class_list":["post-28232","post","type-post","status-publish","format-standard","has-post-thumbnail","hentry","category-federacio-de-mallorca","category-federacio-de-mallorca-portada","category-portada","tag-consell-de-mallorca","tag-socialistes-dandratx","tag-toni-mir"],"_links":{"self":[{"href":"https:\/\/www.psib-psoe.org\/mallorca\/wp-json\/wp\/v2\/posts\/28232"}],"collection":[{"href":"https:\/\/www.psib-psoe.org\/mallorca\/wp-json\/wp\/v2\/posts"}],"about":[{"href":"https:\/\/www.psib-psoe.org\/mallorca\/wp-json\/wp\/v2\/types\/post"}],"author":[{"embeddable":true,"href":"https:\/\/www.psib-psoe.org\/mallorca\/wp-json\/wp\/v2\/users\/3"}],"replies":[{"embeddable":true,"href":"https:\/\/www.psib-psoe.org\/mallorca\/wp-json\/wp\/v2\/comments?post=28232"}],"version-history":[{"count":0,"href":"https:\/\/www.psib-psoe.org\/mallorca\/wp-json\/wp\/v2\/posts\/28232\/revisions"}],"wp:featuredmedia":[{"embeddable":true,"href":"https:\/\/www.psib-psoe.org\/mallorca\/wp-json\/wp\/v2\/media\/28064"}],"wp:attachment":[{"href":"https:\/\/www.psib-psoe.org\/mallorca\/wp-json\/wp\/v2\/media?parent=28232"}],"wp:term":[{"taxonomy":"category","embeddable":true,"href":"https:\/\/www.psib-psoe.org\/mallorca\/wp-json\/wp\/v2\/categories?post=28232"},{"taxonomy":"post_tag","embeddable":true,"href":"https:\/\/www.psib-psoe.org\/mallorca\/wp-json\/wp\/v2\/tags?post=28232"}],"curies":[{"name":"wp","href":"https:\/\/api.w.org\/{rel}","templated":true}]}}