{"id":28238,"date":"2024-01-31T17:01:23","date_gmt":"2024-01-31T15:01:23","guid":{"rendered":"http:\/\/www.psib-psoe.org\/mallorca\/?p=28238"},"modified":"2024-10-14T11:41:14","modified_gmt":"2024-10-14T09:41:14","slug":"cladera-el-sr-galmes-ha-de-fer-feina-per-millorar-el-carril-bus-vao-i-deixar-de-posar-pals-a-les-rodes","status":"publish","type":"post","link":"https:\/\/www.psib-psoe.org\/mallorca\/cladera-el-sr-galmes-ha-de-fer-feina-per-millorar-el-carril-bus-vao-i-deixar-de-posar-pals-a-les-rodes\/","title":{"rendered":"Cladera: &#8220;el sr. Galm\u00e9s ha de fer feina per millorar el carril Bus VAO i deixar de posar pals a les rodes.&#8221;"},"content":{"rendered":"<div class=\"wpb-content-wrapper\">[vc_row][vc_column][vc_single_image image=&#8221;28140&#8243; img_size=&#8221;full&#8221; alignment=&#8221;center&#8221;][\/vc_column][\/vc_row][vc_row][vc_column][vc_column_text]<em><u>\u00a0<\/u><\/em><em><u>La secret\u00e0ria general de la FSM, Catalina Cladera, lamenta que PPVOX al Consell de Mallorca segueixi decidit a eliminar el carril Bus VAO de l&#8217;entrada de Palma per l&#8217;Autopista de Llevant, en contra dels informes t\u00e8cnics de la DGT.<\/u><\/em>[\/vc_column_text][\/vc_column][\/vc_row][vc_row][vc_column][vc_column_text]L&#8217;anunci de la interposici\u00f3 d&#8217;un recurs contra la DGT per mantenir el carril Bus VAO de la MA-19 en 2024 suposa que &#8220;el sr. Galm\u00e9s segueix posant pals a les rodes a una mobilitat sostenible a Mallorca&#8221;, ha reaccionat la portaveu socialista al Consell de Mallorca, Catalina Cladera.<\/p>\n<p>Cladera ha lamentat la bel\u00b7liger\u00e0ncia del Consell de Mallorca de PPVOX contra el carril Bus VAO , per que &#8220;els informes de la DGT s\u00f3n de car\u00e0cter t\u00e8cnic&#8221; i diuen que el carril ha cobert els seus objectius des que es va posar en marxa, fomentant l&#8217;\u00fas del transport p\u00fablic i creant un carril r\u00e0pid per a transport p\u00fablic i vehicles ocupats. Informes que per cert, els responsables PPVOX del Consell de Mallorca no s&#8217;han lliurat davant les reiterades peticions fetes des del Grupo Socialista.<\/p>\n<p>La portaveu socialista ha instat Galm\u00e9s i Rubio a &#8220;treballar de manera conjunta&#8221; per implementar les millores que la DGT ha apuntat en el seu informe, com la possibilitat d&#8217;obrir el carril al tr\u00e0nsit general en determinades hores del dia, amb una senyalitzaci\u00f3 lluminosa i cartells din\u00e0mics.<\/p>\n<p>El Consell de Mallorca s&#8217;oposa a un decret de la DGT que inclou diverses actuacions en mat\u00e8ria de circulaci\u00f3 i mobilitat a tota Espanya, a m\u00e9s del carril de la Ma-19 de Palma. &#8220;\u00c9s un contrasentit que quan totes les administracions prenen mesures en favor de la mobilitat sostenible, a Mallorca el Consell segueix lluitant en contra d&#8217;una mesura avan\u00e7ada com \u00e9s un carril per a transport p\u00fablic i vehicles amb alta ocupaci\u00f3&#8221;.<\/p>\n<!--[if lt IE 9]><script>document.createElement('audio');<\/script><![endif]-->\n<audio class=\"wp-audio-shortcode\" id=\"audio-28238-1\" preload=\"none\" style=\"width: 100%;\" controls=\"controls\"><source type=\"audio\/mpeg\" src=\"http:\/\/www.psib-psoe.org\/mallorca\/wp-content\/uploads\/Cladera-Bus-Vao-310124-audio-extractor.net_.mp3?_=1\" \/><a href=\"http:\/\/www.psib-psoe.org\/mallorca\/wp-content\/uploads\/Cladera-Bus-Vao-310124-audio-extractor.net_.mp3\">http:\/\/www.psib-psoe.org\/mallorca\/wp-content\/uploads\/Cladera-Bus-Vao-310124-audio-extractor.net_.mp3<\/a><\/audio>\n[\/vc_column_text][\/vc_column][\/vc_row]\n<\/div>","protected":false},"excerpt":{"rendered":"<p>[vc_row][vc_column][vc_single_image image=&#8221;28140&#8243; img_size=&#8221;full&#8221; alignment=&#8221;center&#8221;][\/vc_column][\/vc_row][vc_row][vc_column][vc_column_text]\u00a0La secret\u00e0ria general de la FSM, Catalina Cladera, lamenta que PPVOX al Consell de Mallorca segueixi decidit a eliminar el carril Bus VAO de l&#8217;entrada de Palma per l&#8217;Autopista de Llevant, en contra dels informes t\u00e8cnics de la DGT.[\/vc_column_text][\/vc_column][\/vc_row][vc_row][vc_column][vc_column_text]L&#8217;anunci de la interposici\u00f3 d&#8217;un recurs contra la DGT per mantenir el carril Bus&hellip;<\/p>\n","protected":false},"author":3,"featured_media":28140,"comment_status":"closed","ping_status":"open","sticky":false,"template":"","format":"standard","meta":{"footnotes":""},"categories":[89,2,1,92],"tags":[105,83],"class_list":["post-28238","post","type-post","status-publish","format-standard","has-post-thumbnail","hentry","category-consell-de-mallorca","category-federacio-de-mallorca","category-federacio-de-mallorca-portada","category-portada","tag-catalina-cladera","tag-consell-de-mallorca"],"_links":{"self":[{"href":"https:\/\/www.psib-psoe.org\/mallorca\/wp-json\/wp\/v2\/posts\/28238"}],"collection":[{"href":"https:\/\/www.psib-psoe.org\/mallorca\/wp-json\/wp\/v2\/posts"}],"about":[{"href":"https:\/\/www.psib-psoe.org\/mallorca\/wp-json\/wp\/v2\/types\/post"}],"author":[{"embeddable":true,"href":"https:\/\/www.psib-psoe.org\/mallorca\/wp-json\/wp\/v2\/users\/3"}],"replies":[{"embeddable":true,"href":"https:\/\/www.psib-psoe.org\/mallorca\/wp-json\/wp\/v2\/comments?post=28238"}],"version-history":[{"count":0,"href":"https:\/\/www.psib-psoe.org\/mallorca\/wp-json\/wp\/v2\/posts\/28238\/revisions"}],"wp:featuredmedia":[{"embeddable":true,"href":"https:\/\/www.psib-psoe.org\/mallorca\/wp-json\/wp\/v2\/media\/28140"}],"wp:attachment":[{"href":"https:\/\/www.psib-psoe.org\/mallorca\/wp-json\/wp\/v2\/media?parent=28238"}],"wp:term":[{"taxonomy":"category","embeddable":true,"href":"https:\/\/www.psib-psoe.org\/mallorca\/wp-json\/wp\/v2\/categories?post=28238"},{"taxonomy":"post_tag","embeddable":true,"href":"https:\/\/www.psib-psoe.org\/mallorca\/wp-json\/wp\/v2\/tags?post=28238"}],"curies":[{"name":"wp","href":"https:\/\/api.w.org\/{rel}","templated":true}]}}