{"id":28279,"date":"2024-02-08T12:55:52","date_gmt":"2024-02-08T10:55:52","guid":{"rendered":"http:\/\/www.psib-psoe.org\/mallorca\/?p=28279"},"modified":"2024-10-14T11:40:38","modified_gmt":"2024-10-14T09:40:38","slug":"els-socialistes-de-soller-demanaran-responsabilitats-a-lequip-de-govern-de-lajuntament-pel-fracas-de-gestio-en-la-reforma-de-ses-escolapies","status":"publish","type":"post","link":"https:\/\/www.psib-psoe.org\/mallorca\/els-socialistes-de-soller-demanaran-responsabilitats-a-lequip-de-govern-de-lajuntament-pel-fracas-de-gestio-en-la-reforma-de-ses-escolapies\/","title":{"rendered":"Els socialistes de S\u00f3ller demanaran &#8220;responsabilitats&#8221; a l&#8217;equip de govern de l&#8217;Ajuntament pel &#8220;frac\u00e0s de gesti\u00f3&#8221; en la reforma de Ses Escol\u00e0pies"},"content":{"rendered":"<div class=\"wpb-content-wrapper\">[vc_row][vc_column][vc_single_image image=&#8221;28280&#8243; img_size=&#8221;full&#8221; alignment=&#8221;center&#8221;][\/vc_column][\/vc_row][vc_row][vc_column][vc_column_text]<em><u>El portaveu socialista a S\u00f3ller, Jaume Mateu es declara &#8220;indignat&#8221; despr\u00e9s de con\u00e8ixer la paralitzaci\u00f3 definitiva de les obres de reforma que es duien a terme a l&#8217;edifici municipal de Ses Escol\u00e0pies. Els socialistes van denunciar al ple de fa 15 dies la par\u00e0lisi de les obres, per\u00f2 aleshores el regidor responsable de l&#8217;\u00e0rea va afirmar que tot seguia segons els terminis previstos. <\/u><\/em>[\/vc_column_text][\/vc_column][\/vc_row][vc_row][vc_column][vc_column_text]La not\u00edcia de la paralitzaci\u00f3 definitiva de les obres de reforma de l&#8217;edifici municipal de Ses Escol\u00e0pies a S\u00f3ller \u00e9s el punt culminant d&#8217;una gesti\u00f3 nefasta de l&#8217;Ajuntament de S\u00f3ller. El regidor i portaveu socialista a la localitat, Jaume Mateu s&#8217;ha declarat &#8220;indignat&#8221; despr\u00e9s que l&#8217;Ajuntament hagi reconegut finalment la impossibilitat de seguir endavant amb les obres de reforma. Una not\u00edcia p\u00e8ssima per S\u00f3ller i per a totes les entitats culturals que tenien la seu a Ses Escol\u00e0pies, i que &#8220;ara veuran ajornat el retorn als seus locals&#8221;, despr\u00e9s de l&#8217;anunci municipal.<\/p>\n<p>Despr\u00e9s els Socialistes de S\u00f3ller denunciessin p\u00fablicament que a les obres de Ses Escol\u00e0pies no s&#8217;hi feia feina, el regidor responsable, Juan Antonio Lorente va afirmar que la reforma seguia segons els terminis previstos. Nom\u00e9s uns dies despr\u00e9s la realitat ha deixat al descobert \u00a0l&#8217;Ajuntament, i s&#8217;ha demostrat &#8220;la voluntat de confondre i les mentides de l&#8217;equip de Govern de S\u00f3ller&#8221;. A m\u00e9s la paralitzaci\u00f3 <em>sine die<\/em> de les obres posen en risc de perdre una subvenci\u00f3 dels fons <em>Next Generation<\/em> per valor de m\u00e9s de 2 milions d&#8217;euros, que ara no es podr\u00e0 justificar en temps i forma.<\/p>\n<p>Davant d&#8217;aquesta evident manca de capacitat de gesti\u00f3 de l&#8217;equip de govern de l&#8217;Ajuntament de S\u00f3ller, (amb Miquel Nadal del PP com a batle, en coalici\u00f3 amb Seny) Jaume Mateu ha anunciat la petici\u00f3 de celebraci\u00f3 d&#8217;un ple extraordinari de l&#8217;Ajuntament, &#8220;per que tots els sollerics puguem con\u00e8ixer realment qu\u00e8 ha passat amb les obres de Ses Escol\u00e0pies, i \u00e9s molt evident que davant d&#8217;aquest frac\u00e0s de gesti\u00f3 alg\u00fa haur\u00e0 d&#8217;assumir-ne la responsabilitat&#8221;.<\/p>\n<p>Mateu ha recordat que en la present legislatura l&#8217;equip de govern de S\u00f3ller disposa de 5 dedicacions exclusives, per\u00f2 &#8220;estem davant d&#8217;un pacte que no funciona i que no demostra cap capacitat de gesti\u00f3&#8221;.<\/p>\n<p>El projecte de reforma de l&#8217;edifici municipal de Ses Escol\u00e0pies es va gestar durant la passada legislatura, tamb\u00e9 amb el mateix color pol\u00edtic a l&#8217;equip de govern. La seva aturada en sec demostra, pel portaveu socialista, que &#8220;aquest equip de govern no serveix per dur endavant les obres que S\u00f3ller necessita fer&#8221;.<\/p>\n[\/vc_column_text][\/vc_column][\/vc_row]\n<\/div>","protected":false},"excerpt":{"rendered":"<p>[vc_row][vc_column][vc_single_image image=&#8221;28280&#8243; img_size=&#8221;full&#8221; alignment=&#8221;center&#8221;][\/vc_column][\/vc_row][vc_row][vc_column][vc_column_text]El portaveu socialista a S\u00f3ller, Jaume Mateu es declara &#8220;indignat&#8221; despr\u00e9s de con\u00e8ixer la paralitzaci\u00f3 definitiva de les obres de reforma que es duien a terme a l&#8217;edifici municipal de Ses Escol\u00e0pies. Els socialistes van denunciar al ple de fa 15 dies la par\u00e0lisi de les obres, per\u00f2 aleshores el regidor responsable&hellip;<\/p>\n","protected":false},"author":3,"featured_media":28280,"comment_status":"closed","ping_status":"open","sticky":false,"template":"","format":"standard","meta":{"footnotes":""},"categories":[89,2,1,90,92],"tags":[95,105,186],"class_list":["post-28279","post","type-post","status-publish","format-standard","has-post-thumbnail","hentry","category-consell-de-mallorca","category-federacio-de-mallorca","category-federacio-de-mallorca-portada","category-municipis","category-portada","tag-agrupacio-socialista-de-soller","tag-catalina-cladera","tag-jaume-mateu"],"_links":{"self":[{"href":"https:\/\/www.psib-psoe.org\/mallorca\/wp-json\/wp\/v2\/posts\/28279"}],"collection":[{"href":"https:\/\/www.psib-psoe.org\/mallorca\/wp-json\/wp\/v2\/posts"}],"about":[{"href":"https:\/\/www.psib-psoe.org\/mallorca\/wp-json\/wp\/v2\/types\/post"}],"author":[{"embeddable":true,"href":"https:\/\/www.psib-psoe.org\/mallorca\/wp-json\/wp\/v2\/users\/3"}],"replies":[{"embeddable":true,"href":"https:\/\/www.psib-psoe.org\/mallorca\/wp-json\/wp\/v2\/comments?post=28279"}],"version-history":[{"count":0,"href":"https:\/\/www.psib-psoe.org\/mallorca\/wp-json\/wp\/v2\/posts\/28279\/revisions"}],"wp:featuredmedia":[{"embeddable":true,"href":"https:\/\/www.psib-psoe.org\/mallorca\/wp-json\/wp\/v2\/media\/28280"}],"wp:attachment":[{"href":"https:\/\/www.psib-psoe.org\/mallorca\/wp-json\/wp\/v2\/media?parent=28279"}],"wp:term":[{"taxonomy":"category","embeddable":true,"href":"https:\/\/www.psib-psoe.org\/mallorca\/wp-json\/wp\/v2\/categories?post=28279"},{"taxonomy":"post_tag","embeddable":true,"href":"https:\/\/www.psib-psoe.org\/mallorca\/wp-json\/wp\/v2\/tags?post=28279"}],"curies":[{"name":"wp","href":"https:\/\/api.w.org\/{rel}","templated":true}]}}