{"id":28296,"date":"2024-02-10T14:07:45","date_gmt":"2024-02-10T12:07:45","guid":{"rendered":"http:\/\/www.psib-psoe.org\/mallorca\/?p=28296"},"modified":"2024-10-14T11:40:37","modified_gmt":"2024-10-14T09:40:37","slug":"cladera-exigim-al-sr-galmes-en-persona-que-convoqui-un-ple-extraordinari-del-consell-per-explicar-la-gestio-de-la-sra-bonet-com-a-consellera-dhisenda-i-les-circumstancies-de-la-seva-dimissio-2","status":"publish","type":"post","link":"https:\/\/www.psib-psoe.org\/mallorca\/cladera-exigim-al-sr-galmes-en-persona-que-convoqui-un-ple-extraordinari-del-consell-per-explicar-la-gestio-de-la-sra-bonet-com-a-consellera-dhisenda-i-les-circumstancies-de-la-seva-dimissio-2\/","title":{"rendered":"Cladera: &#8220;exigim al sr. Galm\u00e9s en persona que convoqui un ple extraordinari del Consell per explicar la gesti\u00f3 de la sra. Bonet com a consellera d&#8217;Hisenda i les circumst\u00e0ncies de la seva dimissi\u00f3&#8221;"},"content":{"rendered":"<div class=\"wpb-content-wrapper\">[vc_row][vc_column][vc_single_image image=&#8221;28298&#8243; img_size=&#8221;full&#8221; alignment=&#8221;center&#8221;][\/vc_column][\/vc_row][vc_row][vc_column][vc_column_text]<i><u>El Grup Socialista al Consell demanar\u00e0 un ple extraordinari per que el president del Consell de Mallorca &#8220;pugui explicar a tots els mallorquins tot all\u00f2 que ha passat amb l&#8217;ex consellera Pilar Bonet. Cladera ha afirmat que &#8220;Galm\u00e8s ha mentit&#8221; en justificar ahir la dimissi\u00f3 per motius personals, quan avui s&#8217;ha sabut que es tracta d&#8217;uns fets greus que &#8220;posen en dubte tota la gesti\u00f3 de la consellera d&#8217;hisenda del Consell durant els set mesos de legislatura&#8221;<\/u><\/i>[\/vc_column_text][\/vc_column][\/vc_row][vc_row][vc_column][vc_column_text]\n<p style=\"font-weight: 400;\">Les informacions publicades avui per un mitj\u00e0 de comunicaci\u00f3 a l&#8217;entorn de la dimissi\u00f3 de l&#8217;ex-consellera d&#8217;Hisenda del Consell de Mallorca, Pilar Bonet, donen un nou caire a la situaci\u00f3 creada dins de l&#8217;executiu PPVOX de Lloren\u00e7 Galm\u00e9s. Per aquest motiu la portaveu socialista al Consell, Catalina Cladera, ha exigit aquest mat\u00ed &#8220;la convocat\u00f2ria d&#8217;un ple extraordinari de la corporaci\u00f3 per que el sr. Galm\u00e9s ens pugui explicar tot el que ha passat&#8221; en relaci\u00f3 a la ren\u00fancia de Bonet. Cladera creu que Galm\u00e9s &#8220;ha mentit als mallorquins&#8221; quan ahir en nota p\u00fablica es va atribuir la ren\u00fancia de Bonet a &#8220;circumst\u00e0ncies personals&#8221;, quan les informacions aparegudes avui apunten a un rerefons molt m\u00e9s greu relacionat amb l&#8217;activitat professional de la ja ex-consellera.<\/p>\n<p style=\"font-weight: 400;\">Per aix\u00f2 els socialistes demanen Galm\u00e9s &#8220;quina ha estat la gesti\u00f3 de Bonet durant aquests set mesos de legislatura&#8221;, per que els fets coneguts &#8220;posen en dubte aquesta gesti\u00f3&#8221;. Cladera ha recordat que els pressupostos del Consell de 2024 es van presentar desquadrats, amb ingressos i despeses que no coincidien; i tamb\u00e9 ha recordat que la conselleria d&#8217;Hisenda va ser clau en la signatura de 43 milions d&#8217;euros que s&#8217;han destinat a mantenir la tarifa dels fems de Mallorca tal i com estava. Exemples de &#8220;mala gesti\u00f3 del Consell que els socialistes hem denunciat repetidament durant aquests mesos&#8221; segons ha dit Cladera.<\/p>\n<p style=\"font-weight: 400;\">Tot aix\u00f2 q\u00fcestiona la gesti\u00f3 del sr. Galm\u00e9s al capdavant del pacte PPVOX al Consell de Mallorca. Cladera ha afirmat que &#8220;si el sr. Galm\u00e9s sabia tot aix\u00f2 que s&#8217;ha destapat avui i ho ha estat ocultant \u00e9s grav\u00edssim, i per aix\u00f2 necessitam que ens doni totes les explicacions&#8221;. Cladera considera rellevant saber &#8220;perqu\u00e8 Galm\u00e9s va nomenar Bonet, quina gesti\u00f3 ha fet al Consell, i tot el que ha passat a l&#8217;entorn de la seva sortida sobtada&#8221;.<\/p>\n<p style=\"font-weight: 400;\">Els socialistes de Llucmajor tamb\u00e9 han anunciat la petici\u00f3 d&#8217;un informe d&#8217;auditoria de l&#8217;Ajuntament de la localitat, at\u00e8s que Pilar Bonet va exercir com a regidora d&#8217;Hisenda durant els quatre anys de la passada legislatura, amb batlia del PP en mans d&#8217;\u00c8ric Jare\u00f1o.<\/p>\n<p>&nbsp;<\/p>\n<!--[if lt IE 9]><script>document.createElement('audio');<\/script><![endif]-->\n<audio class=\"wp-audio-shortcode\" id=\"audio-28296-1\" preload=\"none\" style=\"width: 100%;\" controls=\"controls\"><source type=\"audio\/mpeg\" src=\"http:\/\/www.psib-psoe.org\/mallorca\/wp-content\/uploads\/CLADERA-1.mp3?_=1\" \/><a href=\"http:\/\/www.psib-psoe.org\/mallorca\/wp-content\/uploads\/CLADERA-1.mp3\">http:\/\/www.psib-psoe.org\/mallorca\/wp-content\/uploads\/CLADERA-1.mp3<\/a><\/audio>\n<audio class=\"wp-audio-shortcode\" id=\"audio-28296-2\" preload=\"none\" style=\"width: 100%;\" controls=\"controls\"><source type=\"audio\/mpeg\" src=\"http:\/\/www.psib-psoe.org\/mallorca\/wp-content\/uploads\/CLADERA-2.mp3?_=2\" \/><a href=\"http:\/\/www.psib-psoe.org\/mallorca\/wp-content\/uploads\/CLADERA-2.mp3\">http:\/\/www.psib-psoe.org\/mallorca\/wp-content\/uploads\/CLADERA-2.mp3<\/a><\/audio>\n<audio class=\"wp-audio-shortcode\" id=\"audio-28296-3\" preload=\"none\" style=\"width: 100%;\" controls=\"controls\"><source type=\"audio\/mpeg\" src=\"http:\/\/www.psib-psoe.org\/mallorca\/wp-content\/uploads\/CLADERA-3.mp3?_=3\" \/><a href=\"http:\/\/www.psib-psoe.org\/mallorca\/wp-content\/uploads\/CLADERA-3.mp3\">http:\/\/www.psib-psoe.org\/mallorca\/wp-content\/uploads\/CLADERA-3.mp3<\/a><\/audio>\n[\/vc_column_text][\/vc_column][\/vc_row]\n<\/div>","protected":false},"excerpt":{"rendered":"<p>[vc_row][vc_column][vc_single_image image=&#8221;28298&#8243; img_size=&#8221;full&#8221; alignment=&#8221;center&#8221;][\/vc_column][\/vc_row][vc_row][vc_column][vc_column_text]El Grup Socialista al Consell demanar\u00e0 un ple extraordinari per que el president del Consell de Mallorca &#8220;pugui explicar a tots els mallorquins tot all\u00f2 que ha passat amb l&#8217;ex consellera Pilar Bonet. Cladera ha afirmat que &#8220;Galm\u00e8s ha mentit&#8221; en justificar ahir la dimissi\u00f3 per motius personals, quan avui s&#8217;ha sabut&hellip;<\/p>\n","protected":false},"author":6,"featured_media":28298,"comment_status":"closed","ping_status":"open","sticky":false,"template":"","format":"standard","meta":{"footnotes":""},"categories":[89,92],"tags":[105,83,514,84],"class_list":["post-28296","post","type-post","status-publish","format-standard","has-post-thumbnail","hentry","category-consell-de-mallorca","category-portada","tag-catalina-cladera","tag-consell-de-mallorca","tag-pilar-bonet","tag-psib-psoe"],"_links":{"self":[{"href":"https:\/\/www.psib-psoe.org\/mallorca\/wp-json\/wp\/v2\/posts\/28296"}],"collection":[{"href":"https:\/\/www.psib-psoe.org\/mallorca\/wp-json\/wp\/v2\/posts"}],"about":[{"href":"https:\/\/www.psib-psoe.org\/mallorca\/wp-json\/wp\/v2\/types\/post"}],"author":[{"embeddable":true,"href":"https:\/\/www.psib-psoe.org\/mallorca\/wp-json\/wp\/v2\/users\/6"}],"replies":[{"embeddable":true,"href":"https:\/\/www.psib-psoe.org\/mallorca\/wp-json\/wp\/v2\/comments?post=28296"}],"version-history":[{"count":0,"href":"https:\/\/www.psib-psoe.org\/mallorca\/wp-json\/wp\/v2\/posts\/28296\/revisions"}],"wp:featuredmedia":[{"embeddable":true,"href":"https:\/\/www.psib-psoe.org\/mallorca\/wp-json\/wp\/v2\/media\/28298"}],"wp:attachment":[{"href":"https:\/\/www.psib-psoe.org\/mallorca\/wp-json\/wp\/v2\/media?parent=28296"}],"wp:term":[{"taxonomy":"category","embeddable":true,"href":"https:\/\/www.psib-psoe.org\/mallorca\/wp-json\/wp\/v2\/categories?post=28296"},{"taxonomy":"post_tag","embeddable":true,"href":"https:\/\/www.psib-psoe.org\/mallorca\/wp-json\/wp\/v2\/tags?post=28296"}],"curies":[{"name":"wp","href":"https:\/\/api.w.org\/{rel}","templated":true}]}}