{"id":28311,"date":"2024-02-12T17:24:55","date_gmt":"2024-02-12T15:24:55","guid":{"rendered":"http:\/\/www.psib-psoe.org\/mallorca\/?p=28311"},"modified":"2024-10-14T11:40:37","modified_gmt":"2024-10-14T09:40:37","slug":"cladera-la-destitucio-duna-consellera-dhisenda-suposadament-implicada-en-un-cas-de-desfalc-milionari-esten-lombra-de-la-corrupcio-al-consell-de-mallorca-de-la-ma-del-pp","status":"publish","type":"post","link":"https:\/\/www.psib-psoe.org\/mallorca\/cladera-la-destitucio-duna-consellera-dhisenda-suposadament-implicada-en-un-cas-de-desfalc-milionari-esten-lombra-de-la-corrupcio-al-consell-de-mallorca-de-la-ma-del-pp\/","title":{"rendered":"Cladera: &#8220;la destituci\u00f3 d&#8217;una consellera d&#8217;Hisenda suposadament implicada en un cas de desfalc milionari est\u00e9n l&#8217;ombra de la corrupci\u00f3 al Consell de Mallorca de la ma del PP&#8221;"},"content":{"rendered":"<div class=\"wpb-content-wrapper\">[vc_row][vc_column][vc_single_image image=&#8221;28312&#8243; img_size=&#8221;full&#8221; alignment=&#8221;center&#8221;][\/vc_column][\/vc_row][vc_row][vc_column][vc_column_text]<em><u>La portaveu del Grup Socialista al Consell, Catalina Cladera, ha demanat una auditoria externa de tots els expedients i factures amb la participaci\u00f3 de l&#8217;ex-consellera Pilar Bonet, per que es pugui aclarir la gesti\u00f3 transparent dels set mesos en qu\u00e8 ha estat Consellera d&#8217;Hisenda i Funci\u00f3 P\u00fablica del Consell de Mallorca. Cladera ha titllat Galm\u00e9s de &#8220;mentider recurrent per no haver aclarit convenientment si coneixia els fets amb anterioritat a la destituci\u00f3, o al fet que es va &#8220;vestir de dimissi\u00f3 per motius personals&#8221; el que realment havia estat un cessament a inst\u00e0ncies del mateix Galm\u00e9s. <\/u><\/em>[\/vc_column_text][\/vc_column][\/vc_row][vc_row][vc_column][vc_column_text]Els socialistes del Consell de Mallorca han demanat l&#8217;enc\u00e0rrec d&#8217;una auditoria externa per poder revisar tots els expedients de la instituci\u00f3 en qu\u00e8 ha estat implicada l&#8217;ex-consellera d&#8217;Hisenda Pilar Bonet, destitu\u00efda el passat dijous, hores abans que es conegu\u00e9s de manera p\u00fablica la seva implicaci\u00f3 en un suposat cas de desfalc a l&#8217;empresa privada a on Bonet va fer feina, pr\u00e8viament a que Galm\u00e9s la nomen\u00e9s consellera a principis de la present legislatura. Catalina Cladera tamb\u00e9 ha demanat en la seva intervenci\u00f3 una &#8220;relaci\u00f3 de despeses de Pilar Bonet en els set mesos que ha estat consellera&#8221;.<\/p>\n<p>&#8220;S\u00f3n fets molt greus que una consellera d&#8217;Hisenda hagi de ser obligada a dimitir per estar implicada en un presumpte cas de desfalc milionari&#8221;, ha apuntat Cladera, uns fet que suposen que de nou &#8220;l&#8217;ombra de la corrupci\u00f3 torna a planar sobre el Consell de Mallorca, de la ma del Partit Popular&#8221;. Cladera no ha ent\u00e8s que el mateix Galm\u00e9s s&#8217;hagi negat a fer aquesta auditoria externa i s&#8217;hagi limitat a treballar amb els serveis interns del Consell de Mallorca i l&#8217;informe a posteriori de la Sindicatura de Comptes. &#8220;Amb el respecte al control intern, vost\u00e8 (en refer\u00e8ncia a Galm\u00e9s) no ha de tenir por a una auditoria externa&#8221;. Acte seguit Cladera ha preguntat Galm\u00e9s si &#8220;posaria la ma en el foc per la gesti\u00f3 de Bonet, i si en cas que surti alguna irregularitat, presentar\u00e0 la seva dimissi\u00f3 com a president&#8221;.<\/p>\n<p>Cladera ha recordat que Bonet ha estat la consellera que va presentar uns pressupostos del Consell de 2024 desquadrats a l&#8217;aprovaci\u00f3 inicial, i tamb\u00e9 ha mostrat dubtes respecte la tramitaci\u00f3 d&#8217;un expedient de 43 milions d&#8217;euros per destinar a deixar la tarifa dels fems urbans tal i com estava en 2023, un expedient &#8220;mai vist, amb un president que &#8220;ho ha avalat&#8221; i una consellera d&#8217;Hisenda \u00a0&#8220;que ho ha firmat&#8221;.<\/p>\n<p>La portaveu socialista ha q\u00fcestionat el relat dels fets al voltant de la destituci\u00f3 de Bonet que s&#8217;ha dif\u00f3s des de l&#8217;entorn del mateix Galm\u00e9s: &#8220;Bonet no va dimitir, \u00e9s vost\u00e8 qui la va fer dimitir i a m\u00e9s va ocultar els fets&#8221; que el van dur a prendre aquesta decisi\u00f3. La socialista ha instat Galm\u00e9s a aclarir si coneixia les presumptes acusacions que pesen sobre Bonet amb anterioritat.<\/p>\n<p>Cladera tamb\u00e9 ha demanat per la participaci\u00f3 de la presidenta del Govern Marga Prohens en tota la trama viscuda des del mateix dijous, a causa de la reuni\u00f3 mantinguda per dos membres del seu gabinet, i del portaveu parlamentari del PP amb Galm\u00e9s en el despatx presidencial de Palau Reial, en el decurs del ple ordinari del Consell. &#8220;Qu\u00e8 li van contar els enviats de Prohens? Li va ordenar la sra Prohens que destitu\u00eds Bonet? Prohens va dir que hauria de dimitir vost\u00e8, sr. Galm\u00e9s, si no destitu\u00efa Bonet?&#8221; Preguntes que com la resta de les plantejades pels socialistes i la resta de portaveus dels partits de l&#8217;oposici\u00f3 al Consell, han quedat sense ser respostes en la sessi\u00f3 plen\u00e0ria extraordin\u00e0ria, que va se convocada a inst\u00e0ncies de la petici\u00f3 expressada dissabte al mat\u00ed per la mateixa Catalina Cladera.<\/p>\n<p>Cladera ha lamentat en el torn de r\u00e8plica que Galm\u00e9s s&#8217;hagi tornat a &#8220;amagar&#8221;, ja que ha deixat intervenir al seu conseller de Presid\u00e8ncia, en comptes d&#8217;afrontar les respostes als portaveus de l&#8217;oposici\u00f3 de manera personal.[\/vc_column_text][\/vc_column][\/vc_row]\n<\/div>","protected":false},"excerpt":{"rendered":"<p>[vc_row][vc_column][vc_single_image image=&#8221;28312&#8243; img_size=&#8221;full&#8221; alignment=&#8221;center&#8221;][\/vc_column][\/vc_row][vc_row][vc_column][vc_column_text]La portaveu del Grup Socialista al Consell, Catalina Cladera, ha demanat una auditoria externa de tots els expedients i factures amb la participaci\u00f3 de l&#8217;ex-consellera Pilar Bonet, per que es pugui aclarir la gesti\u00f3 transparent dels set mesos en qu\u00e8 ha estat Consellera d&#8217;Hisenda i Funci\u00f3 P\u00fablica del Consell de Mallorca. Cladera&hellip;<\/p>\n","protected":false},"author":3,"featured_media":28312,"comment_status":"closed","ping_status":"open","sticky":false,"template":"","format":"standard","meta":{"footnotes":""},"categories":[89,2,1,92],"tags":[105,83,226,84],"class_list":["post-28311","post","type-post","status-publish","format-standard","has-post-thumbnail","hentry","category-consell-de-mallorca","category-federacio-de-mallorca","category-federacio-de-mallorca-portada","category-portada","tag-catalina-cladera","tag-consell-de-mallorca","tag-javier-de-juan","tag-psib-psoe"],"_links":{"self":[{"href":"https:\/\/www.psib-psoe.org\/mallorca\/wp-json\/wp\/v2\/posts\/28311"}],"collection":[{"href":"https:\/\/www.psib-psoe.org\/mallorca\/wp-json\/wp\/v2\/posts"}],"about":[{"href":"https:\/\/www.psib-psoe.org\/mallorca\/wp-json\/wp\/v2\/types\/post"}],"author":[{"embeddable":true,"href":"https:\/\/www.psib-psoe.org\/mallorca\/wp-json\/wp\/v2\/users\/3"}],"replies":[{"embeddable":true,"href":"https:\/\/www.psib-psoe.org\/mallorca\/wp-json\/wp\/v2\/comments?post=28311"}],"version-history":[{"count":0,"href":"https:\/\/www.psib-psoe.org\/mallorca\/wp-json\/wp\/v2\/posts\/28311\/revisions"}],"wp:featuredmedia":[{"embeddable":true,"href":"https:\/\/www.psib-psoe.org\/mallorca\/wp-json\/wp\/v2\/media\/28312"}],"wp:attachment":[{"href":"https:\/\/www.psib-psoe.org\/mallorca\/wp-json\/wp\/v2\/media?parent=28311"}],"wp:term":[{"taxonomy":"category","embeddable":true,"href":"https:\/\/www.psib-psoe.org\/mallorca\/wp-json\/wp\/v2\/categories?post=28311"},{"taxonomy":"post_tag","embeddable":true,"href":"https:\/\/www.psib-psoe.org\/mallorca\/wp-json\/wp\/v2\/tags?post=28311"}],"curies":[{"name":"wp","href":"https:\/\/api.w.org\/{rel}","templated":true}]}}