{"id":28320,"date":"2024-02-14T18:39:45","date_gmt":"2024-02-14T16:39:45","guid":{"rendered":"http:\/\/www.psib-psoe.org\/mallorca\/?p=28320"},"modified":"2024-10-14T11:40:37","modified_gmt":"2024-10-14T09:40:37","slug":"endavant-mostra-la-seva-preocupacio-per-lendeutament-de-lajuntament-de-ses-salines","status":"publish","type":"post","link":"https:\/\/www.psib-psoe.org\/mallorca\/endavant-mostra-la-seva-preocupacio-per-lendeutament-de-lajuntament-de-ses-salines\/","title":{"rendered":"Endavant mostra la seva preocupaci\u00f3 pel cam\u00ed a l\u2019endeutament de l\u2019Ajuntament de Ses Salines"},"content":{"rendered":"<div class=\"wpb-content-wrapper\">[vc_row][vc_column][vc_single_image image=&#8221;28321&#8243; img_size=&#8221;full&#8221; alignment=&#8221;center&#8221;][\/vc_column][\/vc_row][vc_row][vc_column][vc_column_text]<em><u>Bernat Roig: \u201cVeiem amb preocupaci\u00f3 i impot\u00e8ncia com l&#8217;Ajuntament camina cap a l&#8217;endeutament\u201d<\/u><\/em>[\/vc_column_text][\/vc_column][\/vc_row][vc_row][vc_column][vc_column_text]L\u2019agrupaci\u00f3 progressista Endavant Ses Salines i Col\u00f2nia de Sant Jordi ha mostrat la seva preocupaci\u00f3 despr\u00e9s que l\u2019Ajuntament hagi donat compte al ple de la liquidaci\u00f3 del pressupost de l&#8217;any 2023, on el resultat pressupostari de l&#8217;exercici ha estat de -687.412,59 \u20ac.<\/p>\n<p>El portaveu d\u2019Endavant, Bernat Roig, ha comentat que \u201cveiem amb preocupaci\u00f3 i impot\u00e8ncia com l&#8217;Ajuntament camina cap a l&#8217;endeutament. La xifra que ens ha presentat l\u2019Ajuntament \u00e9s alarmant\u201d.<\/p>\n<p>Roig ha afegit que \u201cdespr\u00e9s dels diferents ajustos pressupostaris, ha resultat amb un super\u00e0vit d&#8217;uns escassos 85.871,65 \u20ac, quan normalment l&#8217;Ajuntament de Ses Salines cada any solia tenir un parell de centenars de milers d&#8217;euros de super\u00e0vit. El darrer any de govern d&#8217;Endavant, per exemple, va ser d\u2019 1.300.000 \u20ac, una quantia que va permetre a l&#8217;Ajuntament amortitzar tot el deute municipal de cop\u201d.<\/p>\n<p>Segons ha afirmat Roig, aquestes xifres confirmen que l\u2019Ajuntament ha gastat per damunt de les seves possibilitats i, a m\u00e9s, ha reafirmat el que ja van denunciar quan van veure els pressuposts de 2023: que estaven pensats per gastar excessivament en clau d&#8217;any electoral.<\/p>\n<p>Des d\u2019Endavant han denunciat que l\u2019Ajuntament de Ses Salines (governat per PP, Pi i Som Coalici\u00f3), just despr\u00e9s d&#8217;haver donat compte de l&#8217;esc\u00e0s super\u00e0vit, ha aprovat un expedient de cr\u00e8dit extraordinari per factures pendents de pagar per actuacions de l&#8217;any anterior. La suma d&#8217;aquestes factures ascendeix a 352.296,72 \u20ac.<\/p>\n<p>Roig ha explicat que la xifra comentada anteriorment \u00e9s \u201cuna quantia significativa, que si li restem el super\u00e0vit amb l&#8217;ajust pressupostari incl\u00f2s, significa que el resultat pressupostari net de la seva gesti\u00f3 l&#8217;any 2023 \u00e9s de -266.425,07\u20ac. Un gesti\u00f3 clarament en negatiu\u201d.<\/p>\n<p>El portaveu d\u2019Endavant ha recordat que \u201caquests n\u00fameros vermells, procedents de l&#8217;any anterior, s&#8217;han de pagar amb cr\u00e8dit del pressupost de 2024, aprovat fa tot just un mes. Com tamb\u00e9 ja vam anunciar, els pressupostos de 2024 s\u00f3n paper banyat. Ho sab\u00edem i s&#8217;ha demostrat en tan sols un mes\u201d.<\/p>\n<p>Des d\u2019Endavant han explicat que tamb\u00e9 es veu el cam\u00ed cap a l&#8217;endeutament mitjan\u00e7ant el romanent de tresoreria, que segons ens han informat, actualment, \u00e9s de 2.458.050,20 \u20ac. Una gran difer\u00e8ncia amb la quantia que va deixar Endavant, amb 6.134.315,44 \u20ac, amb la liquidaci\u00f3 de 2018. \u00c9s a dir, en menys de 5 anys el romanent de tresoreria de l&#8217;Ajuntament ha baixat 3.676.265,24 \u20ac. \u00c9s a dir, que les arques municipals han minvat un 60% d\u2019en\u00e7\u00e0 governa el PP.<\/p>\n<p>Roig ha afegit que \u201cel m\u00e9s greu de tot plegat, \u00e9s que no s&#8217;ha vist reflectit al municipi on s&#8217;han gastat aquests m\u00e9s de 3,5 milions d&#8217;euros de tresoreria (a m\u00e9s de la suma de milions dels pressupostos anuals), at\u00e8s que la majoria d&#8217;obres han estat subvencionades per administracions supramunicipals\u201d.<\/p>\n<p>Finalment, Roig ha concl\u00f2s que \u201chem demanat al batle qu\u00e8 li semblava a ell la liquidaci\u00f3 del pressupost, i ha fet una valoraci\u00f3 positiva dient que no es podia haver fet millor. Com sempre se\u2019n riu de la gent i pensa que pot enganar a tothom\u201d.[\/vc_column_text][\/vc_column][\/vc_row]\n<\/div>","protected":false},"excerpt":{"rendered":"<p>[vc_row][vc_column][vc_single_image image=&#8221;28321&#8243; img_size=&#8221;full&#8221; alignment=&#8221;center&#8221;][\/vc_column][\/vc_row][vc_row][vc_column][vc_column_text]Bernat Roig: \u201cVeiem amb preocupaci\u00f3 i impot\u00e8ncia com l&#8217;Ajuntament camina cap a l&#8217;endeutament\u201d[\/vc_column_text][\/vc_column][\/vc_row][vc_row][vc_column][vc_column_text]L\u2019agrupaci\u00f3 progressista Endavant Ses Salines i Col\u00f2nia de Sant Jordi ha mostrat la seva preocupaci\u00f3 despr\u00e9s que l\u2019Ajuntament hagi donat compte al ple de la liquidaci\u00f3 del pressupost de l&#8217;any 2023, on el resultat pressupostari de l&#8217;exercici ha estat de&hellip;<\/p>\n","protected":false},"author":6,"featured_media":28321,"comment_status":"closed","ping_status":"open","sticky":false,"template":"","format":"standard","meta":{"footnotes":""},"categories":[90,92],"tags":[179,182,84,180],"class_list":["post-28320","post","type-post","status-publish","format-standard","has-post-thumbnail","hentry","category-municipis","category-portada","tag-bernat-roig","tag-endavant","tag-psib-psoe","tag-ses-salines"],"_links":{"self":[{"href":"https:\/\/www.psib-psoe.org\/mallorca\/wp-json\/wp\/v2\/posts\/28320"}],"collection":[{"href":"https:\/\/www.psib-psoe.org\/mallorca\/wp-json\/wp\/v2\/posts"}],"about":[{"href":"https:\/\/www.psib-psoe.org\/mallorca\/wp-json\/wp\/v2\/types\/post"}],"author":[{"embeddable":true,"href":"https:\/\/www.psib-psoe.org\/mallorca\/wp-json\/wp\/v2\/users\/6"}],"replies":[{"embeddable":true,"href":"https:\/\/www.psib-psoe.org\/mallorca\/wp-json\/wp\/v2\/comments?post=28320"}],"version-history":[{"count":0,"href":"https:\/\/www.psib-psoe.org\/mallorca\/wp-json\/wp\/v2\/posts\/28320\/revisions"}],"wp:featuredmedia":[{"embeddable":true,"href":"https:\/\/www.psib-psoe.org\/mallorca\/wp-json\/wp\/v2\/media\/28321"}],"wp:attachment":[{"href":"https:\/\/www.psib-psoe.org\/mallorca\/wp-json\/wp\/v2\/media?parent=28320"}],"wp:term":[{"taxonomy":"category","embeddable":true,"href":"https:\/\/www.psib-psoe.org\/mallorca\/wp-json\/wp\/v2\/categories?post=28320"},{"taxonomy":"post_tag","embeddable":true,"href":"https:\/\/www.psib-psoe.org\/mallorca\/wp-json\/wp\/v2\/tags?post=28320"}],"curies":[{"name":"wp","href":"https:\/\/api.w.org\/{rel}","templated":true}]}}