{"id":28324,"date":"2024-02-15T21:12:33","date_gmt":"2024-02-15T19:12:33","guid":{"rendered":"http:\/\/www.psib-psoe.org\/mallorca\/?p=28324"},"modified":"2024-10-14T11:40:37","modified_gmt":"2024-10-14T09:40:37","slug":"cladera-destaca-la-perdua-de-tot-el-credit-dels-governs-ppvox-a-mallorca-i-balears-en-nomes-set-mesos-de-legislatura-davant-el-consell-politic-de-la-fsm","status":"publish","type":"post","link":"https:\/\/www.psib-psoe.org\/mallorca\/cladera-destaca-la-perdua-de-tot-el-credit-dels-governs-ppvox-a-mallorca-i-balears-en-nomes-set-mesos-de-legislatura-davant-el-consell-politic-de-la-fsm\/","title":{"rendered":"Cladera destaca &#8220;la p\u00e8rdua de tot el cr\u00e8dit dels governs PPVOX a Mallorca i Balears en nom\u00e9s set mesos de legislatura&#8221;, davant el Consell Pol\u00edtic de la FSM"},"content":{"rendered":"<div class=\"wpb-content-wrapper\">[vc_row][vc_column][vc_single_image image=&#8221;28326&#8243; img_size=&#8221;full&#8221; alignment=&#8221;center&#8221;][\/vc_column][\/vc_row][vc_row][vc_column][vc_raw_html]JTNDaWZyYW1lJTIwc3JjJTNEJTIyaHR0cHMlM0ElMkYlMkZ3d3cuaXZvb3guY29tJTJGcGxheWVyX2VqXzEyNDM1NzgzNF82XzEuaHRtbCUzRmMxJTNEZTQwNDIyJTIyJTIwd2lkdGglM0QlMjIxMDAlMjUlMjIlMjBoZWlnaHQlM0QlMjIyMDAlMjIlMjBmcmFtZWJvcmRlciUzRCUyMjAlMjIlMjBhbGxvd2Z1bGxzY3JlZW4lM0QlMjIlMjIlMjBzY3JvbGxpbmclM0QlMjJubyUyMiUyMGxvYWRpbmclM0QlMjJsYXp5JTIyJTNFJTNDJTJGaWZyYW1lJTNF[\/vc_raw_html][\/vc_column][\/vc_row][vc_row][vc_column][vc_column_text]<i><u>El primer Consell Pol\u00edtic de la Federaci\u00f3 Socialista de Mallorca ha servit per fer una an\u00e0lisi de la situaci\u00f3 actual a les institucions de l&#8217;illa. La Secret\u00e0ria General de la FSM ha constatat un &#8220;desgovern a Balears i a Mallorca, amb Prohens i Galm\u00e9s d\u00e8bils, inestables i dominats per la voluntat de VOX&#8221;, a qui deuen les majories amb les quals governen. &#8220;Nom\u00e9s en set mesos ja han dilapidat tot el cr\u00e8dit pol\u00edtic que la ciutadania els va atorgar el 28 de maig de 2023&#8221;<\/u><\/i>[\/vc_column_text][\/vc_column][\/vc_row][vc_row][vc_column][vc_column_text]&#8221;El PP paga un alt peatge per governar amb VOX&#8221; ha dit Cladera, en refer\u00e8ncia als &#8220;recents atacs&#8221; que releguen l&#8217;\u00fas i el prestigi social de la llengua catalana a Mallorca en el camp de l&#8217;educaci\u00f3, la sanitat i l&#8217;educaci\u00f3 p\u00fabliques o en el mateix Parlament. Cladera ha refermat &#8220;alt i clar que la llengua no es toca&#8221;, sumant-se aix\u00ed a moviment de defensa de la llengua generat a l&#8217;entorn de la doc\u00e8ncia.<\/p>\n<p>En refer\u00e8ncia a la gesti\u00f3 de Galm\u00e9s al capdavant de PPVOX al Consell de Mallorca, Cladera ha lamentat &#8220;el retorn d&#8217;una ombra de corrupci\u00f3 amb el cas de la dimissi\u00f3 for\u00e7ada de la consellera Bonet&#8221;. Cladera ha apuntat que Galm\u00e9s ha for\u00e7at Bonet a deixar tots els seus c\u00e0rrecs al Consell i l&#8217;acta de consellera &#8220;sense que hi hagi cap den\u00fancia formal, en base a una informaci\u00f3 d&#8217;un presumpte desfalc a l&#8217;anterior feina de l&#8217;ex-consellera&#8221;, en una operaci\u00f3 que la secret\u00e0ria general de la FSM atribueix a la decisi\u00f3 de Prohens.<\/p>\n<p>Davant dels indicis de mala gesti\u00f3 de l&#8217;ex-consellera Bonet, ja denunciada amb motiu de la presentaci\u00f3 dels pressupostos de 2024 desquadrats, amb ingressos i despeses que no coincidien, el Grup Socialista al Consell de Mallorca ha demanat una auditoria externa que ha estat denegada per l&#8217;equip de govern PPVOX. &#8220;Qu\u00e8 ha d&#8217;amagar el sr. Galm\u00e9s de la gesti\u00f3 de set mesos de la consellera Bonet?&#8221;, ha demanat Cladera.<\/p>\n<p>La dirigent dels Socialistes de Mallorca s&#8217;ha referit a la &#8220;manca d&#8217;\u00e8tica del sr. Galm\u00e9s en la contractaci\u00f3&#8221; pels contractes menors de serveis adjudicats pel Consell de Mallorca a l&#8217;empresa de la qual en formava part qui estava a punt de ser nomenada com a directora d&#8217;IB3TV. Cladera ha anunciat la petici\u00f3 d&#8217;acc\u00e9s als dos expedients dels contractes, i a m\u00e9s tamb\u00e9 ha reiterat la convocat\u00f2ria de la Comissi\u00f3 de Transpar\u00e8ncia del Consell de Mallorca per tractar d&#8217;aclarir totes aquestes q\u00fcestions.<\/p>\n<p>Cladera s&#8217;ha referit tamb\u00e9 la den\u00fancia interposada pel Grup Socialista contra el conseller de VOX David Gil i el mateix president Lloren\u00e7 Galm\u00e9s per haver fet apologia del cop d&#8217;estat perpetrat pel General Franco en un cas, i per no haver aturat el debat i impedit que aquesta vulneraci\u00f3 de la legislaci\u00f3 auton\u00f2mica i estatal en mat\u00e8ria de Mem\u00f2ria Democr\u00e0tica form\u00e9s part de l&#8217;acta d&#8217;un ple del Consell de Mallorca.<\/p>\n<p>&#8220;Davant de tota aquesta situaci\u00f3 de desgovern i desgavell que PPVOX ha portat a Mallorca i a Balears en nom\u00e9s 7 mesos, el Partit Socialista apareix com un partit fort que genera il\u00b7lusi\u00f3 a la ciutadania, per que som al costat de la gent que el sr. Galm\u00e9s abandona&#8221;.<\/p>\n<p><strong>Propostes de resoluci\u00f3<\/strong><\/p>\n<p>El Consell Pol\u00edtic dels Socialistes de Mallorca ha aprovat quatre propostes de resoluci\u00f3. La primera de les quals es refereix precisament a la situaci\u00f3 de desgovern generada a Mallorca a causa dels darrers esdeveniments que han acabat amb la destituci\u00f3 encoberta de dimissi\u00f3 per motius personals de la consellera insular d&#8217;Hisenda, Pilar Bonet. Els socialistes condemnen els fets i exigeixen Galm\u00e9s que recuperi la dec\u00e8ncia i la transpar\u00e8ncia al Consell de Mallorca. Tamb\u00e9 hi ha hagut debat a l&#8217;entorn de la planificaci\u00f3 de renovables a Mallorca i l&#8217;aprovaci\u00f3 definitiva de l&#8217;aprovaci\u00f3 de la modificaci\u00f3 4 del Pla territorial de Mallorca, dins de l&#8217;\u00e0mbit de compet\u00e8ncies del Consell. I dues propostes presentades per les Joventuts Socialistes de Mallorca, en defensa de la llengua catalana i la cultura pr\u00f2pia de Mallorca, davant dels atacs institucionals causat per PPVOX, i tamb\u00e9 per la promoci\u00f3 de pol\u00edtiques en mat\u00e8ria de joventut.<\/p>\n<p><strong>&#8220;Recupera el futur&#8221; i Canvis a la Comissi\u00f3 Executiva de la FSM<\/strong><\/p>\n<p>Cladera ha presentat la iniciativa dels Socialistes de Balears &#8220;Recupera el futur&#8221;, que a partir de la setmana que ve comen\u00e7ar\u00e0 a rodar per Mallorca, amb els tres primers actes p\u00fablics previstos a Marratx\u00ed, Inca i Calvi\u00e0.<\/p>\n<p><strong>\u00a0<\/strong>El Consell Pol\u00edtic de la Federaci\u00f3 Socialista de Mallorca ha visat la renovaci\u00f3 d&#8217;una part de la Comissi\u00f3 Executiva, amb la incorporaci\u00f3 de Juana Maria Adrover que assumeix la Secretaria de Pol\u00edtica Insular, Bea Gamund\u00ed com a nova Secret\u00e0ria de Pol\u00edtica Municipal i Formaci\u00f3, i de Joan M\u00e9ndez, com Secretari de Dinamitzaci\u00f3 per Agrupacions Locals.[\/vc_column_text][\/vc_column][\/vc_row][vc_row][vc_column][vc_empty_space height=&#8221;50px&#8221;][vc_column_text]\n<h3 style=\"color: #e30613;\"><span class=\"bold\">Recursos addicionals<\/span><\/h3>\n[\/vc_column_text][vc_separator color=&#8221;custom&#8221; align=&#8221;align_left&#8221; border_width=&#8221;3&#8243; el_width=&#8221;10&#8243; accent_color=&#8221;#e30613&#8243;][vc_empty_space height=&#8221;50px&#8221;][vc_column_text]\n<ul>\n<li><a href=\"http:\/\/www.psib-psoe.org\/wp-content\/uploads\/20200127_JJPP-ARMENGOL.mp3\" target=\"_blank\" rel=\"noopener noreferrer\">\u00c0udio<\/a><\/li>\n<li><a href=\"http:\/\/www.psib-psoe.org\/wp-content\/uploads\/Senadors-IB-i-Can\u00e0ries.jpg\" target=\"_blank\" rel=\"noopener noreferrer\">Foto<\/a><\/li>\n<li><a href=\"http:\/\/www.psib-psoe.org\/wp-content\/uploads\/Susanna-Moll-1.pdf\" target=\"_blank\" rel=\"noopener noreferrer\">Proposici\u00f3 No de Llei<\/a><\/li>\n<\/ul>\n[\/vc_column_text][vc_empty_space height=&#8221;50px&#8221;][\/vc_column][\/vc_row]\n<\/div>","protected":false},"excerpt":{"rendered":"<p>[vc_row][vc_column][vc_single_image image=&#8221;28326&#8243; img_size=&#8221;full&#8221; alignment=&#8221;center&#8221;][\/vc_column][\/vc_row][vc_row][vc_column][vc_raw_html]JTNDaWZyYW1lJTIwc3JjJTNEJTIyaHR0cHMlM0ElMkYlMkZ3d3cuaXZvb3guY29tJTJGcGxheWVyX2VqXzEyNDM1NzgzNF82XzEuaHRtbCUzRmMxJTNEZTQwNDIyJTIyJTIwd2lkdGglM0QlMjIxMDAlMjUlMjIlMjBoZWlnaHQlM0QlMjIyMDAlMjIlMjBmcmFtZWJvcmRlciUzRCUyMjAlMjIlMjBhbGxvd2Z1bGxzY3JlZW4lM0QlMjIlMjIlMjBzY3JvbGxpbmclM0QlMjJubyUyMiUyMGxvYWRpbmclM0QlMjJsYXp5JTIyJTNFJTNDJTJGaWZyYW1lJTNF[\/vc_raw_html][\/vc_column][\/vc_row][vc_row][vc_column][vc_column_text]El primer Consell Pol\u00edtic de la Federaci\u00f3 Socialista de Mallorca ha servit per fer una an\u00e0lisi de la situaci\u00f3 actual a les institucions de l&#8217;illa. La Secret\u00e0ria General de la FSM ha constatat un &#8220;desgovern a Balears i a Mallorca, amb Prohens i Galm\u00e9s d\u00e8bils, inestables i dominats per la voluntat de&hellip;<\/p>\n","protected":false},"author":6,"featured_media":28326,"comment_status":"closed","ping_status":"open","sticky":false,"template":"","format":"standard","meta":{"footnotes":""},"categories":[2,1,92],"tags":[105,167,77,78,84],"class_list":["post-28324","post","type-post","status-publish","format-standard","has-post-thumbnail","hentry","category-federacio-de-mallorca","category-federacio-de-mallorca-portada","category-portada","tag-catalina-cladera","tag-consell-politic","tag-federacio-socialista-de-mallorca","tag-fsm","tag-psib-psoe"],"_links":{"self":[{"href":"https:\/\/www.psib-psoe.org\/mallorca\/wp-json\/wp\/v2\/posts\/28324"}],"collection":[{"href":"https:\/\/www.psib-psoe.org\/mallorca\/wp-json\/wp\/v2\/posts"}],"about":[{"href":"https:\/\/www.psib-psoe.org\/mallorca\/wp-json\/wp\/v2\/types\/post"}],"author":[{"embeddable":true,"href":"https:\/\/www.psib-psoe.org\/mallorca\/wp-json\/wp\/v2\/users\/6"}],"replies":[{"embeddable":true,"href":"https:\/\/www.psib-psoe.org\/mallorca\/wp-json\/wp\/v2\/comments?post=28324"}],"version-history":[{"count":0,"href":"https:\/\/www.psib-psoe.org\/mallorca\/wp-json\/wp\/v2\/posts\/28324\/revisions"}],"wp:featuredmedia":[{"embeddable":true,"href":"https:\/\/www.psib-psoe.org\/mallorca\/wp-json\/wp\/v2\/media\/28326"}],"wp:attachment":[{"href":"https:\/\/www.psib-psoe.org\/mallorca\/wp-json\/wp\/v2\/media?parent=28324"}],"wp:term":[{"taxonomy":"category","embeddable":true,"href":"https:\/\/www.psib-psoe.org\/mallorca\/wp-json\/wp\/v2\/categories?post=28324"},{"taxonomy":"post_tag","embeddable":true,"href":"https:\/\/www.psib-psoe.org\/mallorca\/wp-json\/wp\/v2\/tags?post=28324"}],"curies":[{"name":"wp","href":"https:\/\/api.w.org\/{rel}","templated":true}]}}