{"id":28328,"date":"2024-02-16T14:25:42","date_gmt":"2024-02-16T12:25:42","guid":{"rendered":"http:\/\/www.psib-psoe.org\/mallorca\/?p=28328"},"modified":"2024-10-14T11:40:37","modified_gmt":"2024-10-14T09:40:37","slug":"el-grup-socialista-al-consell-de-mallorca-exigeix-a-limas-lobertura-de-la-residencia-miquel-mir-dinca","status":"publish","type":"post","link":"https:\/\/www.psib-psoe.org\/mallorca\/el-grup-socialista-al-consell-de-mallorca-exigeix-a-limas-lobertura-de-la-residencia-miquel-mir-dinca\/","title":{"rendered":"El Grup Socialista al Consell de Mallorca exigeix a l\u2019IMAS l\u2019obertura de la Resid\u00e8ncia Miquel Mir d\u2019Inca"},"content":{"rendered":"<div class=\"wpb-content-wrapper\">[vc_row][vc_column][vc_single_image image=&#8221;28329&#8243; img_size=&#8221;full&#8221; alignment=&#8221;center&#8221;][\/vc_column][\/vc_row][vc_row][vc_column][vc_raw_html]JTNDaWZyYW1lJTIwc3JjJTNEJTIyaHR0cHMlM0ElMkYlMkZ3d3cuaXZvb3guY29tJTJGcGxheWVyX2VqXzEyNDM4OTYxOV82XzEuaHRtbCUzRmMxJTNEZTQwNDIyJTIyJTIwd2lkdGglM0QlMjIxMDAlMjUlMjIlMjBoZWlnaHQlM0QlMjIyMDAlMjIlMjBmcmFtZWJvcmRlciUzRCUyMjAlMjIlMjBhbGxvd2Z1bGxzY3JlZW4lM0QlMjIlMjIlMjBzY3JvbGxpbmclM0QlMjJubyUyMiUyMGxvYWRpbmclM0QlMjJsYXp5JTIyJTNFJTNDJTJGaWZyYW1lJTNF[\/vc_raw_html][\/vc_column][\/vc_row][vc_row][vc_column][vc_column_text]<i><u><span lang=\"CA\">Catalina Cladera: \u201cEl senyor Galm\u00e9s demostra, una vegada m\u00e9s, que les pol\u00edtiques socials no s\u00f3n una de les seves prioritats. Aquesta resid\u00e8ncia podria acollir 40 persones a la resid\u00e8ncia i 25 al centre de dia, per\u00f2 Galm\u00e9s i el Consell de Mallorca pensa en altres coses\u201d<\/span><\/u><\/i>[\/vc_column_text][\/vc_column][\/vc_row][vc_row][vc_column][vc_column_text]\n<p style=\"font-weight: 400;\">El Grup Socialista al Consell de Mallorca ha exigit al senyor Galm\u00e9s i a l\u2019IMAS l\u2019obertura immediata de la Resid\u00e8ncia Miquel Mir d\u2019Inca. La portaveu del Grup Socialista, Catalina Cladera, ha destacat que \u201cel senyor Galm\u00e9s demostra, una vegada m\u00e9s, que les pol\u00edtiques socials no s\u00f3n una de les seves prioritats. Aquesta resid\u00e8ncia podria acollir 40 persones a la resid\u00e8ncia i 25 al centre de dia, per\u00f2 Galm\u00e9s i el Consell de Mallorca pensa en altres coses\u201d.<\/p>\n<p style=\"font-weight: 400;\">Cladera ha explicat que les obres de remodelaci\u00f3 de l\u2019edifici on ha d\u2019estar ubicada la resid\u00e8ncia i el centre de dia van acabar el juliol de 2023 i que, ara, tan sols falta dotar-la de mobiliari i contractar el personal. Cladera ha fet inc\u00eds en qu\u00e8 \u201cal pressupost de 2024 l\u2019IMAS no ha destinat ni un sol euro pel mobiliari. Ni tampoc ha modificat la relaci\u00f3 de llocs de treball (RLLT) per incloure els i les treballadores de la resid\u00e8ncia. Aqu\u00ed queda demostrada la gesti\u00f3 del senyor Galm\u00e9s\u201d.<\/p>\n<p style=\"font-weight: 400;\">La portaveu socialista ha comentat que \u201cel PP de Galm\u00e9s es va cansar de dir que acabaria amb les llistes d\u2019espera per a resid\u00e8ncies de Gent Gran, per\u00f2 quan governa s\u2019oblida de les promeses. Una altra mentida de Galm\u00e9s. No rebaixa llistes d\u2019espera, no obre resid\u00e8ncies i no fa cap passa per assumir gesti\u00f3 de les resid\u00e8ncies municipals, com molts ajuntaments demanen\u201d.<\/p>\n<p style=\"font-weight: 400;\">Els socialistes d\u2019Inca s\u2019han sumat a la reclamaci\u00f3 del Grup Socialista al Consell de Mallorca i han reiterat la necessitat de l\u2019obertura de la Resid\u00e8ncia Miquel Mir perqu\u00e8 podr\u00e0 donar servei a 40 persones a la resid\u00e8ncia i a altres 25 al centre de dia.<\/p>\n[\/vc_column_text][\/vc_column][\/vc_row]\n<\/div>","protected":false},"excerpt":{"rendered":"<p>[vc_row][vc_column][vc_single_image image=&#8221;28329&#8243; img_size=&#8221;full&#8221; alignment=&#8221;center&#8221;][\/vc_column][\/vc_row][vc_row][vc_column][vc_raw_html]JTNDaWZyYW1lJTIwc3JjJTNEJTIyaHR0cHMlM0ElMkYlMkZ3d3cuaXZvb3guY29tJTJGcGxheWVyX2VqXzEyNDM4OTYxOV82XzEuaHRtbCUzRmMxJTNEZTQwNDIyJTIyJTIwd2lkdGglM0QlMjIxMDAlMjUlMjIlMjBoZWlnaHQlM0QlMjIyMDAlMjIlMjBmcmFtZWJvcmRlciUzRCUyMjAlMjIlMjBhbGxvd2Z1bGxzY3JlZW4lM0QlMjIlMjIlMjBzY3JvbGxpbmclM0QlMjJubyUyMiUyMGxvYWRpbmclM0QlMjJsYXp5JTIyJTNFJTNDJTJGaWZyYW1lJTNF[\/vc_raw_html][\/vc_column][\/vc_row][vc_row][vc_column][vc_column_text]Catalina Cladera: \u201cEl senyor Galm\u00e9s demostra, una vegada m\u00e9s, que les pol\u00edtiques socials no s\u00f3n una de les seves prioritats. Aquesta resid\u00e8ncia podria acollir 40 persones a la resid\u00e8ncia i 25 al centre de dia, per\u00f2 Galm\u00e9s i el Consell de Mallorca pensa en altres coses\u201d[\/vc_column_text][\/vc_column][\/vc_row][vc_row][vc_column][vc_column_text] El Grup Socialista al Consell de&hellip;<\/p>\n","protected":false},"author":6,"featured_media":28329,"comment_status":"closed","ping_status":"open","sticky":false,"template":"","format":"standard","meta":{"footnotes":""},"categories":[89,90,92],"tags":[105,246,160,515,516],"class_list":["post-28328","post","type-post","status-publish","format-standard","has-post-thumbnail","hentry","category-consell-de-mallorca","category-municipis","category-portada","tag-catalina-cladera","tag-inca","tag-mallorca","tag-miquel-mir","tag-residencia-miquel-mir"],"_links":{"self":[{"href":"https:\/\/www.psib-psoe.org\/mallorca\/wp-json\/wp\/v2\/posts\/28328"}],"collection":[{"href":"https:\/\/www.psib-psoe.org\/mallorca\/wp-json\/wp\/v2\/posts"}],"about":[{"href":"https:\/\/www.psib-psoe.org\/mallorca\/wp-json\/wp\/v2\/types\/post"}],"author":[{"embeddable":true,"href":"https:\/\/www.psib-psoe.org\/mallorca\/wp-json\/wp\/v2\/users\/6"}],"replies":[{"embeddable":true,"href":"https:\/\/www.psib-psoe.org\/mallorca\/wp-json\/wp\/v2\/comments?post=28328"}],"version-history":[{"count":0,"href":"https:\/\/www.psib-psoe.org\/mallorca\/wp-json\/wp\/v2\/posts\/28328\/revisions"}],"wp:featuredmedia":[{"embeddable":true,"href":"https:\/\/www.psib-psoe.org\/mallorca\/wp-json\/wp\/v2\/media\/28329"}],"wp:attachment":[{"href":"https:\/\/www.psib-psoe.org\/mallorca\/wp-json\/wp\/v2\/media?parent=28328"}],"wp:term":[{"taxonomy":"category","embeddable":true,"href":"https:\/\/www.psib-psoe.org\/mallorca\/wp-json\/wp\/v2\/categories?post=28328"},{"taxonomy":"post_tag","embeddable":true,"href":"https:\/\/www.psib-psoe.org\/mallorca\/wp-json\/wp\/v2\/tags?post=28328"}],"curies":[{"name":"wp","href":"https:\/\/api.w.org\/{rel}","templated":true}]}}