{"id":28338,"date":"2024-02-20T14:36:28","date_gmt":"2024-02-20T12:36:28","guid":{"rendered":"http:\/\/www.psib-psoe.org\/mallorca\/?p=28338"},"modified":"2024-10-14T11:40:37","modified_gmt":"2024-10-14T09:40:37","slug":"els-socialistes-manifesten-seriosos-dubtes-davant-la-constatacio-que-els-responsables-de-limas-no-apliquen-els-protocols-existents-sobre-menors-amb-mesura-de-tutela","status":"publish","type":"post","link":"https:\/\/www.psib-psoe.org\/mallorca\/els-socialistes-manifesten-seriosos-dubtes-davant-la-constatacio-que-els-responsables-de-limas-no-apliquen-els-protocols-existents-sobre-menors-amb-mesura-de-tutela\/","title":{"rendered":"Els socialistes manifesten &#8220;seriosos dubtes&#8221; davant la constataci\u00f3 que els responsables de l&#8217;IMAS no apliquen els protocols existents sobre menors amb mesura de tutela."},"content":{"rendered":"<div class=\"wpb-content-wrapper\">[vc_row][vc_column][vc_single_image image=&#8221;28339&#8243; img_size=&#8221;full&#8221; alignment=&#8221;center&#8221;][\/vc_column][\/vc_row][vc_row][vc_column][vc_column_text]<em><u>La consellera Sofia Alonso s&#8217;ha mostrat &#8220;preocupada&#8221; despr\u00e9s d&#8217;escoltar les explicacions del conseller de l&#8217;IMAS, Guillermo S\u00e1nchez, a un Consell Rector sobre els fets que impliquen a un menor tutelat en una violaci\u00f3 suposadament perpetrada al Parc de Ses Estacions. &#8220;S\u00e1nchez no ha aclarit res, i s&#8217;ha dedicat a tirar balons fora&#8221; \u00a0<\/u><\/em>[\/vc_column_text][\/vc_column][\/vc_row][vc_row][vc_column][vc_column_text]La implicaci\u00f3 d&#8217;un menor tutelat en un presumpte cas de violaci\u00f3, denunciat per la v\u00edctima i conegut a trav\u00e9s dels mitjans de comunicaci\u00f3 la setmana passada, ha estat l&#8217;\u00fanic punt de l&#8217;ordre del dia de la convocat\u00f2ria d&#8217;un Consell Rector de l&#8217;IMAS que s&#8217;ha celebrat aquest mat\u00ed per videoconfer\u00e8ncia. El Grup Socialista va demanar la convocat\u00f2ria urgent d&#8217;aquesta reuni\u00f3, atesa la manca d&#8217;informaci\u00f3 sobre el cas de part dels responsables de l&#8217;IMAS.<\/p>\n<p>Acabat el Consell Rector extraordinari, la consellera socialista Sofia Alonso s&#8217;ha mostrat &#8220;preocupada per les respostes vagues del conseller Guillermo S\u00e1nchez, que ha evitat entrar a fons en la q\u00fcesti\u00f3&#8221;. Alonso no ha obtingut resposta sobre si en la gesti\u00f3 de menors amb mesura de tutela &#8220;es segueixen els protocols marcats a partir de la feina que es va fer amb la Comissi\u00f3 d&#8217;Experts sobre Menors de la passada legislatura. &#8220;A partir de la formaci\u00f3 i de la figura dels referents institu\u00efts als centres, nosaltres vol\u00edem saber si es van detectar pistes sobre el comportament dels menors implicats&#8221;, ha afirmat la consellera socialista, que ha lamentat que S\u00e1nchez &#8220;no ha dit res de tot aix\u00f2&#8221;.<\/p>\n<p>Alonso ha al\u00b7ludit a la manca de transpar\u00e8ncia de l&#8217;IMAS en la gesti\u00f3 d&#8217;aquest cas, que contrasta amb la propaganda electoral de Galm\u00e9s &#8220;que es va presentar com el gran protector de la inf\u00e0ncia, i en aquest cas no l&#8217;hem sentit donar cap explicaci\u00f3&#8221;.<\/p>\n<p>Alonso ha q\u00fcestionat l&#8217;efic\u00e0cia de l&#8217;actual organigrama de l&#8217;IMAS que ha desdoblat les direccions insulars, una per inf\u00e0ncia i l&#8217;altra de fam\u00edlia, que tenen atribucions en mat\u00e8ria de menors tutelats. &#8220;Han diversificat les compet\u00e8ncies de tutela de les de gesti\u00f3 dels centres de menors, i aix\u00f2 ens est\u00e0 generant dubtes&#8221;.[\/vc_column_text][\/vc_column][\/vc_row]\n<\/div>","protected":false},"excerpt":{"rendered":"<p>[vc_row][vc_column][vc_single_image image=&#8221;28339&#8243; img_size=&#8221;full&#8221; alignment=&#8221;center&#8221;][\/vc_column][\/vc_row][vc_row][vc_column][vc_column_text]La consellera Sofia Alonso s&#8217;ha mostrat &#8220;preocupada&#8221; despr\u00e9s d&#8217;escoltar les explicacions del conseller de l&#8217;IMAS, Guillermo S\u00e1nchez, a un Consell Rector sobre els fets que impliquen a un menor tutelat en una violaci\u00f3 suposadament perpetrada al Parc de Ses Estacions. &#8220;S\u00e1nchez no ha aclarit res, i s&#8217;ha dedicat a tirar balons fora&#8221;&hellip;<\/p>\n","protected":false},"author":3,"featured_media":28339,"comment_status":"closed","ping_status":"open","sticky":false,"template":"","format":"standard","meta":{"footnotes":""},"categories":[89,2,1,90,92],"tags":[134,84,296],"class_list":["post-28338","post","type-post","status-publish","format-standard","has-post-thumbnail","hentry","category-consell-de-mallorca","category-federacio-de-mallorca","category-federacio-de-mallorca-portada","category-municipis","category-portada","tag-imas","tag-psib-psoe","tag-sofia-alonso"],"_links":{"self":[{"href":"https:\/\/www.psib-psoe.org\/mallorca\/wp-json\/wp\/v2\/posts\/28338"}],"collection":[{"href":"https:\/\/www.psib-psoe.org\/mallorca\/wp-json\/wp\/v2\/posts"}],"about":[{"href":"https:\/\/www.psib-psoe.org\/mallorca\/wp-json\/wp\/v2\/types\/post"}],"author":[{"embeddable":true,"href":"https:\/\/www.psib-psoe.org\/mallorca\/wp-json\/wp\/v2\/users\/3"}],"replies":[{"embeddable":true,"href":"https:\/\/www.psib-psoe.org\/mallorca\/wp-json\/wp\/v2\/comments?post=28338"}],"version-history":[{"count":0,"href":"https:\/\/www.psib-psoe.org\/mallorca\/wp-json\/wp\/v2\/posts\/28338\/revisions"}],"wp:featuredmedia":[{"embeddable":true,"href":"https:\/\/www.psib-psoe.org\/mallorca\/wp-json\/wp\/v2\/media\/28339"}],"wp:attachment":[{"href":"https:\/\/www.psib-psoe.org\/mallorca\/wp-json\/wp\/v2\/media?parent=28338"}],"wp:term":[{"taxonomy":"category","embeddable":true,"href":"https:\/\/www.psib-psoe.org\/mallorca\/wp-json\/wp\/v2\/categories?post=28338"},{"taxonomy":"post_tag","embeddable":true,"href":"https:\/\/www.psib-psoe.org\/mallorca\/wp-json\/wp\/v2\/tags?post=28338"}],"curies":[{"name":"wp","href":"https:\/\/api.w.org\/{rel}","templated":true}]}}