{"id":28342,"date":"2024-02-22T11:36:30","date_gmt":"2024-02-22T09:36:30","guid":{"rendered":"http:\/\/www.psib-psoe.org\/mallorca\/?p=28342"},"modified":"2024-10-14T11:40:36","modified_gmt":"2024-10-14T09:40:36","slug":"els-socialistes-de-mallorca-enceten-a-marratxi-el-primer-acte-de-recupera-el-futur","status":"publish","type":"post","link":"https:\/\/www.psib-psoe.org\/mallorca\/els-socialistes-de-mallorca-enceten-a-marratxi-el-primer-acte-de-recupera-el-futur\/","title":{"rendered":"Els Socialistes de Mallorca enceten a Marratx\u00ed el primer acte de &#8220;Recupera el futur&#8221;"},"content":{"rendered":"<div class=\"wpb-content-wrapper\">[vc_row][vc_column][vc_single_image image=&#8221;28343&#8243; img_size=&#8221;full&#8221; alignment=&#8221;center&#8221;][\/vc_column][\/vc_row][vc_row][vc_column][vc_column_text]<em><u>&#8220;Recupera el futur&#8221; permet fer balan\u00e7 dels primers 8 mesos del governs de la dreta i l&#8217;extrema dreta a les principals institucions, i posar en valor la feina dels Socialistes per seguir lluitant per evitar les pol\u00edtiques de regressi\u00f3 de PPVOX. El primer acte del cicle s&#8217;ha fet a Marratx\u00ed, amb la pres\u00e8ncia de la Secret\u00e0ria General de la FSM, Catalina Cladera el portaveu adjunt del Grup Socialista al Parlament, Marc Pons, i el portaveu del Grup Municipal Socialista a Marratx\u00ed, Miquel Cabot. <\/u><\/em>[\/vc_column_text][\/vc_column][\/vc_row][vc_row][vc_column][vc_column_text]&#8221;PPVOX est\u00e0 malbaratant l&#8217;her\u00e8ncia de vuit anys de governs socialistes a Balears i a Mallorca&#8221;. Aix\u00ed ha resumit Catalina Cladera l&#8217;inici de la legislatura en la que PPVOX han pactat els govern de les principals institucions. El PP destrueix tot el que hem avan\u00e7at com a societat en els darrers 8 anys a Mallorca. ha afirmat la socialista, que ha destacat la &#8220;p\u00e8rdua de tota capacitat de di\u00e0leg social&#8221;, que va ser la base del consens de moltes de les decisions preses pels governs d&#8217;esquerres a la passada legislatura.<\/p>\n<p>Cladera ha citat com a model de govern de la dreta la insolidaritat que suposa &#8220;les baixades selectives d&#8217;impostos que nom\u00e9s beneficien a uns quants&#8221;, malgrat la propaganda , i demostren un &#8220;d\u00e8ficit alarmant de gesti\u00f3&#8221; a les institucions que governen.<\/p>\n<p>Un dels problemes que m\u00e9s afecten els projectes de vida de les persones \u00e9s el de la manca habitatge tant de compra com de lloguer. Davant d&#8217;aix\u00f2 el projecte de la dreta gira l&#8217;esquena a les pol\u00edtiques de foment de l&#8217;habitatge social. &#8220;Hem passat d\u2019un model d\u2019habitatge per a tots, com a be d\u2019inter\u00e8s p\u00fablic a un model d\u2019habitatge nom\u00e9s per a qui se\u2019l pugui pagar&#8221;. Cladera ha recordat &#8220;el gran error que ha suposat el decret d\u2019habitatge Prohens, que ha estat rebutjat per ajuntaments i sector immobiliari.<\/p>\n<p>Cladera tamb\u00e9 ha alertat de la gesti\u00f3 deficit\u00e0ria dels serveis socials per que la prioritat de PPVOX no s\u00f3n les persones. &#8220;Venien a salvar les llistes d\u2019espera de gent gran per una pla\u00e7a de resid\u00e8ncia. No han fet res. Al contrari: mantenen resid\u00e8ncies acabades, tancades, com la Miquel Mir d\u2019Inca, sense dotar personal ni comprar els mobles&#8221;.<\/p>\n<p>El portaveu socialista a Marratx\u00ed tamb\u00e9 ha fer balan\u00e7 dels primers 8 mesos de batlia del pacte PPVOX a Marratx\u00ed. Miquel Cabot ha destacat que durant el mandat anterior, &#8220;per primera vegada la gent va comen\u00e7ar a creure que Marratx\u00ed existia com a un municipi, mes enll\u00e0 de cada nucli. Vam fer un projecte il\u00b7lusionant, com sa Refinadora, que ha acabat a zero. Ten\u00edem el projecte per dur el plat\u00f3 de cine m\u00e9s gran d&#8217;Espanya i tamb\u00e9 ho hem perdut&#8221;. Els molesta parlar de cultura, i d&#8217;igualtat, per que ara al 8 de mar\u00e7 no faran cap activitat de conscienciaci\u00f3 per joves&#8221;.<\/p>\n<p>&#8220;Hem passat de ser un ajuntament que funciona, a passar a ser una ag\u00e8ncia de <em>m\u00e0rketing<\/em> que fa fotos al batle, sense cap capacitat de gesti\u00f3. Cabot acusa l&#8217;actual govern municipal de Marratx\u00ed, d&#8217;aturar un ajuntament que estava totalment en marxa. &#8220;Fins i tot ens han canviat el color corporatiu per posar el blau que tant representa al PP&#8221;.<\/p>\n<p>&#8220;La gent al 28M ens va votar en massa, per que creia en el nostre projecte. Per tota aquesta gent hem de fer \u00e9s mantenir la seva il\u00b7lusi\u00f3 i la confian\u00e7a, fent feina, presentant mocions, i denunciant tot el que s&#8217;est\u00e0 deixant perdre a Marratx\u00ed&#8221;, ha dit Cabot.<\/p>\n<p>&#8220;8 anys de governs de Francina Armengol ha representat un bot endavant en molts d&#8217;aspectes, per fer passes endavant per entendre aquesta societat complexa que som&#8221;, ha comen\u00e7at dient Marc Pons en la seva intervenci\u00f3. El portaveu adjunt socialista al Parlament afirma que la feina d&#8217;oposici\u00f3 s&#8217;afronta des de la &#8220;feina ben feta de la passada legislatura, malgrat els resultats electorals&#8221;. Per Pons la gran dificultat de la legislatura \u00e9s afrontar l&#8217;oposici\u00f3 &#8220;davant d&#8217;un PP que s&#8217;ha radicalitzat amb l&#8217;ideari de VOX&#8221;.<\/p>\n<p>La p\u00e8rdua del valor dels serveis p\u00fablics que s&#8217;ha marcat la dreta en el poder, \u00e9s un dels punts que caracteritzen el govern Prohens, amb l&#8217;exemple de la gratu\u00eftat del transport p\u00fablic que s&#8217;ha &#8220;mantingut per l&#8217;impuls del Govern S\u00e1nchez, a pesar de PPVOX que ja tenia previst tornar a fer caixa a costa de les butxaques dels usuaris&#8221;.<\/p>\n<p>L&#8217;habitatge i les pol\u00edtiques de la dreta suposen un nou exemple de la ren\u00fancia del govern del PP a Balears en impulsar all\u00f2 que \u00e9s de tots. Amb una aturada a la pol\u00edtica de foment de l&#8217;habitatge social que es va fer durant els darrers vuit anys. &#8220;Nosaltres ho seguim denunciant&#8221;, ha afirmat Pons que s&#8217;ha mostrat &#8220;conven\u00e7ut que o seguim defensant la socialdemocr\u00e0cia o aix\u00f2 es convertir\u00e0 en una jungla, i els socialistes ho seguirem batallant&#8221;.<\/p>\n<p>Marratx\u00ed ha viscut la primera de les aturades de la iniciativa socialista &#8220;Recupera el futur&#8221;, que aquest vespre tindr\u00e0 el segon dels seus actes programats a Inca.[\/vc_column_text][\/vc_column][\/vc_row]\n<\/div>","protected":false},"excerpt":{"rendered":"<p>[vc_row][vc_column][vc_single_image image=&#8221;28343&#8243; img_size=&#8221;full&#8221; alignment=&#8221;center&#8221;][\/vc_column][\/vc_row][vc_row][vc_column][vc_column_text]&#8220;Recupera el futur&#8221; permet fer balan\u00e7 dels primers 8 mesos del governs de la dreta i l&#8217;extrema dreta a les principals institucions, i posar en valor la feina dels Socialistes per seguir lluitant per evitar les pol\u00edtiques de regressi\u00f3 de PPVOX. El primer acte del cicle s&#8217;ha fet a Marratx\u00ed, amb la&hellip;<\/p>\n","protected":false},"author":3,"featured_media":28343,"comment_status":"closed","ping_status":"open","sticky":false,"template":"","format":"standard","meta":{"footnotes":""},"categories":[89,2,1,90,92],"tags":[414,105,83,518,100,501,84,519],"class_list":["post-28342","post","type-post","status-publish","format-standard","has-post-thumbnail","hentry","category-consell-de-mallorca","category-federacio-de-mallorca","category-federacio-de-mallorca-portada","category-municipis","category-portada","tag-agrupacio-socialista-marratxi","tag-catalina-cladera","tag-consell-de-mallorca","tag-marc-pons","tag-miquel-cabot","tag-parlament","tag-psib-psoe","tag-recupera-el-futur"],"_links":{"self":[{"href":"https:\/\/www.psib-psoe.org\/mallorca\/wp-json\/wp\/v2\/posts\/28342"}],"collection":[{"href":"https:\/\/www.psib-psoe.org\/mallorca\/wp-json\/wp\/v2\/posts"}],"about":[{"href":"https:\/\/www.psib-psoe.org\/mallorca\/wp-json\/wp\/v2\/types\/post"}],"author":[{"embeddable":true,"href":"https:\/\/www.psib-psoe.org\/mallorca\/wp-json\/wp\/v2\/users\/3"}],"replies":[{"embeddable":true,"href":"https:\/\/www.psib-psoe.org\/mallorca\/wp-json\/wp\/v2\/comments?post=28342"}],"version-history":[{"count":0,"href":"https:\/\/www.psib-psoe.org\/mallorca\/wp-json\/wp\/v2\/posts\/28342\/revisions"}],"wp:featuredmedia":[{"embeddable":true,"href":"https:\/\/www.psib-psoe.org\/mallorca\/wp-json\/wp\/v2\/media\/28343"}],"wp:attachment":[{"href":"https:\/\/www.psib-psoe.org\/mallorca\/wp-json\/wp\/v2\/media?parent=28342"}],"wp:term":[{"taxonomy":"category","embeddable":true,"href":"https:\/\/www.psib-psoe.org\/mallorca\/wp-json\/wp\/v2\/categories?post=28342"},{"taxonomy":"post_tag","embeddable":true,"href":"https:\/\/www.psib-psoe.org\/mallorca\/wp-json\/wp\/v2\/tags?post=28342"}],"curies":[{"name":"wp","href":"https:\/\/api.w.org\/{rel}","templated":true}]}}