{"id":28345,"date":"2024-02-23T11:21:03","date_gmt":"2024-02-23T09:21:03","guid":{"rendered":"http:\/\/www.psib-psoe.org\/mallorca\/?p=28345"},"modified":"2024-10-14T11:40:36","modified_gmt":"2024-10-14T09:40:36","slug":"el-psib-psoe-celebra-a-inca-la-segona-jornada-de-la-campanya-recupera-el-futur","status":"publish","type":"post","link":"https:\/\/www.psib-psoe.org\/mallorca\/el-psib-psoe-celebra-a-inca-la-segona-jornada-de-la-campanya-recupera-el-futur\/","title":{"rendered":"El PSIB-PSOE celebra a Inca la segona jornada de la campanya \u2018Recupera el Futur\u2019"},"content":{"rendered":"<div class=\"wpb-content-wrapper\">[vc_row][vc_column][vc_single_image image=&#8221;28349&#8243; img_size=&#8221;full&#8221; alignment=&#8221;center&#8221;][\/vc_column][\/vc_row][vc_row][vc_column][vc_column_text]<em><u>Iago Negueruela, Catalina Cladera i Virgilio Moreno han conversat amb ve\u00efnats i ve\u00efnades d\u2019Inca per explicar la tasca del partit socialista i els retrocessos al govern balear i al Consell de Mallorca amb governs de PPVOX<\/u><\/em>[\/vc_column_text][\/vc_column][\/vc_row][vc_row][vc_column][vc_column_text]El Partit Socialista ha celebrat a Inca la segona jornada de la campanya \u2018Recupera el Futur\u2019 amb el batle de la ciutat, Virgilio Moreno, la portaveu del Grup Socialista al Consell de Mallorca, Catalina Cladera i el portaveu del Grup Parlamentari Socialista, Iago Negueruela.<\/p>\n<p>El batle d\u2019Inca i secretari general dels Socialistes d\u2019Inca, Virgilio Moreno, ha encetat la jornada destacant la tasca del PSIB-PSOE al capdavant de l\u2019Ajuntament d\u2019Inca. \u201cDes de l\u2019Ajuntament feim feina per la gent, \u00e9s la nostra forma de fer pol\u00edtica\u201d ha declarat Moreno.<\/p>\n<p>Moreno ha afegit que \u201caqu\u00ed a Inca tenim la sort de comptar molta gent a darrera, molts de militants i simpatitzants que, amb les seves aportacions, ens ajuden a cr\u00e9ixer i a dur a terme les nostres pol\u00edtiques. Aix\u00f2 \u00e9s el que feim des del partit socialista, saber escoltar i que la gent es senti escoltada\u201d.<\/p>\n<p>Per \u00faltim, Moreno ha agra\u00eft a tots els inquers i inqueres que s\u2019han acostat a la recent inaugurada Casa del Poble (nova seu dels Socialistes d\u2019Inca). \u201cEls socialistes tenim la Casa del Poble precisament per aix\u00f2, per crear debat i escoltar a la ciutadania\u201d.<\/p>\n<p>El portaveu del Grup Parlamentari Socialista, Iago Negueruela ha comentat que el Partit Socialista t\u00e9 \u201cfor\u00e7a\u201d i segueix treballant pel b\u00e9 de la ciutadania. Negueruela ho ha exemplificat amb la Llei del Taxi, la primera llei aprovada aquesta legislatura al Parlament fruit d\u2019una iniciativa del PSIB-PSOE.<\/p>\n<p>Negueruela ha afegit que el PSIB-PSOE, sigui al govern o a l\u2019oposici\u00f3, pensa i fa les coses en positiu, pensant en el b\u00e9 de la societat. \u201cQuan el partit socialista governa, ho fa pensant amb tothom, no nom\u00e9s en uns pocs. En nom\u00e9s 8 mesos, ja estam notant tots els retrocessos del govern de Marga Prohens supeditada a VOX, en mat\u00e8ria de llengua, per exemple\u201d.<\/p>\n<p>Durant l\u2019espai de participaci\u00f3 \u2018Recupera el Futur\u2019 el p\u00fablic ha volgut demanar sobre la pol\u00e8mica del contracte per la compra de mascaretes durant la pand\u00e8mia. Negueruela ha defensat la gesti\u00f3 del partit socialista on l\u2019objectiu va ser salvar vides i salvar l\u2019economia de les Illes. Tamb\u00e9 ha fet valdre la \u201ctranspar\u00e8ncia\u201d que ha tingut el partit amb aquest tema. Negueruela ha explicat a tots els presents com van succeir els fets. Tamb\u00e9 ha defensat la gesti\u00f3 de Patricia G\u00f3mez (present a l\u2019acte) com a consellera de salut durant la pand\u00e8mia.<\/p>\n<p>Per la seva banda, la portaveu del Grup Socialista al Consell de Mallorca, Catalina Cladera ha fet inc\u00eds en qu\u00e8 \u201cPP i VOX representen retroc\u00e9s, aix\u00ed ho estam veient al Consell de Mallorca. Aix\u00ed ho veiem en mat\u00e8ria d\u2019igualtat, mediambient o mat\u00e8ria social\u201d.<\/p>\n<p>Cladera ha explicat que PP i VOX \u201cmalbaraten l\u2019her\u00e8ncia rebuda\u201d, posant d\u2019exemple la resid\u00e8ncia Miquel Mir d\u2019Inca. Una resid\u00e8ncia que pot acollir 40 persones a la resid\u00e8ncia i 25 al centre de dia, per\u00f2 que el senyor Galm\u00e9s mant\u00e9 tancada amb l\u2019obra de remodelaci\u00f3 acabada el juliol de 2023 i que tan sols falta dotar-la de mobiliari i contractar el personal.<\/p>\n<p>Finalment, Cladera ha exposat la seva \u201cpreocupaci\u00f3\u201d amb les pol\u00edtiques mediambientals que es duen a terme al Consell de Mallorca. Una \u00e0rea gestionada per Pedro Bestard (un negacionista del canvi clim\u00e0tic). \u201cMallorca \u00e9s una illa amb els recursos limitats, per aix\u00f2 s\u00f3n tan importants les pol\u00edtiques mediambientals\u201d ha concl\u00f2s Cladera.<\/p>\n<p>Marratx\u00ed i Inca han estat les dues primeres aturades de la campanya \u2018Recupera el Futur\u2019. La pr\u00f2xima setmana, els i les socialistes aniran fins a Calvi\u00e0 per crear aquest espai de debat entre els ve\u00efnats i ve\u00efnades.[\/vc_column_text][\/vc_column][\/vc_row]\n<\/div>","protected":false},"excerpt":{"rendered":"<p>[vc_row][vc_column][vc_single_image image=&#8221;28349&#8243; img_size=&#8221;full&#8221; alignment=&#8221;center&#8221;][\/vc_column][\/vc_row][vc_row][vc_column][vc_column_text]Iago Negueruela, Catalina Cladera i Virgilio Moreno han conversat amb ve\u00efnats i ve\u00efnades d\u2019Inca per explicar la tasca del partit socialista i els retrocessos al govern balear i al Consell de Mallorca amb governs de PPVOX[\/vc_column_text][\/vc_column][\/vc_row][vc_row][vc_column][vc_column_text]El Partit Socialista ha celebrat a Inca la segona jornada de la campanya \u2018Recupera el Futur\u2019 amb&hellip;<\/p>\n","protected":false},"author":6,"featured_media":28349,"comment_status":"closed","ping_status":"open","sticky":false,"template":"","format":"standard","meta":{"footnotes":""},"categories":[2,1,92],"tags":[105,468,246,84,519,329],"class_list":["post-28345","post","type-post","status-publish","format-standard","has-post-thumbnail","hentry","category-federacio-de-mallorca","category-federacio-de-mallorca-portada","category-portada","tag-catalina-cladera","tag-iago-negueruela","tag-inca","tag-psib-psoe","tag-recupera-el-futur","tag-virgilio-moreno"],"_links":{"self":[{"href":"https:\/\/www.psib-psoe.org\/mallorca\/wp-json\/wp\/v2\/posts\/28345"}],"collection":[{"href":"https:\/\/www.psib-psoe.org\/mallorca\/wp-json\/wp\/v2\/posts"}],"about":[{"href":"https:\/\/www.psib-psoe.org\/mallorca\/wp-json\/wp\/v2\/types\/post"}],"author":[{"embeddable":true,"href":"https:\/\/www.psib-psoe.org\/mallorca\/wp-json\/wp\/v2\/users\/6"}],"replies":[{"embeddable":true,"href":"https:\/\/www.psib-psoe.org\/mallorca\/wp-json\/wp\/v2\/comments?post=28345"}],"version-history":[{"count":0,"href":"https:\/\/www.psib-psoe.org\/mallorca\/wp-json\/wp\/v2\/posts\/28345\/revisions"}],"wp:featuredmedia":[{"embeddable":true,"href":"https:\/\/www.psib-psoe.org\/mallorca\/wp-json\/wp\/v2\/media\/28349"}],"wp:attachment":[{"href":"https:\/\/www.psib-psoe.org\/mallorca\/wp-json\/wp\/v2\/media?parent=28345"}],"wp:term":[{"taxonomy":"category","embeddable":true,"href":"https:\/\/www.psib-psoe.org\/mallorca\/wp-json\/wp\/v2\/categories?post=28345"},{"taxonomy":"post_tag","embeddable":true,"href":"https:\/\/www.psib-psoe.org\/mallorca\/wp-json\/wp\/v2\/tags?post=28345"}],"curies":[{"name":"wp","href":"https:\/\/api.w.org\/{rel}","templated":true}]}}