{"id":28351,"date":"2024-02-23T12:51:47","date_gmt":"2024-02-23T10:51:47","guid":{"rendered":"http:\/\/www.psib-psoe.org\/mallorca\/?p=28351"},"modified":"2024-10-14T11:40:36","modified_gmt":"2024-10-14T09:40:36","slug":"endavant-denuncia-la-falta-de-transparencia-de-lajuntament-de-ses-salines-a-lhora-de-presentar-informes-sensibles","status":"publish","type":"post","link":"https:\/\/www.psib-psoe.org\/mallorca\/endavant-denuncia-la-falta-de-transparencia-de-lajuntament-de-ses-salines-a-lhora-de-presentar-informes-sensibles\/","title":{"rendered":"Endavant denuncia la falta de transpar\u00e8ncia de l\u2019Ajuntament de Ses Salines a l\u2019hora de presentar informes sensibles"},"content":{"rendered":"<div class=\"wpb-content-wrapper\">[vc_row][vc_column][vc_single_image image=&#8221;28352&#8243; img_size=&#8221;full&#8221; alignment=&#8221;center&#8221;][\/vc_column][\/vc_row][vc_row][vc_column][vc_column_text]<em><u>L\u2019agrupaci\u00f3 progressista Endavant fa un any que demana reiteradament sol\u00b7licituds de c\u00f2pia d&#8217;uns informes per fiscalitzar l&#8217;activitat de l&#8217;equip de govern, at\u00e8s que ja havien trobat indicis d&#8217;irregularitats en la contractaci\u00f3 en anteriors informes. El consistori encara no ha enviat els citats informes a l\u2019agrupaci\u00f3<\/u><\/em>[\/vc_column_text][\/vc_column][\/vc_row][vc_row][vc_column][vc_column_text]L\u2019agrupaci\u00f3 progressista Endavant denuncia que l\u2019Ajuntament de Ses Salines encara no els ha enviat els informes d&#8217;intervenci\u00f3 que porten sol\u00b7licitant c\u00f2pia, repetidament per escrit, des de fa un any. L&#8217;objectiu d\u2019Endavant \u00e9s fiscalitzar possibles irregularitats en la contractaci\u00f3 a l&#8217;Ajuntament de Ses Salines, mitjan\u00e7ant uns informes d&#8217;intervenci\u00f3 municipal, anomenats col\u00b7loquialment \u2018reparos\u2019.<\/p>\n<p>El portaveu d\u2019Endavant, Bernat Roig, ha declarat que \u201cfa un any, arran d&#8217;uns informes, vam detectar possibles irregularitats en contractacions. Poc despr\u00e9s vam sol\u00b7licitar m\u00e9s informes d&#8217;intervenci\u00f3 per continuar investigant. En concret, vam sol\u00b7licitar que se&#8217;ns remetessin tots els informes de \u2018reparos\u2019 (informes d&#8217;objecci\u00f3 de l&#8217;omissi\u00f3 de la funci\u00f3 interventora), per\u00f2 un any despr\u00e9s, i a pesar d&#8217;haver reiterat la demanda per escrit en diverses ocasions, encara no ens han passat la informaci\u00f3\u201d.<\/p>\n<p>Segons ha comentat Roig, \u201cdes d\u2019Endavant pensem que l&#8217;equip de govern podria ocultar informaci\u00f3 delicada sobre la seva gesti\u00f3. Arribem a aquesta conclusi\u00f3 despr\u00e9s de veure, any rere any des que governa el PP, que els informes d&#8217;objecci\u00f3 de la funci\u00f3 interventora s&#8217;han disparat, arribant de mitjana anual a diversos informes contraris per mes. Com a oposici\u00f3 tenim el dret i el deure de revisar aquesta documentaci\u00f3\u201d.<\/p>\n<p>Roig ha afegit que \u201cdes d\u2019Endavant hem sol\u00b7licitat aquesta informaci\u00f3 en diverses ocasions al llarg del darrer any. La primera va ser el mar\u00e7 del 2023 i les darreres sol\u00b7licituds s\u00f3n dels mesos de gener i febrer de 2024. Encara no hem rebut la informaci\u00f3 sol\u00b7licitada\u201d.<\/p>\n<p>Per altra banda, des d\u2019Endavant han explicat que hi ha m\u00e9s informaci\u00f3 que s&#8217;ha sol\u00b7licitat i de la qual no s&#8217;ha donat resposta. L&#8217;altre cas \u00e9s sobre l&#8217;estat d&#8217;execuci\u00f3 dels pressupostos en data de juny de 2023, just despr\u00e9s del canvi de legislatura. \u201cV\u00e0rem fer aquesta petici\u00f3 perqu\u00e8 est\u00e0vem conven\u00e7uts que l&#8217;equip de govern ja havia eixugat gran part del pressupost municipal per beneficiar-se&#8217;n electoralment. Vol\u00edem comprovar-ho per nosaltres mateixos, per\u00f2 les sospites se&#8217;ns han refor\u00e7at despr\u00e9s de veure la gesti\u00f3 en nombres negatius de l&#8217;any 2023. No ajuda el fet que tampoc ens hagin volgut passar aquesta informaci\u00f3 el dia d&#8217;avui\u201d han assenyalat des d\u2019Endavant.<\/p>\n<p>El portaveu d\u2019Endavant ha concl\u00f2s que \u201ctot plegat no \u00e9s m\u00e9s que una revelaci\u00f3 de la falta de transpar\u00e8ncia i de l&#8217;obscurantisme de l&#8217;equip de govern, a m\u00e9s de l&#8217;\u00fas partidista que fan de l&#8217;administraci\u00f3 p\u00fablica. El fet de no compartir aquesta informaci\u00f3 demostra que no es senten segurs ni orgullosos d&#8217;ensenyar obertament la seva gesti\u00f3, a pesar de les not\u00edcies d&#8217;autobombo, ja que centren els seus esfor\u00e7os a tapar errades pr\u00f2pies i en obstaculitzar els drets de l&#8217;oposici\u00f3 a tenir acc\u00e9s a la informaci\u00f3\u201d.[\/vc_column_text][\/vc_column][\/vc_row]\n<\/div>","protected":false},"excerpt":{"rendered":"<p>[vc_row][vc_column][vc_single_image image=&#8221;28352&#8243; img_size=&#8221;full&#8221; alignment=&#8221;center&#8221;][\/vc_column][\/vc_row][vc_row][vc_column][vc_column_text]L\u2019agrupaci\u00f3 progressista Endavant fa un any que demana reiteradament sol\u00b7licituds de c\u00f2pia d&#8217;uns informes per fiscalitzar l&#8217;activitat de l&#8217;equip de govern, at\u00e8s que ja havien trobat indicis d&#8217;irregularitats en la contractaci\u00f3 en anteriors informes. El consistori encara no ha enviat els citats informes a l\u2019agrupaci\u00f3[\/vc_column_text][\/vc_column][\/vc_row][vc_row][vc_column][vc_column_text]L\u2019agrupaci\u00f3 progressista Endavant denuncia que l\u2019Ajuntament de Ses&hellip;<\/p>\n","protected":false},"author":6,"featured_media":28352,"comment_status":"closed","ping_status":"open","sticky":false,"template":"","format":"standard","meta":{"footnotes":""},"categories":[90,92],"tags":[179,182,84,180],"class_list":["post-28351","post","type-post","status-publish","format-standard","has-post-thumbnail","hentry","category-municipis","category-portada","tag-bernat-roig","tag-endavant","tag-psib-psoe","tag-ses-salines"],"_links":{"self":[{"href":"https:\/\/www.psib-psoe.org\/mallorca\/wp-json\/wp\/v2\/posts\/28351"}],"collection":[{"href":"https:\/\/www.psib-psoe.org\/mallorca\/wp-json\/wp\/v2\/posts"}],"about":[{"href":"https:\/\/www.psib-psoe.org\/mallorca\/wp-json\/wp\/v2\/types\/post"}],"author":[{"embeddable":true,"href":"https:\/\/www.psib-psoe.org\/mallorca\/wp-json\/wp\/v2\/users\/6"}],"replies":[{"embeddable":true,"href":"https:\/\/www.psib-psoe.org\/mallorca\/wp-json\/wp\/v2\/comments?post=28351"}],"version-history":[{"count":0,"href":"https:\/\/www.psib-psoe.org\/mallorca\/wp-json\/wp\/v2\/posts\/28351\/revisions"}],"wp:featuredmedia":[{"embeddable":true,"href":"https:\/\/www.psib-psoe.org\/mallorca\/wp-json\/wp\/v2\/media\/28352"}],"wp:attachment":[{"href":"https:\/\/www.psib-psoe.org\/mallorca\/wp-json\/wp\/v2\/media?parent=28351"}],"wp:term":[{"taxonomy":"category","embeddable":true,"href":"https:\/\/www.psib-psoe.org\/mallorca\/wp-json\/wp\/v2\/categories?post=28351"},{"taxonomy":"post_tag","embeddable":true,"href":"https:\/\/www.psib-psoe.org\/mallorca\/wp-json\/wp\/v2\/tags?post=28351"}],"curies":[{"name":"wp","href":"https:\/\/api.w.org\/{rel}","templated":true}]}}