{"id":28365,"date":"2024-02-28T21:09:39","date_gmt":"2024-02-28T19:09:39","guid":{"rendered":"http:\/\/www.psib-psoe.org\/mallorca\/?p=28365"},"modified":"2024-10-14T11:40:36","modified_gmt":"2024-10-14T09:40:36","slug":"els-socialistes-de-llucmajor-denuncien-que-lajuntament-ha-pagat-el-50-de-les-seves-factures-de-lany-2023-de-forma-irregular","status":"publish","type":"post","link":"https:\/\/www.psib-psoe.org\/mallorca\/els-socialistes-de-llucmajor-denuncien-que-lajuntament-ha-pagat-el-50-de-les-seves-factures-de-lany-2023-de-forma-irregular\/","title":{"rendered":"Els socialistes de Llucmajor denuncien que l\u2019Ajuntament ha pagat el 50% de les seves factures de l\u2019any 2023 de forma irregular"},"content":{"rendered":"<div class=\"wpb-content-wrapper\">[vc_row][vc_column][vc_single_image image=&#8221;28366&#8243; img_size=&#8221;full&#8221; alignment=&#8221;center&#8221;][\/vc_column][\/vc_row][vc_row][vc_column][vc_column_text]<em><u>El ple de l\u2019Ajuntament de Llucmajor ha aprovat per unanimitat una iniciativa encap\u00e7alada pel Partit Socialista per fer una auditoria externa a l\u2019etapa on Pilar Bonet fou regidora d\u2019Hisenda a l \u2018Ajuntament (2019-2023)<\/u><\/em>[\/vc_column_text][\/vc_column][\/vc_row][vc_row][vc_column][vc_column_text]Els socialistes de Llucmajor han denunciat que el 50% de les factures que es van pagar l\u2019any 2023 a l\u2019Ajuntament van ser de forma irregular. Aix\u00f2 coincideix amb l\u2019\u00e8poca on Pilar Bonet va ser regidora d\u2019Hisenda al consistori. Bonet est\u00e0 acusada d\u2019un presumpte desfalc milionari en una empresa privada.<\/p>\n<p>La reclamaci\u00f3 dels socialistes de Llucmajor arriba despr\u00e9s que s\u2019hagi presentat la liquidaci\u00f3 de l\u2019any 2023 de l\u2019Ajuntament. El portaveu de l\u2019Agrupaci\u00f3 Socialista municipal, Jaume Oliver ha declarat que \u201cl\u2019Ajuntament de Llucmajor va pagar l\u2019any 2023 una de cada dues factures de forma irregular. M\u00e9s de 7,5 milions d\u2019euros en m\u00e9s de 3000 factures han estat pagades sense contracte o en contracte verbal, totes elles amb omissi\u00f3 de comissi\u00f3 interventora, \u00e9s a dir, sense un control\u201d.<\/p>\n<p>Oliver ha valorat positivament que l\u2019Ajuntament de Llucmajor hagi aprovat per unanimitat la iniciativa socialista per fer una auditoria externa i, d\u2019aquesta forma, fiscalitzar tots els moviments de Pilar Bonet com a regidora d\u2019Hisenda a l\u2019Ajuntament de Llucmajor entre els anys 2019-2023.<\/p>\n<p>Per la seva banda, el portaveu adjunt del Grup Socialista al Consell de Mallorca, Javier de Juan ha mostrat el seu suport al Grup Municipal en la seva iniciativa i ha reclamat al president del Consell de Mallorca, Lloren\u00e7 Galm\u00e9s, tamb\u00e9 aprovi una auditoria externa a la instituci\u00f3 insular.<\/p>\n<p>De Juan ha denunciat \u201cl\u2019obscurantisme\u201d que el senyor Galm\u00e9s est\u00e0 demostrant amb el Cas Bonet. \u201cDes del Grup Socialista al Consell de Mallorca hem demanat una auditoria externa i que convoqui una comissi\u00f3 de transpar\u00e8ncia. De moment, tot aix\u00f2 se\u2019ns ha negat. Aix\u00f2 \u00e9s una prova clara de l\u2019obscurantisme del senyor Galm\u00e9s\u201d ha concl\u00f2s de Juan.[\/vc_column_text][\/vc_column][\/vc_row]\n<\/div>","protected":false},"excerpt":{"rendered":"<p>[vc_row][vc_column][vc_single_image image=&#8221;28366&#8243; img_size=&#8221;full&#8221; alignment=&#8221;center&#8221;][\/vc_column][\/vc_row][vc_row][vc_column][vc_column_text]El ple de l\u2019Ajuntament de Llucmajor ha aprovat per unanimitat una iniciativa encap\u00e7alada pel Partit Socialista per fer una auditoria externa a l\u2019etapa on Pilar Bonet fou regidora d\u2019Hisenda a l \u2018Ajuntament (2019-2023)[\/vc_column_text][\/vc_column][\/vc_row][vc_row][vc_column][vc_column_text]Els socialistes de Llucmajor han denunciat que el 50% de les factures que es van pagar l\u2019any 2023 a l\u2019Ajuntament&hellip;<\/p>\n","protected":false},"author":6,"featured_media":28366,"comment_status":"closed","ping_status":"open","sticky":false,"template":"","format":"standard","meta":{"footnotes":""},"categories":[89,90,92],"tags":[234,226,98,84],"class_list":["post-28365","post","type-post","status-publish","format-standard","has-post-thumbnail","hentry","category-consell-de-mallorca","category-municipis","category-portada","tag-jaume-oliver","tag-javier-de-juan","tag-llucmajor","tag-psib-psoe"],"_links":{"self":[{"href":"https:\/\/www.psib-psoe.org\/mallorca\/wp-json\/wp\/v2\/posts\/28365"}],"collection":[{"href":"https:\/\/www.psib-psoe.org\/mallorca\/wp-json\/wp\/v2\/posts"}],"about":[{"href":"https:\/\/www.psib-psoe.org\/mallorca\/wp-json\/wp\/v2\/types\/post"}],"author":[{"embeddable":true,"href":"https:\/\/www.psib-psoe.org\/mallorca\/wp-json\/wp\/v2\/users\/6"}],"replies":[{"embeddable":true,"href":"https:\/\/www.psib-psoe.org\/mallorca\/wp-json\/wp\/v2\/comments?post=28365"}],"version-history":[{"count":0,"href":"https:\/\/www.psib-psoe.org\/mallorca\/wp-json\/wp\/v2\/posts\/28365\/revisions"}],"wp:featuredmedia":[{"embeddable":true,"href":"https:\/\/www.psib-psoe.org\/mallorca\/wp-json\/wp\/v2\/media\/28366"}],"wp:attachment":[{"href":"https:\/\/www.psib-psoe.org\/mallorca\/wp-json\/wp\/v2\/media?parent=28365"}],"wp:term":[{"taxonomy":"category","embeddable":true,"href":"https:\/\/www.psib-psoe.org\/mallorca\/wp-json\/wp\/v2\/categories?post=28365"},{"taxonomy":"post_tag","embeddable":true,"href":"https:\/\/www.psib-psoe.org\/mallorca\/wp-json\/wp\/v2\/tags?post=28365"}],"curies":[{"name":"wp","href":"https:\/\/api.w.org\/{rel}","templated":true}]}}