{"id":28383,"date":"2024-03-09T17:44:19","date_gmt":"2024-03-09T15:44:19","guid":{"rendered":"http:\/\/www.psib-psoe.org\/mallorca\/?p=28383"},"modified":"2024-10-14T11:40:36","modified_gmt":"2024-10-14T09:40:36","slug":"lactivista-feminista-antonia-matamalas-i-la-politica-lupe-pulido-distingides-amb-el-premi-maria-plaza-dels-socialistes-de-mallorca","status":"publish","type":"post","link":"https:\/\/www.psib-psoe.org\/mallorca\/lactivista-feminista-antonia-matamalas-i-la-politica-lupe-pulido-distingides-amb-el-premi-maria-plaza-dels-socialistes-de-mallorca\/","title":{"rendered":"L&#8217;activista feminista Ant\u00f2nia Matamalas i la pol\u00edtica Lupe Pulido, distingides amb el Premi Maria Plaza dels Socialistes de Mallorca"},"content":{"rendered":"<div class=\"wpb-content-wrapper\">[vc_row][vc_column][vc_single_image image=&#8221;28384&#8243; img_size=&#8221;full&#8221; alignment=&#8221;center&#8221;][\/vc_column][\/vc_row][vc_row][vc_column][vc_column_text]<em><u>Dins dels actes de reivindicaci\u00f3 del 8M, els Socialistes de Mallorca han atorgat les distincions Maria Plaza, que enguany ha arribat a la seva 23ena edici\u00f3. Els guardons han distingit la traject\u00f2ria de dues dones recentment desaparegudes, Antonia Matamalas i Prohens, ha rebut el Premi Maria Plaza, mentre que Lupe Pulido i Rom\u00e1n ha rebut la Menci\u00f3 d&#8217;Honor. L&#8217;acte, celebrat a Sa Pobla, ha comptat amb la pres\u00e8ncia de les secret\u00e0ries generals de la localitat, de Mallorca i de Balears, Xisca Mir, Catalina Cladera i Francina Armengol, respectivament.<\/u><\/em>[\/vc_column_text][\/vc_column][\/vc_row][vc_row][vc_column][vc_column_text]Una sala de sa Congregaci\u00f3 de Sa Pobla plena fins a dalt, ha estat el marc escollit per a la celebraci\u00f3 de l&#8217;acte de lliurament dels 23ens. Premis Maria Plaza, que els Socialistes de Mallorca atorguen per distingir la traject\u00f2ria de persones destacades en l&#8217;\u00e0mbit de la lluita feminista i el progressisme. Enguany el Premi Maria Plaza ha reconegut el llegat vital de n&#8217;Ant\u00f2nia Matamalas, activista feminista de Manacor.<\/p>\n<p>Fundadora del Col\u00b7lectiu Dones pel Llevant ha estat un referent en la lluita pels valors feministes i la igualtat a Mallorca, com a impulsora de nombroses iniciatives de dinamitzaci\u00f3 social i divulgaci\u00f3, aix\u00ed com la defensa dels drets de les dones i la condemna de la viol\u00e8ncia masclista. La secret\u00e0ria general de la FSM, El guard\u00f3 l&#8217;han recollit que han recollit Rafa Valverde, el company de la guardonada, i Francisca Mas, activista del Col\u00b7lectiu Dones del Llevant, i que fou la primera directora de l&#8217;Institut Balear de la Dona.<\/p>\n<p>La Menci\u00f3 d&#8217;Honor ha recaigut en la figura de la pol\u00edtica socialista Lupe Pulido. El jurat del premi ha reconegut la seva traject\u00f2ria s\u00f2lida i coherent com a integrant del govern municipal de Palma a principis de segle, que va representar la consolidaci\u00f3 de la pres\u00e8ncia de les dones a c\u00e0rrecs executius de les institucions, just en el moment en qu\u00e8 Balears va ser pioner en la implantaci\u00f3 de llistes &#8220;cremallera&#8221; que facilitaven l&#8217;acc\u00e9s igualitari d&#8217;homes i dones a les llistes electorals. Pulido desenvolup\u00e0 c\u00e0rrecs de responsabilitat dins el Govern de les Illes Balears fins el passat 2023. La parella de Lupe Pulido, Joan Peric\u00e0s, ha agra\u00eft la distinci\u00f3.<\/p>\n<p>En el torn d&#8217;intervencions, Cladera ha glossat la figura de Matamalas i de Pulido, de qui ha dit que &#8220;han estat un exemple per a totes les dones&#8221;. La dirigent socialista ha instat a la const\u00e0ncia i la for\u00e7a de les Socialistes dins de l&#8217;esfera pol\u00edtica en favor de la igualtat: &#8220;nosaltres no ens aturarem mai de fer feina per seguir defensant el feminisme, tant des dels governs com des de l&#8217;oposici\u00f3&#8221;.<\/p>\n<p>Cladera ha denunciat &#8220;la involuci\u00f3 i el retroc\u00e9s en les pol\u00edtiques socials de PPVOX a Mallorca, reflectits en la manca d&#8217;unitat davant de les reivindicacions feministes: &#8220;des del moment que un soci del Govern no va a un minut de silenci, que no participen a un 8M, o que no permet fer una declaraci\u00f3 institucional, aix\u00f2 \u00e9s involuci\u00f3&#8221;. La portaveu socialista al Consell ha instat a seguir fent feina per la igualtat, &#8220;queda molt per fer, per ser iguals. Ara vivim un par\u00e8ntesi, un mal son, per\u00f2 el superarem&#8221;, per seguir fent pol\u00edtiques actives en favor de la igualtat.<\/p>\n<p>La secret\u00e0ria general del PSIB, Francina Armengol ha tancat l&#8217;acte destacant els\u00a023 anys dels Maria Plaza i les figures inspiradores de les guardonades. En aquest sentit ha refermat la vig\u00e8ncia del llegat de Matamalas i Pulido per donar sentit a &#8220;la lluita feminista que val la pena, que \u00a0no defallirem mai, que sempre cal defensar en el cam\u00ed de la igualtat de les dones, per tot el cam\u00ed que ens queda per rec\u00f3rrer i que recorrerem juntes&#8221;. Armengol s&#8217;ha referit a aquest comprom\u00eds feminista en el mirall d&#8217;una traject\u00f2ria en qu\u00e8 &#8220;Espanya \u00e9s un referent en pol\u00edtiques d&#8217;igualtat a tota Europa, i ho som gr\u00e0cies a governs socialistes. Hem de seguir empenyent&#8221;, ha insistit la presidenta del Congr\u00e9s.<\/p>\n<p>Armengol ha criticat &#8220;l&#8217;acceptaci\u00f3 de la ideologia m\u00e9s ultra de tot el m\u00f3n que fa el PP&#8221;, contra la qual els Socialistes &#8220;hem de posar peu en paret i dir basta.No suporten que governem, que canviem vida persones a millor. V\u00e0rem n\u00e9ixer per defensar igualtat, just\u00edcia social, llibertat. S&#8217;ha acabat voler destruir la feina de les dones i dels homes que treballem per la igualtat&#8221;, ha advertit la socialista. \u00a0Per aix\u00f2 Armengol ha invocat a la &#8220;defensa dels valors socialistes amb m\u00e9s for\u00e7a de mai, amb dones empoderades, que no deixem de lluitar mai per all\u00f2 que som i mereixem. Som el 50% de la poblaci\u00f3. Sense nosaltres no hi ha ni democr\u00e0cia ni llibertat que valgui la pena&#8221;.<\/p>\n<p>La secret\u00e0ria general de l&#8217;Agrupaci\u00f3 Socialista de Sa Pobla, Xesca Mir ha obert l&#8217;acte, i ha donat la benvinguda als presents a un auditori que ha omplert Sa Congregaci\u00f3. La secret\u00e0ria d&#8217;Igualtat, Nati Franc\u00e9s, per la seva banda, ha destacat la p\u00e8rdua de pes de la pres\u00e8ncia del feminisme dins de l&#8217;escola pel canvi pol\u00edtica que ha dut PPVOX a les principals institucions. Un fet que obliga als Socialistes de Mallorca a &#8220;plantar cara&#8221; a trav\u00e9s de la feina a l&#8217;oposici\u00f3, amb la &#8220;llavor&#8221; que ens deixen les figures de Matamalas i Pulido.<\/p>\n<p>L&#8217;acte ha estat organitzat per la Federaci\u00f3 Socialista de Mallorca i per les Joventuts Socialistes de Mallorca, i s&#8217;ha celebrat davant de m\u00e9s de 200 persones que han omplert la sala d&#8217;actes de Sa Congregaci\u00f3.[\/vc_column_text][\/vc_column][\/vc_row]\n<\/div>","protected":false},"excerpt":{"rendered":"<p>[vc_row][vc_column][vc_single_image image=&#8221;28384&#8243; img_size=&#8221;full&#8221; alignment=&#8221;center&#8221;][\/vc_column][\/vc_row][vc_row][vc_column][vc_column_text]Dins dels actes de reivindicaci\u00f3 del 8M, els Socialistes de Mallorca han atorgat les distincions Maria Plaza, que enguany ha arribat a la seva 23ena edici\u00f3. Els guardons han distingit la traject\u00f2ria de dues dones recentment desaparegudes, Antonia Matamalas i Prohens, ha rebut el Premi Maria Plaza, mentre que Lupe Pulido i&hellip;<\/p>\n","protected":false},"author":3,"featured_media":28384,"comment_status":"closed","ping_status":"open","sticky":false,"template":"","format":"standard","meta":{"footnotes":""},"categories":[2,1,92],"tags":[105,315,316,313,84,524],"class_list":["post-28383","post","type-post","status-publish","format-standard","has-post-thumbnail","hentry","category-federacio-de-mallorca","category-federacio-de-mallorca-portada","category-portada","tag-catalina-cladera","tag-francina-armengol","tag-nati-frances","tag-premis-maria-plaza","tag-psib-psoe","tag-xisca-mir"],"_links":{"self":[{"href":"https:\/\/www.psib-psoe.org\/mallorca\/wp-json\/wp\/v2\/posts\/28383"}],"collection":[{"href":"https:\/\/www.psib-psoe.org\/mallorca\/wp-json\/wp\/v2\/posts"}],"about":[{"href":"https:\/\/www.psib-psoe.org\/mallorca\/wp-json\/wp\/v2\/types\/post"}],"author":[{"embeddable":true,"href":"https:\/\/www.psib-psoe.org\/mallorca\/wp-json\/wp\/v2\/users\/3"}],"replies":[{"embeddable":true,"href":"https:\/\/www.psib-psoe.org\/mallorca\/wp-json\/wp\/v2\/comments?post=28383"}],"version-history":[{"count":0,"href":"https:\/\/www.psib-psoe.org\/mallorca\/wp-json\/wp\/v2\/posts\/28383\/revisions"}],"wp:featuredmedia":[{"embeddable":true,"href":"https:\/\/www.psib-psoe.org\/mallorca\/wp-json\/wp\/v2\/media\/28384"}],"wp:attachment":[{"href":"https:\/\/www.psib-psoe.org\/mallorca\/wp-json\/wp\/v2\/media?parent=28383"}],"wp:term":[{"taxonomy":"category","embeddable":true,"href":"https:\/\/www.psib-psoe.org\/mallorca\/wp-json\/wp\/v2\/categories?post=28383"},{"taxonomy":"post_tag","embeddable":true,"href":"https:\/\/www.psib-psoe.org\/mallorca\/wp-json\/wp\/v2\/tags?post=28383"}],"curies":[{"name":"wp","href":"https:\/\/api.w.org\/{rel}","templated":true}]}}