{"id":28396,"date":"2024-03-12T19:03:47","date_gmt":"2024-03-12T17:03:47","guid":{"rendered":"http:\/\/www.psib-psoe.org\/mallorca\/?p=28396"},"modified":"2024-10-14T11:40:36","modified_gmt":"2024-10-14T09:40:36","slug":"la-sindicatura-de-comptes-auditara-la-gestio-de-pilar-bonet-com-a-regidora-dhisenda-de-lajuntament-de-llucmajor","status":"publish","type":"post","link":"https:\/\/www.psib-psoe.org\/mallorca\/la-sindicatura-de-comptes-auditara-la-gestio-de-pilar-bonet-com-a-regidora-dhisenda-de-lajuntament-de-llucmajor\/","title":{"rendered":"La Sindicatura de Comptes auditar\u00e0 la gesti\u00f3 de Pilar Bonet com a regidora d&#8217;Hisenda de l&#8217;Ajuntament de Llucmajor."},"content":{"rendered":"<div class=\"wpb-content-wrapper\">[vc_row][vc_column][vc_single_image image=&#8221;28397&#8243; img_size=&#8221;full&#8221; alignment=&#8221;center&#8221;][\/vc_column][\/vc_row][vc_row][vc_column][vc_column_text]<em><u>El Grup Socialista al Parlament ha fet prosperar una Proposici\u00f3 no de Llei per instar a la Sindicatura de Comptes a qu\u00e8 auditi els comptes de l&#8217;Ajuntament de Llucmajor entre 2019 i 2022. La PNL, defensada pel diputat Lloren\u00e7 Pou ha estat aprovada per unanimitat a la Comissi\u00f3 d&#8217;Hisenda, se suma a la iniciativa de control financer aprovada fa uns dies a l&#8217;Ajuntament de Llucmajor, tamb\u00e9 a iniciativa del grup Socialista, per contractar una auditoria externa per analitzar la gesti\u00f3 de la regidora d&#8217;Hisenda, Pilar Bonet, sobre la qual pesa una den\u00fancia de presumpte desfalc per part d&#8217;una empresa privada que va motivar la seva destituci\u00f3 com a consellera d&#8217;Hisenda del Consell de Mallorca el passat mes de gener.<\/u><\/em>[\/vc_column_text][\/vc_column][\/vc_row][vc_row][vc_column][vc_column_text]El Parlament de les Illes Balears instar\u00e0 a la Sindicatura de Comptes a qu\u00e8 assumeixi l&#8217;auditoria dels contractes i les gestions realitzades per la regidoria d&#8217;Hisenda de l&#8217;Ajuntament de Llucmajor entre els anys 2019 i 2022, en el temps en qu\u00e8 la responsable de l&#8217;\u00e0rea fou Pilar Bonet, recentment convidada a dimitir del c\u00e0rrec de consellera d&#8217;Hisenda del Consell de Mallorca a causa d&#8217;un suposat desfalc del qual est\u00e0 acusada per part d&#8217;una empresa privada.<\/p>\n<p>La Proposici\u00f3 no de llei socialista s&#8217;ha aprovat amb el vot favorable de tots els integrants de la Comissi\u00f3 d&#8217;Hisenda. El ponent, Lloren\u00e7 Pou, ha justificat la iniciativa davant dels &#8220;fets rellevants&#8221; que han comportat el cessament de Bonet dels seus c\u00e0rrecs al Consell de Mallorca, ja que &#8220;davant el presumpte desfalc milionari, cal revisar si l&#8217;activitat delictiva s&#8217;ha est\u00e8s a l&#8217;\u00e0mbit p\u00fablic, per fer desapar\u00e8ixer els dubtes&#8221;.<\/p>\n<p>La iniciativa aprovada al Parlament suposa que la Sindicatura de Comptes abordar\u00e0 l&#8217;auditoria d&#8217;un ajuntament com Llucmajor de manera espec\u00edfica, quan habitualment les entitats locals nom\u00e9s s\u00f3n auditades de manera aleat\u00f2ria. En canvi el Consell de Mallorca disposa d&#8217;un informe anual preceptiu de la Sindicatura de Comptes, i per tant tamb\u00e9 podr\u00e0 revisar els expedients, contractes i subvencions en els quals hagi intervingut Bonet durant els 7 mesos que ha estat com consellera insular d&#8217;Hisenda.<\/p>\n<p>Fa unes setmanes el ple de l&#8217;Ajuntament de Llucmajor ja va aprovar una iniciativa del Grup Socialista, per permetre l&#8217;auditoria externa de tota la gesti\u00f3 de Bonet, durant la legislatura passada amb \u00c8ric Jare\u00f1o com a batle del Partit Popular.<\/p>\n<p>En canvi al Consell de Mallorca, l&#8217;equip de govern PPVOX de \u00a0Galm\u00e9s s&#8217;ha negat a autoritzar aquesta mateixa auditoria externa per examinar la traject\u00f2ria de Bonet com a consellera insular d&#8217;Hisenda, malgrat les peticions formulades al respecte per la portaveu socialista a la instituci\u00f3, Catalina Cladera. &#8220;A Llucmajor i avui al Parlament el PP ha votat a favor de posar llum en la gesti\u00f3 de Bonet, per\u00f2 en canvi al Consell, Galm\u00e9s s&#8217;hi ha negat, el que fa aixecar m\u00e9s sospites sobre la gesti\u00f3 d&#8217;una consellera acusada de desfalc. Convidem Galm\u00e9s a seguir els exemples dels seus companys de partit, i acceptar la realitzaci\u00f3 d&#8217;aquesta auditoria externa sobre la gesti\u00f3 de Bonet tamb\u00e9 al Consell de Mallorca, tal i com demanem els socialistes&#8221;.[\/vc_column_text][\/vc_column][\/vc_row]\n<\/div>","protected":false},"excerpt":{"rendered":"<p>[vc_row][vc_column][vc_single_image image=&#8221;28397&#8243; img_size=&#8221;full&#8221; alignment=&#8221;center&#8221;][\/vc_column][\/vc_row][vc_row][vc_column][vc_column_text]El Grup Socialista al Parlament ha fet prosperar una Proposici\u00f3 no de Llei per instar a la Sindicatura de Comptes a qu\u00e8 auditi els comptes de l&#8217;Ajuntament de Llucmajor entre 2019 i 2022. La PNL, defensada pel diputat Lloren\u00e7 Pou ha estat aprovada per unanimitat a la Comissi\u00f3 d&#8217;Hisenda, se suma a&hellip;<\/p>\n","protected":false},"author":3,"featured_media":28397,"comment_status":"closed","ping_status":"open","sticky":false,"template":"","format":"standard","meta":{"footnotes":""},"categories":[2,1,92],"tags":[130,105,497,525,501,84],"class_list":["post-28396","post","type-post","status-publish","format-standard","has-post-thumbnail","hentry","category-federacio-de-mallorca","category-federacio-de-mallorca-portada","category-portada","tag-agrupacio-socialista-de-llucmajor","tag-catalina-cladera","tag-jaume-j-oliver","tag-llorenc-pou","tag-parlament","tag-psib-psoe"],"_links":{"self":[{"href":"https:\/\/www.psib-psoe.org\/mallorca\/wp-json\/wp\/v2\/posts\/28396"}],"collection":[{"href":"https:\/\/www.psib-psoe.org\/mallorca\/wp-json\/wp\/v2\/posts"}],"about":[{"href":"https:\/\/www.psib-psoe.org\/mallorca\/wp-json\/wp\/v2\/types\/post"}],"author":[{"embeddable":true,"href":"https:\/\/www.psib-psoe.org\/mallorca\/wp-json\/wp\/v2\/users\/3"}],"replies":[{"embeddable":true,"href":"https:\/\/www.psib-psoe.org\/mallorca\/wp-json\/wp\/v2\/comments?post=28396"}],"version-history":[{"count":0,"href":"https:\/\/www.psib-psoe.org\/mallorca\/wp-json\/wp\/v2\/posts\/28396\/revisions"}],"wp:featuredmedia":[{"embeddable":true,"href":"https:\/\/www.psib-psoe.org\/mallorca\/wp-json\/wp\/v2\/media\/28397"}],"wp:attachment":[{"href":"https:\/\/www.psib-psoe.org\/mallorca\/wp-json\/wp\/v2\/media?parent=28396"}],"wp:term":[{"taxonomy":"category","embeddable":true,"href":"https:\/\/www.psib-psoe.org\/mallorca\/wp-json\/wp\/v2\/categories?post=28396"},{"taxonomy":"post_tag","embeddable":true,"href":"https:\/\/www.psib-psoe.org\/mallorca\/wp-json\/wp\/v2\/tags?post=28396"}],"curies":[{"name":"wp","href":"https:\/\/api.w.org\/{rel}","templated":true}]}}