{"id":28400,"date":"2024-03-13T15:08:38","date_gmt":"2024-03-13T13:08:38","guid":{"rendered":"http:\/\/www.psib-psoe.org\/mallorca\/?p=28400"},"modified":"2024-10-14T11:40:35","modified_gmt":"2024-10-14T09:40:35","slug":"els-socialistes-exigeixen-galmes-que-condemni-explicitament-vox-per-fer-apologia-del-cop-destat-franquista-en-el-ple-i-que-compleixi-amb-la-llei-de-memoria-democratica","status":"publish","type":"post","link":"https:\/\/www.psib-psoe.org\/mallorca\/els-socialistes-exigeixen-galmes-que-condemni-explicitament-vox-per-fer-apologia-del-cop-destat-franquista-en-el-ple-i-que-compleixi-amb-la-llei-de-memoria-democratica\/","title":{"rendered":"Els Socialistes exigeixen Galm\u00e9s que condemni expl\u00edcitament VOX per fer apologia del cop d&#8217;Estat franquista en el ple i que compleixi amb la llei de Mem\u00f2ria Democr\u00e0tica."},"content":{"rendered":"<div class=\"wpb-content-wrapper\">[vc_row][vc_column][vc_single_image image=&#8221;28403&#8243; img_size=&#8221;full&#8221; alignment=&#8221;center&#8221;][\/vc_column][\/vc_row][vc_row][vc_column][vc_column_text]<em><u>El Grup Socialista al Consell de Mallorca tamb\u00e9 ha advertit al Govern de les Illes Balears que no admetr\u00e0 dilacions en la tramesa de la den\u00fancia que es va interposar fa un mes per la permissivitat de Galm\u00e9s amb les declaracions de VOX al ple, de car\u00e0cter marcadament colpista i contrari a la legislaci\u00f3 estatal i auton\u00f2mica de Mem\u00f2ria Democr\u00e0tica. <\/u><\/em>[\/vc_column_text][\/vc_column][\/vc_row][vc_row][vc_column][vc_column_text]La den\u00fancia que el Grup Socialista va interposar contra el conseller de VOX, David Gil, i el president del Consell, Lloren\u00e7 Galm\u00e9s, per apologia del cop d&#8217;Estat franquista del 1936 marcar\u00e0 el ple ordinari de la instituci\u00f3 insular que se celebra aquest dijous. Els socialistes han advertit al Govern que no admetran m\u00e9s demores en la instrucci\u00f3 de la dilig\u00e8ncia contra Galm\u00e9s, i el trasllat de la den\u00fancia davant de la inst\u00e0ncia competent segons la llei de Mem\u00f2ria Democr\u00e0tica de 2022.<\/p>\n<p>La portaveu socialista, Catalina Cladera ha afirmat que &#8220;encara no hem sentit Galm\u00e9s condemnar l&#8217;apologia del franquisme de VOX, i el ple de dem\u00e0 \u00e9s una bona ocasi\u00f3 per que ho faci&#8221;. El Grup Socialista defensa una moci\u00f3 en aquest sentit, per instar al Consell a que defensi la llei auton\u00f2mica de Mem\u00f2ria Democr\u00e0tica que PPVOX pret\u00e9n derogar al Parlament. &#8220;La millor condemna al franquisme que pot fer Galm\u00e9s \u00e9s precisament impedir que es derogui aquesta norma que el mateix PP va ajudar a consensuar i aprovar el 2018&#8221;.<\/p>\n<p>La portaveu socialista creu que Galm\u00e9s no afronta el ple de dem\u00e0 &#8220;en el seu millor moment&#8221;, amb un expedient en marxa per vulnerar la Mem\u00f2ria Democr\u00e0tica, i una gesti\u00f3 &#8220;que deixa molt de dubtes&#8221;, com en el cas de la destituci\u00f3 encoberta de la consellera d&#8217;Hisenda, Pilar Bonet. En refer\u00e8ncia a aquest cas, Cladera ha recordat que &#8220;Galm\u00e9s no va \u00a0donar cap explicaci\u00f3 convincent de les circumst\u00e0ncies de la destituci\u00f3, i tampoc ha donat llum verda a revisar els expedients d&#8217;Hisenda en qu\u00e8 va participar Bonet en els 7 mesos que va ser consellera executiva&#8221;.<\/p>\n<p>Ahir mateix el Parlament va acordar instar a la Sindicatura de Comptes l&#8217;auditoria dels comptes de l&#8217;Ajuntament de Llucmajor entre els anys 2019 i 2022, durant el mandat de Bonet com a regidora d&#8217;Hisenda del batle del PP \u00c8ric Jare\u00f1o. I el mateix Ajuntament ha aprovat l&#8217;enc\u00e0rrec d&#8217;una auditoria externa, a petici\u00f3 del grup municipal socialista a Llucmajor. &#8220;En canvi, al Consell, Galm\u00e9s no vol sentir parlar d&#8217;auditoria externa, i ha declinat donar transpar\u00e8ncia a l&#8217;etapa de Bonet, per que igual te por a que pugui sortir alguna cosa que el pugui comprometre&#8221;, ha dit Cladera.<\/p>\n<p>La manca de transpar\u00e8ncia de la gesti\u00f3 de Galm\u00e9s al Consell ha estat &#8220;una constant&#8221; des del moment de la seva presa de possessi\u00f3, per que &#8220;no hem pogut saber les circumst\u00e0ncies i les despeses dels seus repetits viatges i de les persones que l&#8217;acompanyen&#8221;, per que la p\u00e0gina del portal de transpar\u00e8ncia va estar quatre mesos fora de servei, i &#8220;no s&#8217;ha comen\u00e7at a omplir de manera molt parcial fins que els socialistes no han presentat preguntes i sol\u00b7licituds d&#8217;informaci\u00f3.<\/p>\n<p>Les recents informacions period\u00edstiques sobre l&#8217;estada familiar de Galm\u00e9s a Andorra han motivat &#8220;m\u00e9s inquietud&#8221; per la coincid\u00e8ncia en temps i lloc amb l&#8217;activitat subvencionada pel Consell a 61 joves que han gaudit d&#8217;unes vacances a la neu per practicar l&#8217;esqu\u00ed. El Grup Socialista tamb\u00e9 ha presentat iniciatives per aclarir aquesta circumst\u00e0ncia, que apunta directament a la honorabilitat del president del Consell.[\/vc_column_text][\/vc_column][\/vc_row]\n<\/div>","protected":false},"excerpt":{"rendered":"<p>[vc_row][vc_column][vc_single_image image=&#8221;28403&#8243; img_size=&#8221;full&#8221; alignment=&#8221;center&#8221;][\/vc_column][\/vc_row][vc_row][vc_column][vc_column_text]El Grup Socialista al Consell de Mallorca tamb\u00e9 ha advertit al Govern de les Illes Balears que no admetr\u00e0 dilacions en la tramesa de la den\u00fancia que es va interposar fa un mes per la permissivitat de Galm\u00e9s amb les declaracions de VOX al ple, de car\u00e0cter marcadament colpista i contrari a&hellip;<\/p>\n","protected":false},"author":3,"featured_media":28403,"comment_status":"closed","ping_status":"open","sticky":false,"template":"","format":"standard","meta":{"footnotes":""},"categories":[2,1,92],"tags":[105,83,84,79],"class_list":["post-28400","post","type-post","status-publish","format-standard","has-post-thumbnail","hentry","category-federacio-de-mallorca","category-federacio-de-mallorca-portada","category-portada","tag-catalina-cladera","tag-consell-de-mallorca","tag-psib-psoe","tag-socialistes-de-mallorca"],"_links":{"self":[{"href":"https:\/\/www.psib-psoe.org\/mallorca\/wp-json\/wp\/v2\/posts\/28400"}],"collection":[{"href":"https:\/\/www.psib-psoe.org\/mallorca\/wp-json\/wp\/v2\/posts"}],"about":[{"href":"https:\/\/www.psib-psoe.org\/mallorca\/wp-json\/wp\/v2\/types\/post"}],"author":[{"embeddable":true,"href":"https:\/\/www.psib-psoe.org\/mallorca\/wp-json\/wp\/v2\/users\/3"}],"replies":[{"embeddable":true,"href":"https:\/\/www.psib-psoe.org\/mallorca\/wp-json\/wp\/v2\/comments?post=28400"}],"version-history":[{"count":0,"href":"https:\/\/www.psib-psoe.org\/mallorca\/wp-json\/wp\/v2\/posts\/28400\/revisions"}],"wp:featuredmedia":[{"embeddable":true,"href":"https:\/\/www.psib-psoe.org\/mallorca\/wp-json\/wp\/v2\/media\/28403"}],"wp:attachment":[{"href":"https:\/\/www.psib-psoe.org\/mallorca\/wp-json\/wp\/v2\/media?parent=28400"}],"wp:term":[{"taxonomy":"category","embeddable":true,"href":"https:\/\/www.psib-psoe.org\/mallorca\/wp-json\/wp\/v2\/categories?post=28400"},{"taxonomy":"post_tag","embeddable":true,"href":"https:\/\/www.psib-psoe.org\/mallorca\/wp-json\/wp\/v2\/tags?post=28400"}],"curies":[{"name":"wp","href":"https:\/\/api.w.org\/{rel}","templated":true}]}}