{"id":28457,"date":"2024-04-10T14:04:20","date_gmt":"2024-04-10T12:04:20","guid":{"rendered":"http:\/\/www.psib-psoe.org\/mallorca\/?p=28457"},"modified":"2024-10-14T11:40:35","modified_gmt":"2024-10-14T09:40:35","slug":"els-projectes-que-ppvox-financa-amb-el-romanent-de-tresoreria-demostren-la-manca-de-projecte-de-galmes-per-mallorca","status":"publish","type":"post","link":"https:\/\/www.psib-psoe.org\/mallorca\/els-projectes-que-ppvox-financa-amb-el-romanent-de-tresoreria-demostren-la-manca-de-projecte-de-galmes-per-mallorca\/","title":{"rendered":"Els projectes que PPVOX finan\u00e7a amb el romanent de tresoreria demostren la manca de projecte de Galm\u00e9s per Mallorca."},"content":{"rendered":"<div class=\"wpb-content-wrapper\">[vc_row][vc_column][vc_single_image image=&#8221;28458&#8243; img_size=&#8221;full&#8221; alignment=&#8221;center&#8221;][\/vc_column][\/vc_row][vc_row][vc_column][vc_column_text]<em><u>La portaveu socialista, Catalina Cladera destaca que la majoria de projectes que impulsa PPVOX amb la incorporaci\u00f3 de romanents al pressupost 2024, com la compra de l&#8217;edifici de les Germanetes dels Pobres o les inversions en infraestructures esportives, el Pla d&#8217;obres i serveis o la millora de les conduccions d&#8217;aigua, &#8220;els v\u00e0rem arrencar els socialistes en la passada legislatura&#8221;, i demostren &#8220;la manca de projecte de Galm\u00e9s, que s&#8217;aprofita de la instituci\u00f3 en benefici propi&#8221;. <\/u><\/em>[\/vc_column_text][\/vc_column][\/vc_row][vc_row][vc_column][vc_column_text]La presentaci\u00f3 de les iniciatives que el Consell de Mallorca PPVOX finan\u00e7ar\u00e0 amb c\u00e0rrec a la incorporaci\u00f3 dels romanents de tresoreria de la instituci\u00f3 demostra &#8220;la manca absoluta de projecte del sr. Galm\u00e9s per Mallorca&#8221;, segons ha afirmat la portaveu socialista Catalina Cladera. Tant el fons com la forma de presentar aquesta modificaci\u00f3 de cr\u00e8dit \u00e9s molt deficient, tenint en compte que l&#8217;equip de govern del Consell ha informat els grups pol\u00edtics despr\u00e9s d&#8217;haver dif\u00f3s p\u00fablicament la informaci\u00f3, en una mostra de &#8220;menyspreu cap als partits de l&#8217;oposici\u00f3&#8221;. Cladera tamb\u00e9 creu que la gesti\u00f3 de la liquidaci\u00f3 del pressupost 2023 i l&#8217;aplicaci\u00f3 dels romanents al pressupost de 2024 s&#8217;ha fet de manera poc diligent, atenent que durant la legislatura passada el tr\u00e0mit es va poder acomplir un mes abans.<\/p>\n<p>Per\u00f2 all\u00f2 que realment caracteritza els projectes que el Consell PPVOX finan\u00e7ar\u00e0 amb c\u00e0rrec a la imputaci\u00f3 dels romanents \u00e9s la seva tend\u00e8ncia a &#8220;continuar els projectes que els socialistes v\u00e0rem posar en marxa durant la passada legislatura&#8221;. A mode d&#8217;exemple, Cladera ha al\u00b7ludit a la compra de l&#8217;edifici de les Germanetes dels Pobres, a Palma, ja engegada a principis de 2023, o la millora de la dotaci\u00f3 per invertir en nous espais esportius als municipis o la dotaci\u00f3 per combatre les fuites d&#8217;aigua a les canonades dels pobles. Cladera ha lamentat que tots aquests projectes no haguessin rebut un impuls amb c\u00e0rrec als romanents de 2023, amb els 43 milions d&#8217;euros que &#8220;Galm\u00e9s va decidir destinar a la tarifa dels fems l&#8217;any passat, de manera absurda&#8221;.<\/p>\n<p>Per\u00f2 m\u00e9s enll\u00e0 d&#8217;aquestes q\u00fcestions, Cladera creu que es posin doblers en projectes que es van deixar iniciats la passada legislatura demostra que &#8220;Galm\u00e9s no te projecte propi&#8221;, i que les prioritats de PPVOX &#8220;no passen per les prioritats socials que reclamen els ciutadans de Mallorca&#8221;, per que els romanents anunciats per Galm\u00e9s no posen recursos pel SAID, ni per ajudes als joves, ni per les resid\u00e8ncies de gent gran municipal, ni per fer baixar la llista d&#8217;espera de gent gran per les places residencials.<\/p>\n<p>A canvi de tot aix\u00f2, &#8220;el Consell es va tornant cada cop m\u00e9s petit, a la mesura de Galm\u00e9s&#8221;, que cada cop m\u00e9s converteix la instituci\u00f3 en &#8220;la seva plataforma personal de promoci\u00f3&#8221;, amb viatges d&#8217;ell i el seu seguici a Sant Sebasti\u00e0, Roma Brussel\u00b7les, Sevilla, Madrid, Berlin o Londres, per posar uns exemples, sense que les factures del cost s&#8217;hagin pogut publicar al portal de transpar\u00e8ncia per saber el seu cost. &#8220;Tenim un president que es passa m\u00e9s dies fora que dins de Mallorca, i aix\u00e9s \u00e9s molt dif\u00edcil que pugui gestionar res&#8221;, ha afirmat Cladera, i tot amb una evident manca de transpar\u00e8ncia.<\/p>\n<p><strong>Propostes socialistes al ple del Consell del mes d&#8217;abril.<\/strong><\/p>\n<p>Enfront d\u2019aix\u00f2 els Socialistes presenten propostes clares i realistes per als ciutadans de Mallorca, a trav\u00e9s de tres mocions al ple de dem\u00e0 dijous. \u00a0En primer terme es reclama mantenir el programa &#8220;Les Elegides&#8221;, que durant la passada legislatura va propiciar trobades entre dones pol\u00edtiques en c\u00e0rrecs electes de diversos punts del m\u00f3n, per afrontar temes de pol\u00edtica local des de l&#8217;\u00f2rbita del feminisme i la participaci\u00f3, partint de la feina del Fons de Cooperaci\u00f3 i de la FELIB.<\/p>\n<p>La segona moci\u00f3 socialista al ple de dem\u00e0 proposa apostar decididament per l&#8217;extensi\u00f3 del SAID a tota l&#8217;illa, especialment als municipis del Pla de Mallorca i a Palma, on la implantaci\u00f3 del servei d&#8217;atenci\u00f3 domicili\u00e0ria de gent gran no s&#8217;ha fet igual que a la resta de municipis. Per aix\u00f2 s&#8217;insta a l&#8217;IMAS, a la Mancomunitat del Pla i a l&#8217;Ajuntament de Palma a qu\u00e8 col\u00b7laborin per implantar\u00a0 projectes pilot del SAID en aquests indrets.<\/p>\n<p>La tercera moci\u00f3 socialista al ple proposa iniciar la revisi\u00f3 immediata de la norma insular que regula les places tur\u00edstiques de l&#8217;illa per eliminar les places disponibles que encara es poden atorgar des del Consorci Bossa d&#8217;Allotjaments Tur\u00edstics, apostar pel decreixement i el turisme de qualitat. La iniciativa insta a treballar per eradicar l&#8217;oferta d&#8217;allotjaments tur\u00edstics il\u00b7legals de manera efectiva, despr\u00e9s de 9 mesos d&#8217;inactivitat de l&#8217;equip de govern PPVOX. &#8220;No podem permetre que el sr. Galm\u00e9s esperi que la sra. Prohens li dicti com ha de gestionar una compet\u00e8ncia que \u00e9s del Consell de Mallorca com \u00e9s l&#8217;ordenaci\u00f3 tur\u00edstica, en el que suposa una nova mostra de la p\u00e8rdua de pes pol\u00edtic de la instituci\u00f3&#8221;.[\/vc_column_text][\/vc_column][\/vc_row]\n<\/div>","protected":false},"excerpt":{"rendered":"<p>[vc_row][vc_column][vc_single_image image=&#8221;28458&#8243; img_size=&#8221;full&#8221; alignment=&#8221;center&#8221;][\/vc_column][\/vc_row][vc_row][vc_column][vc_column_text]La portaveu socialista, Catalina Cladera destaca que la majoria de projectes que impulsa PPVOX amb la incorporaci\u00f3 de romanents al pressupost 2024, com la compra de l&#8217;edifici de les Germanetes dels Pobres o les inversions en infraestructures esportives, el Pla d&#8217;obres i serveis o la millora de les conduccions d&#8217;aigua, &#8220;els v\u00e0rem&hellip;<\/p>\n","protected":false},"author":3,"featured_media":28458,"comment_status":"closed","ping_status":"open","sticky":false,"template":"","format":"standard","meta":{"footnotes":""},"categories":[89,2,1,92],"tags":[343,447,105,83,226,504],"class_list":["post-28457","post","type-post","status-publish","format-standard","has-post-thumbnail","hentry","category-consell-de-mallorca","category-federacio-de-mallorca","category-federacio-de-mallorca-portada","category-portada","tag-andreu-serra","tag-bea-gamundi","tag-catalina-cladera","tag-consell-de-mallorca","tag-javier-de-juan","tag-juana-m-adrover"],"_links":{"self":[{"href":"https:\/\/www.psib-psoe.org\/mallorca\/wp-json\/wp\/v2\/posts\/28457"}],"collection":[{"href":"https:\/\/www.psib-psoe.org\/mallorca\/wp-json\/wp\/v2\/posts"}],"about":[{"href":"https:\/\/www.psib-psoe.org\/mallorca\/wp-json\/wp\/v2\/types\/post"}],"author":[{"embeddable":true,"href":"https:\/\/www.psib-psoe.org\/mallorca\/wp-json\/wp\/v2\/users\/3"}],"replies":[{"embeddable":true,"href":"https:\/\/www.psib-psoe.org\/mallorca\/wp-json\/wp\/v2\/comments?post=28457"}],"version-history":[{"count":0,"href":"https:\/\/www.psib-psoe.org\/mallorca\/wp-json\/wp\/v2\/posts\/28457\/revisions"}],"wp:featuredmedia":[{"embeddable":true,"href":"https:\/\/www.psib-psoe.org\/mallorca\/wp-json\/wp\/v2\/media\/28458"}],"wp:attachment":[{"href":"https:\/\/www.psib-psoe.org\/mallorca\/wp-json\/wp\/v2\/media?parent=28457"}],"wp:term":[{"taxonomy":"category","embeddable":true,"href":"https:\/\/www.psib-psoe.org\/mallorca\/wp-json\/wp\/v2\/categories?post=28457"},{"taxonomy":"post_tag","embeddable":true,"href":"https:\/\/www.psib-psoe.org\/mallorca\/wp-json\/wp\/v2\/tags?post=28457"}],"curies":[{"name":"wp","href":"https:\/\/api.w.org\/{rel}","templated":true}]}}