{"id":28477,"date":"2024-04-15T14:00:27","date_gmt":"2024-04-15T12:00:27","guid":{"rendered":"http:\/\/www.psib-psoe.org\/mallorca\/?p=28477"},"modified":"2024-10-14T11:40:34","modified_gmt":"2024-10-14T09:40:34","slug":"els-socialistes-de-calvia-denuncien-un-inici-de-temporada-sense-serveis-ni-seguretat-a-les-platges","status":"publish","type":"post","link":"https:\/\/www.psib-psoe.org\/mallorca\/els-socialistes-de-calvia-denuncien-un-inici-de-temporada-sense-serveis-ni-seguretat-a-les-platges\/","title":{"rendered":"Els Socialistes de Calvi\u00e0 denuncien un inici de temporada sense serveis ni seguretat a les platges"},"content":{"rendered":"<div class=\"wpb-content-wrapper\">[vc_row][vc_column][vc_single_image image=&#8221;28478&#8243; img_size=&#8221;full&#8221; alignment=&#8221;center&#8221;][\/vc_column][\/vc_row][vc_row][vc_column][vc_column_text]<em>L&#8217;equip socialista avisa d&#8217;unes concessions amb molts problemes, licitades 4 mesos trigui i amb unes condicions que van provocar un contenci\u00f3s per part d&#8217;alguns empresaris. <\/em><em>L&#8217;adjudicaci\u00f3 de Santa Pon\u00e7a i Magaluf segueix sense tancar-se<\/em>[\/vc_column_text][\/vc_column][\/vc_row][vc_row][vc_column][vc_column_text]El grup municipal socialista ha denunciat aquest dilluns que, amb la temporada tur\u00edstica ja llan\u00e7ada, les platges de Calvi\u00e0 es trobin sense serveis d&#8217;hamaques i ombrel\u00b7les, sense neteja i sense seguretat, i amb una aflu\u00e8ncia de residents i turistes ja important, sobretot en caps de setmana com aquest \u00faltim. La publicaci\u00f3 de la licitaci\u00f3 dels serveis de platges va ser ja criticada pel grup socialista, en produir-se el passat 30 de novembre, amb quatre mesos de retard sobre el que es preveu, i amb una aprovaci\u00f3 per urg\u00e8ncia que a penes va donar 24 hores a l&#8217;oposici\u00f3 socialista per a emetre opini\u00f3 o suggeriments de modificacions.<\/p>\n<p>Assenyalen tamb\u00e9 els socialistes que ja els concessionaris de les platges van interposar un contenci\u00f3s administratiu per les condicions econ\u00f2miques d&#8217;aquests plecs, que a m\u00e9s contenen algunes concessions d&#8217;activitats aqu\u00e0tiques a motor dif\u00edcilment autoritzables i en absolut convenients per a l&#8217;activitat del turisme de qualitat que s&#8217;hauria de perseguir.<\/p>\n<p>\u201cNo \u00e9s de rebut que Calvi\u00e0 no pugui oferir cap servei a les seves platges en aquestes dates, ni tan sols neteja ni seguretat, que a m\u00e9s s\u00f3n responsabilitat directa del propi Ajuntament, que en aquests plecs va assumir el servei de socorrisme. Aix\u00f2 del\u00a0Calvi\u00e0365\u00a0sembla m\u00e9s fum que projecte\u201d afirma la portaveu socialista\u00a0Nati\u00a0Franc\u00e9s.<\/p>\n<p>I \u00e9s que els socialistes posen \u00e8mfasis en el fet que amb aquesta aflu\u00e8ncia de banyistes a les nostres platges, els serveis de socorrisme que el govern municipal va reservar per al propi Ajuntament en la licitaci\u00f3 de les platges, tampoc estiguin en marxa, amb el risc que aix\u00f2 suposa.<\/p>\n<p>\u201cHem vist platges aquest cap de setmana amb gran aflu\u00e8ncia per\u00f2 sense neteja, amb serveis il\u00b7legals de massatges, per\u00f2 sense policia, amb turistes per\u00f2 sense ombrel\u00b7les, unes platges obertes per a tots, menys per al govern municipal\u201d continua la portaveu socialista.<\/p>\n<p>Assenyalen tamb\u00e9 la situaci\u00f3 preocupant de la licitaci\u00f3 de les platges de Santa\u00a0Pon\u00e7a\u00a0i\u00a0Magaluf, que encara no s&#8217;ha tancat, despr\u00e9s de renunciar els tres primers licitadors de m\u00e9s puntuaci\u00f3 a la concessi\u00f3, i estar en aquests moments en mans que l&#8217;\u00faltim dels licitadors pugui completar la documentaci\u00f3 definitiva per a ser-li adjudicat el servei. Aquesta empresa va presentar un projecte que va obtenir una puntuaci\u00f3 baix\u00edssima, i aix\u00f2 pot suposar un pitjor desenvolupament de la gesti\u00f3 dels serveis de les platges que s&#8217;atorguen.<\/p>\n<p>\u201cDeixem al juny el plec de la contractaci\u00f3 de les platges molt avan\u00e7at, previst per a publicar a la fi de juliol o a l&#8217;agost. La falta de dilig\u00e8ncia d&#8217;aquest equip de govern pot acabar pagant-se molt cara. Calvi\u00e0 mereix m\u00e9s projecte i m\u00e9s treball del seu govern\u201d conclou\u00a0Nati\u00a0Franc\u00e9s.[\/vc_column_text][\/vc_column][\/vc_row]\n<\/div>","protected":false},"excerpt":{"rendered":"<p>[vc_row][vc_column][vc_single_image image=&#8221;28478&#8243; img_size=&#8221;full&#8221; alignment=&#8221;center&#8221;][\/vc_column][\/vc_row][vc_row][vc_column][vc_column_text]L&#8217;equip socialista avisa d&#8217;unes concessions amb molts problemes, licitades 4 mesos trigui i amb unes condicions que van provocar un contenci\u00f3s per part d&#8217;alguns empresaris. L&#8217;adjudicaci\u00f3 de Santa Pon\u00e7a i Magaluf segueix sense tancar-se[\/vc_column_text][\/vc_column][\/vc_row][vc_row][vc_column][vc_column_text]El grup municipal socialista ha denunciat aquest dilluns que, amb la temporada tur\u00edstica ja llan\u00e7ada, les platges de Calvi\u00e0&hellip;<\/p>\n","protected":false},"author":6,"featured_media":28478,"comment_status":"closed","ping_status":"open","sticky":false,"template":"","format":"standard","meta":{"footnotes":""},"categories":[90,92],"tags":[107,84],"class_list":["post-28477","post","type-post","status-publish","format-standard","has-post-thumbnail","hentry","category-municipis","category-portada","tag-calvia","tag-psib-psoe"],"_links":{"self":[{"href":"https:\/\/www.psib-psoe.org\/mallorca\/wp-json\/wp\/v2\/posts\/28477"}],"collection":[{"href":"https:\/\/www.psib-psoe.org\/mallorca\/wp-json\/wp\/v2\/posts"}],"about":[{"href":"https:\/\/www.psib-psoe.org\/mallorca\/wp-json\/wp\/v2\/types\/post"}],"author":[{"embeddable":true,"href":"https:\/\/www.psib-psoe.org\/mallorca\/wp-json\/wp\/v2\/users\/6"}],"replies":[{"embeddable":true,"href":"https:\/\/www.psib-psoe.org\/mallorca\/wp-json\/wp\/v2\/comments?post=28477"}],"version-history":[{"count":0,"href":"https:\/\/www.psib-psoe.org\/mallorca\/wp-json\/wp\/v2\/posts\/28477\/revisions"}],"wp:featuredmedia":[{"embeddable":true,"href":"https:\/\/www.psib-psoe.org\/mallorca\/wp-json\/wp\/v2\/media\/28478"}],"wp:attachment":[{"href":"https:\/\/www.psib-psoe.org\/mallorca\/wp-json\/wp\/v2\/media?parent=28477"}],"wp:term":[{"taxonomy":"category","embeddable":true,"href":"https:\/\/www.psib-psoe.org\/mallorca\/wp-json\/wp\/v2\/categories?post=28477"},{"taxonomy":"post_tag","embeddable":true,"href":"https:\/\/www.psib-psoe.org\/mallorca\/wp-json\/wp\/v2\/tags?post=28477"}],"curies":[{"name":"wp","href":"https:\/\/api.w.org\/{rel}","templated":true}]}}